{"id":2318,"date":"2021-02-02T17:08:52","date_gmt":"2021-02-02T20:08:52","guid":{"rendered":"https:\/\/radiorevelacionfm.cl\/?p=2318"},"modified":"2021-02-02T19:58:23","modified_gmt":"2021-02-02T22:58:23","slug":"concejal-aravena-no-comparto-que-trabajadores-de-grupos-de-riesgo-hayan-vuelto-al-trabajo-presencial-en-cochrane","status":"publish","type":"post","link":"https:\/\/radiorevelacionfm.cl\/?p=2318","title":{"rendered":"Concejal Aravena: \u201cNo comparto que trabajadores de grupos de riesgo hayan vuelto al trabajo presencial en Cochrane\u00bb"},"content":{"rendered":"<div class=\"flex_column av_one_full  flex_column_div av-zero-column-padding first  avia-builder-el-0  el_before_av_one_full  avia-builder-el-first  \" style='border-radius:0px; '><div  class='avia-image-container  av-styling-    avia-builder-el-1  avia-builder-el-no-sibling  avia-align-center '  itemprop=\"image\" itemscope=\"itemscope\" itemtype=\"https:\/\/schema.org\/ImageObject\"  ><div class='avia-image-container-inner'><div class='avia-image-overlay-wrap'><img decoding=\"async\" class='wp-image-0 avia-img-lazy-loading-not-0 avia_image' src=\"https:\/\/radiorevelacionfm.cl\/wp-content\/uploads\/2021\/02\/cochrane-1-1.jpg\" alt='' title=''   itemprop=\"thumbnailUrl\"  \/><\/div><\/div><\/div><\/div>\n<div class=\"flex_column av_one_full  flex_column_div av-zero-column-padding first  avia-builder-el-2  el_after_av_one_full  el_before_av_one_full  column-top-margin\" style='border-radius:0px; '><section class=\"av_textblock_section \"  itemscope=\"itemscope\" itemtype=\"https:\/\/schema.org\/BlogPosting\" itemprop=\"blogPost\" ><div class='avia_textblock  '   itemprop=\"text\" ><p style=\"text-align: center;\"><span style=\"font-size: 18pt;\"><strong>Concejal Aravena: \u201cNo comparto que trabajadores de grupos de riesgo hayan vuelto al trabajo presencial en Cochrane\u00bb<\/strong><\/span><\/p>\n<div id=\"gtx-trans\" style=\"position: absolute; left: -50px; top: 4.31534px;\">\n<div class=\"gtx-trans-icon\"><\/div>\n<\/div>\n<\/div><\/section><\/div><div class=\"flex_column av_one_full  flex_column_div av-zero-column-padding first  avia-builder-el-4  el_after_av_one_full  el_before_av_hr  column-top-margin\" style='border-radius:0px; '><section class=\"av_textblock_section \"  itemscope=\"itemscope\" itemtype=\"https:\/\/schema.org\/BlogPosting\" itemprop=\"blogPost\" ><div class='avia_textblock  '   itemprop=\"text\" ><p style=\"text-align: justify;\"><em>Mientras no sean inoculados en el proceso de vacunaci\u00f3n anunciado por el Minsal, deben seguir trabajando a distancia o alternativamente.<\/em><\/p>\n<p style=\"text-align: justify;\">Sorprendido se mostr\u00f3 el Concejal de Cochrane, Miguel Aravena Torres, tras la determinaci\u00f3n del Alcalde Patricio Ulloa, de solicitar el regreso a labores presenciales de funcionarios y prestadores de servicios de programas municipales, que estaban realizando trabajo telem\u00e1tico o alternativo, al amparo del dictamen N\u00b03.610 del 17 de marzo de 2020, de la Contralor\u00eda General de la Rep\u00fablica, por ser considerados grupos de riesgo.<\/p>\n<p style=\"text-align: justify;\">El ente de control se\u00f1al\u00f3 en su oportunidad que, nuestro ordenamiento jur\u00eddico le confiere a los jefes superiores de los \u00d3rganos de la Administraci\u00f3n del Estado, incluidas las municipalidades, facultades para proteger la vida y salud de sus servidores y que \u00e9stos se encuentran habilitados para disponer que los servidores que en ellos se desempe\u00f1an, cualquiera sea su vinculo jur\u00eddico, puedan cumplir labores mediante trabajo remoto desde sus hogares o donde se encuentren y que aquellos servidores cuyas tareas no sean compatibles con esa modalidad, puedan de igual manera eximirse de la obligaci\u00f3n de asistir a sus labores, previa ponderaci\u00f3n del jefe del servicio correspondiente, a efecto de evitar los contagios y\/o su propagaci\u00f3n al interior del mismo, al amparo del instituto del caso fortuito contemplado en el art\u00edculo 45 del C\u00f3digo Civil, con derecho a percibir en forma \u00edntegra sus remuneraciones.<\/p>\n<p style=\"text-align: justify;\">Contradictorio resulta entonces para el Concejal Aravena, que este personal que componen, adultos mayores y personas con enfermedades base, que estuvo meses realizando labores remotas o alternativas, cuando la comuna no presentaba casos positivos para Coronavirus, ahora deban asistir obligatoriamente al trabajo presencial, cuando a diario aparecen casos nuevos de la enfermedad con el riesgo de contraerla.<\/p>\n<p style=\"text-align: justify;\">La comuna de Cochrane, actualmente tiene alrededor de 70 casos confirmados de Covid-19, el primero de ellos informado el d\u00eda 2 de noviembre de 2020, varios activos y m\u00e1s de 400 personas han sido catalogados como contactos estrechos. Por tanto, la posibilidad de adquirir esta enfermedad sigue vigente y el proceso de vacunaci\u00f3n anunciado por las autoridades reci\u00e9n est\u00e1 en sus primeros pasos. Es por el ello que el Concejal Aravena, hace un llamado al edil, para que cuando estos trabajadores hayan recibido las 2 dosis de las vacunas anunciadas por el gobierno, reci\u00e9n se evalu\u00e9 la pertinencia de su regreso a las labores habituales que desempe\u00f1aban en el municipio.<\/p>\n<\/div><\/section><\/div><\/p>\n<div  style='height:50px' class='hr hr-invisible   avia-builder-el-6  el_after_av_one_full  el_before_av_social_share '><span class='hr-inner ' ><span class='hr-inner-style'><\/span><\/span><\/div>\n<div  class='av-social-sharing-box  avia-builder-el-7  el_after_av_hr  el_before_av_hr  '><div class='av-share-box'><h5 class='av-share-link-description av-no-toc '>Compartir esta noticia<\/h5><ul class='av-share-box-list noLightbox'><li class='av-share-link av-social-link-facebook' ><a target=\"_blank\" aria-label=\"Compartir en Facebook\" href='https:\/\/www.facebook.com\/sharer.php?u=https:\/\/radiorevelacionfm.cl\/?p=2318&#038;t=Concejal%20Aravena%3A%20%E2%80%9CNo%20comparto%20que%20trabajadores%20de%20grupos%20de%20riesgo%20hayan%20vuelto%20al%20trabajo%20presencial%20en%20Cochrane%C2%BB' aria-hidden='false' data-av_icon='\ue8f3' data-av_iconfont='entypo-fontello' title='' data-avia-related-tooltip='Compartir en Facebook' rel=\"noopener\"><span class='avia_hidden_link_text'>Compartir en Facebook<\/span><\/a><\/li><li class='av-share-link av-social-link-twitter' ><a target=\"_blank\" aria-label=\"Compartir en Twitter\" href='https:\/\/twitter.com\/share?text=Concejal%20Aravena%3A%20%E2%80%9CNo%20comparto%20que%20trabajadores%20de%20grupos%20de%20riesgo%20hayan%20vuelto%20al%20trabajo%20presencial%20en%20Cochrane%C2%BB&#038;url=https:\/\/radiorevelacionfm.cl\/?p=2318' aria-hidden='false' data-av_icon='\ue8f1' data-av_iconfont='entypo-fontello' title='' data-avia-related-tooltip='Compartir en Twitter' rel=\"noopener\"><span class='avia_hidden_link_text'>Compartir en Twitter<\/span><\/a><\/li><li class='av-share-link av-social-link-whatsapp' ><a target=\"_blank\" aria-label=\"Compartir en Whatsapp\" href='https:\/\/api.whatsapp.com\/send?text=https:\/\/radiorevelacionfm.cl\/?p=2318' aria-hidden='false' data-av_icon='\uf232' data-av_iconfont='entypo-fontello' title='' data-avia-related-tooltip='Compartir en Whatsapp' rel=\"noopener\"><span class='avia_hidden_link_text'>Compartir en Whatsapp<\/span><\/a><\/li><li class='av-share-link av-social-link-linkedin' ><a target=\"_blank\" aria-label=\"Compartir en LinkedIn\" href='https:\/\/linkedin.com\/shareArticle?mini=true&#038;title=Concejal%20Aravena%3A%20%E2%80%9CNo%20comparto%20que%20trabajadores%20de%20grupos%20de%20riesgo%20hayan%20vuelto%20al%20trabajo%20presencial%20en%20Cochrane%C2%BB&#038;url=https:\/\/radiorevelacionfm.cl\/?p=2318' aria-hidden='false' data-av_icon='\ue8fc' data-av_iconfont='entypo-fontello' title='' data-avia-related-tooltip='Compartir en LinkedIn' rel=\"noopener\"><span class='avia_hidden_link_text'>Compartir en LinkedIn<\/span><\/a><\/li><li class='av-share-link av-social-link-mail' ><a  aria-label=\"Compartir por correo\" href='mailto:?subject=Concejal%20Aravena%3A%20%E2%80%9CNo%20comparto%20que%20trabajadores%20de%20grupos%20de%20riesgo%20hayan%20vuelto%20al%20trabajo%20presencial%20en%20Cochrane%C2%BB&#038;body=https:\/\/radiorevelacionfm.cl\/?p=2318' aria-hidden='false' data-av_icon='\ue805' data-av_iconfont='entypo-fontello' title='' data-avia-related-tooltip='Compartir por correo'><span class='avia_hidden_link_text'>Compartir por correo<\/span><\/a><\/li><\/ul><\/div><\/div>\n<div  style='height:50px' class='hr hr-invisible   avia-builder-el-8  el_after_av_social_share  el_before_av_comments_list '><span class='hr-inner ' ><span class='hr-inner-style'><\/span><\/span><\/div>\n<div  class='av-buildercomment  av-blog-meta-html-info-disabled av-blog-meta-tag-disabled  '><\/div>\n","protected":false},"excerpt":{"rendered":"","protected":false},"author":1,"featured_media":0,"comment_status":"open","ping_status":"open","sticky":false,"template":"","format":"standard","meta":{"footnotes":""},"categories":[38],"tags":[],"class_list":["post-2318","post","type-post","status-publish","format-standard","hentry","category-regional"],"jetpack_featured_media_url":"","_links":{"self":[{"href":"https:\/\/radiorevelacionfm.cl\/index.php?rest_route=\/wp\/v2\/posts\/2318","targetHints":{"allow":["GET"]}}],"collection":[{"href":"https:\/\/radiorevelacionfm.cl\/index.php?rest_route=\/wp\/v2\/posts"}],"about":[{"href":"https:\/\/radiorevelacionfm.cl\/index.php?rest_route=\/wp\/v2\/types\/post"}],"author":[{"embeddable":true,"href":"https:\/\/radiorevelacionfm.cl\/index.php?rest_route=\/wp\/v2\/users\/1"}],"replies":[{"embeddable":true,"href":"https:\/\/radiorevelacionfm.cl\/index.php?rest_route=%2Fwp%2Fv2%2Fcomments&post=2318"}],"version-history":[{"count":2,"href":"https:\/\/radiorevelacionfm.cl\/index.php?rest_route=\/wp\/v2\/posts\/2318\/revisions"}],"predecessor-version":[{"id":2337,"href":"https:\/\/radiorevelacionfm.cl\/index.php?rest_route=\/wp\/v2\/posts\/2318\/revisions\/2337"}],"wp:attachment":[{"href":"https:\/\/radiorevelacionfm.cl\/index.php?rest_route=%2Fwp%2Fv2%2Fmedia&parent=2318"}],"wp:term":[{"taxonomy":"category","embeddable":true,"href":"https:\/\/radiorevelacionfm.cl\/index.php?rest_route=%2Fwp%2Fv2%2Fcategories&post=2318"},{"taxonomy":"post_tag","embeddable":true,"href":"https:\/\/radiorevelacionfm.cl\/index.php?rest_route=%2Fwp%2Fv2%2Ftags&post=2318"}],"curies":[{"name":"wp","href":"https:\/\/api.w.org\/{rel}","templated":true}]}}