{"id":23178,"date":"2022-10-19T08:30:44","date_gmt":"2022-10-19T11:30:44","guid":{"rendered":"https:\/\/radiorevelacionfm.cl\/?p=23178"},"modified":"2022-10-19T09:35:52","modified_gmt":"2022-10-19T12:35:52","slug":"melinka-fue-elegida-por-la-mesa-regional-para-ingresar-al-programa-de-pequenas-localidades-del-minvu","status":"publish","type":"post","link":"https:\/\/radiorevelacionfm.cl\/?p=23178","title":{"rendered":"Melinka fue elegida por la mesa regional para ingresar al Programa de Peque\u00f1as Localidades del Minvu"},"content":{"rendered":"<div class=\"flex_column av_one_full  flex_column_div av-zero-column-padding first  avia-builder-el-0  el_before_av_one_full  avia-builder-el-first  \" style='border-radius:0px; '><div  class='avia-image-container  av-styling-    avia-builder-el-1  avia-builder-el-no-sibling  avia-align-center '  itemprop=\"image\" itemscope=\"itemscope\" itemtype=\"https:\/\/schema.org\/ImageObject\"  ><div class='avia-image-container-inner'><div class='avia-image-overlay-wrap'><img decoding=\"async\" class='wp-image-23179 avia-img-lazy-loading-not-23179 avia_image' src=\"https:\/\/radiorevelacionfm.cl\/wp-content\/uploads\/2022\/10\/integrantes-mesa-regional-1-1.jpeg\" alt='' title='integrantes mesa regional (1) (1)' height=\"600\" width=\"824\"  itemprop=\"thumbnailUrl\" srcset=\"https:\/\/radiorevelacionfm.cl\/wp-content\/uploads\/2022\/10\/integrantes-mesa-regional-1-1.jpeg 824w, https:\/\/radiorevelacionfm.cl\/wp-content\/uploads\/2022\/10\/integrantes-mesa-regional-1-1-300x218.jpeg 300w, https:\/\/radiorevelacionfm.cl\/wp-content\/uploads\/2022\/10\/integrantes-mesa-regional-1-1-768x559.jpeg 768w, https:\/\/radiorevelacionfm.cl\/wp-content\/uploads\/2022\/10\/integrantes-mesa-regional-1-1-705x513.jpeg 705w, https:\/\/radiorevelacionfm.cl\/wp-content\/uploads\/2022\/10\/integrantes-mesa-regional-1-1-600x437.jpeg 600w\" sizes=\"(max-width: 824px) 100vw, 824px\" \/><\/div><\/div><\/div><\/div><div class=\"flex_column av_one_full  flex_column_div av-zero-column-padding first  avia-builder-el-2  el_after_av_one_full  el_before_av_one_full  column-top-margin\" style='border-radius:0px; '><section class=\"av_textblock_section \"  itemscope=\"itemscope\" itemtype=\"https:\/\/schema.org\/BlogPosting\" itemprop=\"blogPost\" ><div class='avia_textblock  '   itemprop=\"text\" ><p style=\"text-align: center;\"><strong><span style=\"font-size: 18pt;\">Melinka fue elegida por la mesa regional para ingresar al Programa de Peque\u00f1as Localidades del Minvu <\/span><\/strong><\/p>\n<div id=\"gtx-trans\" style=\"position: absolute; left: -50px; top: 4.31534px;\">\n<div class=\"gtx-trans-icon\"><\/div>\n<\/div>\n<\/div><\/section><\/div><div class=\"flex_column av_one_full  flex_column_div av-zero-column-padding first  avia-builder-el-4  el_after_av_one_full  el_before_av_hr  column-top-margin\" style='border-radius:0px; '><section class=\"av_textblock_section \"  itemscope=\"itemscope\" itemtype=\"https:\/\/schema.org\/BlogPosting\" itemprop=\"blogPost\" ><div class='avia_textblock  '   itemprop=\"text\" ><p style=\"text-align: justify;\">La localidad de Melinka, en el extremo insular norte de nuestra regi\u00f3n, result\u00f3 elegida este martes por los siete integrantes de la mesa regional conformada para estos fines, como el nuevo territorio que podr\u00e1 ser intervenido con diversos proyectos de inter\u00e9s comunitario en el marco del Programa para Peque\u00f1as Localidades del Ministerio de Vivienda y Urbanismo.<\/p>\n<p style=\"text-align: justify;\">Los postulantes este a\u00f1o fueron la comuna de Ays\u00e9n, con el sistema de localidades integrado por Islas Huichas y por el sistema de localidades que integran Puerto Chacabuco, El salto, Valle Verde, El Balseo, Villa Los Torreones y las Cascadas; la comuna de Tortel, con la localidad de Caleta Tortel y la comuna de Guaitecas, con la localidad de Melinka, la que finalmente result\u00f3 ser la que se adjudic\u00f3 el cupo.<\/p>\n<p style=\"text-align: justify;\">La localidad de Melinka fue elegida en base a criterios como la equidad territorial, la integraci\u00f3n social y el desarrollo local, a lo que se sum\u00f3 la votaci\u00f3n de la Mesa Regional integrada por la Gobernadora Regional, los Secretarios Regionales Ministeriales de Desarrollo Social y Familia, Obras P\u00fablicas, Econom\u00eda Fomento y Turismo, Vivienda y Urbanismo; el Encargado Regional de Subdere y el Encargado regional para el Programa para Peque\u00f1as localidades del Minvu.<\/p>\n<p style=\"text-align: justify;\">De esta forma Melinka, con sus 1843 habitantes, se sumar\u00e1 a las otras dos localidades que ya est\u00e1n siendo intervenidas en nuestra regi\u00f3n en el marco del programa, como son Villa O\u2019Higgins y Lago Verde, para lo cual cuentan con un presupuesto de 1.500 millones de pesos para impulsar las etapas del proceso, como el diagn\u00f3stico, la elaboraci\u00f3n de un plan de desarrollo y su posterior implementaci\u00f3n.<\/p>\n<p style=\"text-align: justify;\">La Seremi de Vivienda, Paulina Ruz, valor\u00f3 el trabajo realizado desde los diferentes sectores, quienes han tenido la visi\u00f3n y la responsabilidad de tomar las mejores decisiones en favor de nuestra comunidad regional. \u201cAgradezco la participaci\u00f3n y trabajo intersectorial que hacemos con otros ministerios, con el Gobierno Regional y con los municipios involucrados. Esta es una gran noticia, pero tambi\u00e9n un gran desaf\u00edo que asumimos con agrado y con mucha responsabilidad y por supuesto desde el gobierno del presidente Gabriel Boric esperamos seguir impulsando iniciativas que descentralicen y mejoren la calidad de vida de los habitantes de toda la regi\u00f3n de Ays\u00e9n\u201d, manifest\u00f3.<\/p>\n<p style=\"text-align: justify;\">Por su parte el Gobernador Regional (S), Oscar del Solar, destac\u00f3 tambi\u00e9n la transparencia del proceso y una elecci\u00f3n que realmente se justifica. \u201cQue fuese electo Melinka es una decisi\u00f3n que viene a poner justicia en funci\u00f3n de los requerimientos de la localidad. Apreciamos mucho y valoramos que est\u00e9 asociado a un proceso participativo, creemos que es esencial para el desarrollo de las comunas que la gente y los habitantes de las localidades puedan proponer, puedan pensar, reflexionar en funci\u00f3n de lo que ellos necesitan, por lo tanto, creemos que es una gran oportunidad, una labor que no estar\u00e1 exenta de dificultades, pero en la que todos nos comprometimos para que los objetivos se cumplan\u201d, indic\u00f3.<\/p>\n<p style=\"text-align: justify;\">Tambi\u00e9n el Jefe Regional de la Subdere, Guillermo Mart\u00ednez, expres\u00f3 su satisfacci\u00f3n de ser parte de una decisi\u00f3n orientada a mejorar la vida de nuestros sectores m\u00e1s alejados. \u201cUn momento muy relevante para la regi\u00f3n, en el cual pudimos trabajar, articular, poner en conocimiento y ponernos al d\u00eda en las necesidades de cada localidad en base a un programa que tiene que ver con el financiamiento de desarrollos locales a trav\u00e9s del Ministerio de Vivienda. En base a eso pudimos seleccionar una localidad, de forma que podamos trabajar y generar una inyecci\u00f3n de recursos en la medida que se vaya necesitando. As\u00ed que muy contentos y conformes porque estamos generando la descentralizaci\u00f3n efectiva desde las localidades hacia el desarrollo del pa\u00eds\u201d, precis\u00f3<\/p>\n<p style=\"text-align: justify;\">Con los recursos del Programa para Peque\u00f1as Localidades, que alcanzan los 1500 millones de pesos, se contempla la contrataci\u00f3n de profesionales, la ejecuci\u00f3n de una obra detonante gestionada por el municipio local y la ejecuci\u00f3n de los diversos proyectos que se definan a trav\u00e9s del plan de desarrollo, recursos del Minvu a los que se podr\u00e1n sumar los de otros sectores, como los mismos municipios, ministerios o servicios p\u00fablicos de la regi\u00f3n.<\/p>\n<\/div><\/section><\/div><div  style='height:50px' class='hr hr-invisible   avia-builder-el-6  el_after_av_one_full  el_before_av_social_share '><span class='hr-inner ' ><span class='hr-inner-style'><\/span><\/span><\/div><\/p>\n<div  class='av-social-sharing-box  avia-builder-el-7  el_after_av_hr  el_before_av_hr  '><div class='av-share-box'><h5 class='av-share-link-description av-no-toc '>Compartir esta noticia<\/h5><ul class='av-share-box-list noLightbox'><li class='av-share-link av-social-link-facebook' ><a target=\"_blank\" aria-label=\"Compartir en Facebook\" href='https:\/\/www.facebook.com\/sharer.php?u=https:\/\/radiorevelacionfm.cl\/?p=23178&#038;t=Melinka%20fue%20elegida%20por%20la%20mesa%20regional%20para%20ingresar%20al%20Programa%20de%20Peque%C3%B1as%20Localidades%20del%20Minvu' aria-hidden='false' data-av_icon='\ue8f3' data-av_iconfont='entypo-fontello' title='' data-avia-related-tooltip='Compartir en Facebook' rel=\"noopener\"><span class='avia_hidden_link_text'>Compartir en Facebook<\/span><\/a><\/li><li class='av-share-link av-social-link-twitter' ><a target=\"_blank\" aria-label=\"Compartir en Twitter\" href='https:\/\/twitter.com\/share?text=Melinka%20fue%20elegida%20por%20la%20mesa%20regional%20para%20ingresar%20al%20Programa%20de%20Peque%C3%B1as%20Localidades%20del%20Minvu&#038;url=https:\/\/radiorevelacionfm.cl\/?p=23178' aria-hidden='false' data-av_icon='\ue8f1' data-av_iconfont='entypo-fontello' title='' data-avia-related-tooltip='Compartir en Twitter' rel=\"noopener\"><span class='avia_hidden_link_text'>Compartir en Twitter<\/span><\/a><\/li><li class='av-share-link av-social-link-whatsapp' ><a target=\"_blank\" aria-label=\"Compartir en Whatsapp\" href='https:\/\/api.whatsapp.com\/send?text=https:\/\/radiorevelacionfm.cl\/?p=23178' aria-hidden='false' data-av_icon='\uf232' data-av_iconfont='entypo-fontello' title='' data-avia-related-tooltip='Compartir en Whatsapp' rel=\"noopener\"><span class='avia_hidden_link_text'>Compartir en Whatsapp<\/span><\/a><\/li><li class='av-share-link av-social-link-linkedin' ><a target=\"_blank\" aria-label=\"Compartir en LinkedIn\" href='https:\/\/linkedin.com\/shareArticle?mini=true&#038;title=Melinka%20fue%20elegida%20por%20la%20mesa%20regional%20para%20ingresar%20al%20Programa%20de%20Peque%C3%B1as%20Localidades%20del%20Minvu&#038;url=https:\/\/radiorevelacionfm.cl\/?p=23178' aria-hidden='false' data-av_icon='\ue8fc' data-av_iconfont='entypo-fontello' title='' data-avia-related-tooltip='Compartir en LinkedIn' rel=\"noopener\"><span class='avia_hidden_link_text'>Compartir en LinkedIn<\/span><\/a><\/li><li class='av-share-link av-social-link-mail' ><a  aria-label=\"Compartir por correo\" href='mailto:?subject=Melinka%20fue%20elegida%20por%20la%20mesa%20regional%20para%20ingresar%20al%20Programa%20de%20Peque%C3%B1as%20Localidades%20del%20Minvu&#038;body=https:\/\/radiorevelacionfm.cl\/?p=23178' aria-hidden='false' data-av_icon='\ue805' data-av_iconfont='entypo-fontello' title='' data-avia-related-tooltip='Compartir por correo'><span class='avia_hidden_link_text'>Compartir por correo<\/span><\/a><\/li><\/ul><\/div><\/div>\n<div  style='height:50px' class='hr hr-invisible   avia-builder-el-8  el_after_av_social_share  el_before_av_comments_list '><span class='hr-inner ' ><span class='hr-inner-style'><\/span><\/span><\/div>\n<div  class='av-buildercomment  av-blog-meta-html-info-disabled av-blog-meta-tag-disabled  '><\/div>\n","protected":false},"excerpt":{"rendered":"","protected":false},"author":1,"featured_media":23179,"comment_status":"open","ping_status":"open","sticky":false,"template":"","format":"standard","meta":{"footnotes":""},"categories":[57],"tags":[],"class_list":["post-23178","post","type-post","status-publish","format-standard","has-post-thumbnail","hentry","category-vivienda"],"jetpack_featured_media_url":"https:\/\/radiorevelacionfm.cl\/wp-content\/uploads\/2022\/10\/integrantes-mesa-regional-1-1.jpeg","_links":{"self":[{"href":"https:\/\/radiorevelacionfm.cl\/index.php?rest_route=\/wp\/v2\/posts\/23178","targetHints":{"allow":["GET"]}}],"collection":[{"href":"https:\/\/radiorevelacionfm.cl\/index.php?rest_route=\/wp\/v2\/posts"}],"about":[{"href":"https:\/\/radiorevelacionfm.cl\/index.php?rest_route=\/wp\/v2\/types\/post"}],"author":[{"embeddable":true,"href":"https:\/\/radiorevelacionfm.cl\/index.php?rest_route=\/wp\/v2\/users\/1"}],"replies":[{"embeddable":true,"href":"https:\/\/radiorevelacionfm.cl\/index.php?rest_route=%2Fwp%2Fv2%2Fcomments&post=23178"}],"version-history":[{"count":2,"href":"https:\/\/radiorevelacionfm.cl\/index.php?rest_route=\/wp\/v2\/posts\/23178\/revisions"}],"predecessor-version":[{"id":23181,"href":"https:\/\/radiorevelacionfm.cl\/index.php?rest_route=\/wp\/v2\/posts\/23178\/revisions\/23181"}],"wp:featuredmedia":[{"embeddable":true,"href":"https:\/\/radiorevelacionfm.cl\/index.php?rest_route=\/wp\/v2\/media\/23179"}],"wp:attachment":[{"href":"https:\/\/radiorevelacionfm.cl\/index.php?rest_route=%2Fwp%2Fv2%2Fmedia&parent=23178"}],"wp:term":[{"taxonomy":"category","embeddable":true,"href":"https:\/\/radiorevelacionfm.cl\/index.php?rest_route=%2Fwp%2Fv2%2Fcategories&post=23178"},{"taxonomy":"post_tag","embeddable":true,"href":"https:\/\/radiorevelacionfm.cl\/index.php?rest_route=%2Fwp%2Fv2%2Ftags&post=23178"}],"curies":[{"name":"wp","href":"https:\/\/api.w.org\/{rel}","templated":true}]}}