{"id":23172,"date":"2022-10-19T10:04:32","date_gmt":"2022-10-19T13:04:32","guid":{"rendered":"https:\/\/radiorevelacionfm.cl\/?p=23172"},"modified":"2022-10-19T10:04:32","modified_gmt":"2022-10-19T13:04:32","slug":"cinco-colegios-de-la-region-obtuvieron-financiamiento-para-equipamiento-de-especialidades-tecnico-profesionales","status":"publish","type":"post","link":"https:\/\/radiorevelacionfm.cl\/?p=23172","title":{"rendered":"Cinco colegios de la regi\u00f3n obtuvieron financiamiento para equipamiento de Especialidades T\u00e9cnico- Profesionales"},"content":{"rendered":"<div class=\"flex_column av_one_full  flex_column_div av-zero-column-padding first  avia-builder-el-0  el_before_av_one_full  avia-builder-el-first  \" style='border-radius:0px; '><div  class='avia-image-container  av-styling-    avia-builder-el-1  avia-builder-el-no-sibling  avia-align-center '  itemprop=\"image\" itemscope=\"itemscope\" itemtype=\"https:\/\/schema.org\/ImageObject\"  ><div class='avia-image-container-inner'><div class='avia-image-overlay-wrap'><img decoding=\"async\" class='wp-image-23173 avia-img-lazy-loading-not-23173 avia_image' src=\"https:\/\/radiorevelacionfm.cl\/wp-content\/uploads\/2022\/10\/Fondo-equipamiento-TP-1-1.jpeg\" alt='' title='Fondo equipamiento TP (1) (1)' height=\"600\" width=\"800\"  itemprop=\"thumbnailUrl\" srcset=\"https:\/\/radiorevelacionfm.cl\/wp-content\/uploads\/2022\/10\/Fondo-equipamiento-TP-1-1.jpeg 800w, https:\/\/radiorevelacionfm.cl\/wp-content\/uploads\/2022\/10\/Fondo-equipamiento-TP-1-1-300x225.jpeg 300w, https:\/\/radiorevelacionfm.cl\/wp-content\/uploads\/2022\/10\/Fondo-equipamiento-TP-1-1-768x576.jpeg 768w, https:\/\/radiorevelacionfm.cl\/wp-content\/uploads\/2022\/10\/Fondo-equipamiento-TP-1-1-705x529.jpeg 705w, https:\/\/radiorevelacionfm.cl\/wp-content\/uploads\/2022\/10\/Fondo-equipamiento-TP-1-1-600x450.jpeg 600w\" sizes=\"(max-width: 800px) 100vw, 800px\" \/><\/div><\/div><\/div><\/div><div class=\"flex_column av_one_full  flex_column_div av-zero-column-padding first  avia-builder-el-2  el_after_av_one_full  el_before_av_one_full  column-top-margin\" style='border-radius:0px; '><section class=\"av_textblock_section \"  itemscope=\"itemscope\" itemtype=\"https:\/\/schema.org\/BlogPosting\" itemprop=\"blogPost\" ><div class='avia_textblock  '   itemprop=\"text\" ><p style=\"text-align: center;\"><strong><span style=\"font-size: 18pt;\">Cinco colegios de la regi\u00f3n obtuvieron financiamiento para equipamiento de Especialidades T\u00e9cnico- Profesionales<\/span><\/strong><\/p>\n<div id=\"gtx-trans\" style=\"position: absolute; left: -50px; top: 4.31534px;\">\n<div class=\"gtx-trans-icon\"><\/div>\n<\/div>\n<\/div><\/section><\/div><div class=\"flex_column av_one_full  flex_column_div av-zero-column-padding first  avia-builder-el-4  el_after_av_one_full  el_before_av_hr  column-top-margin\" style='border-radius:0px; '><section class=\"av_textblock_section \"  itemscope=\"itemscope\" itemtype=\"https:\/\/schema.org\/BlogPosting\" itemprop=\"blogPost\" ><div class='avia_textblock  '   itemprop=\"text\" ><p class=\"v1MsoNormal\" style=\"text-align: justify;\">El Ministerio de Educaci\u00f3n inform\u00f3 la adjudicaci\u00f3n de recursos para financiar proyectos de equipamiento de especialidades de establecimientos de educaci\u00f3n media t\u00e9cnico profesional.<\/p>\n<p class=\"v1MsoNormal\" style=\"text-align: justify;\">Lo anterior en el marco de la iniciativa \u201cSeamos Comunidad\u201d, en el eje de infraestructura, que entrega recursos por m\u00e1s de $7.800 millones\u00a0 de pesos\u00a0 a nivel nacional para que los liceos del pa\u00eds que impartan Educaci\u00f3n Media T\u00e9cnico Profesional adquieran equipamiento destinado a las especialidades que ofrecen, permiti\u00e9ndoles actualizar o mejorar sus instalaciones en \u00e1reas como Telecomunicaciones, Electricidad, Mec\u00e1nica, Gastronom\u00eda, entre otras.<\/p>\n<p class=\"v1MsoNormal\" style=\"text-align: justify;\">Los planteles beneficiados en Ays\u00e9n son: Liceo Polit\u00e9cnico A1 de Puerto Ays\u00e9n con $96.049.247 pesos; Liceo Josefina Aguirre Montenegro con $81.544.910 pesos; Liceo de Ma\u00f1ihuales con $29.991.233 pesos; Liceo Bicentenario Rural Cerro Castillo con $15.004.340 pesos; y el Liceo T\u00e9cnico Profesional Juan Pablo II de Coyhaique con $93.502.315 pesos, establecimiento que por primera vez obtiene este tipo de financiamiento.<\/p>\n<p class=\"v1MsoNormal\" style=\"text-align: justify;\">En esta versi\u00f3n de la convocatoria 2022, el Mineduc aument\u00f3 el monto m\u00e1ximo al que pueden postular los establecimientos, el que llega hasta $120 millones para aquellos de mayor matr\u00edcula, en atenci\u00f3n a los aumentos en los costos de la tecnolog\u00eda y el transporte que se han producido durante la pandemia. Asimismo, se incorpor\u00f3 la posibilidad de que hasta un 30% de los recursos pueda ser usado en equipos que no se mencionen expl\u00edcitamente en la regulaci\u00f3n vigente, de modo que los liceos t\u00e9cnico-profesionales puedan adecuar las postulaciones a sus propias necesidades pedag\u00f3gicas.<\/p>\n<p class=\"v1MsoNormal\" style=\"text-align: justify;\">La Seremi de Educaci\u00f3n de Ays\u00e9n Isabel Garrido Casassa destac\u00f3 la asignaci\u00f3n de estos recursos en la regi\u00f3n, se\u00f1alando\u00a0 que \u201cComo parte del cambio de paradigma en educaci\u00f3n, el programa de Gobierno del Presidente Gabriel Boric\u00a0 propone transitar hacia una educaci\u00f3n t\u00e9cnico profesional para el desarrollo humano sostenible, que pone en el centro de su quehacer el bienestar sustantivo de los y las estudiantes y las comunidades. A trav\u00e9s de estos fondos, los liceos t\u00e9cnicos podr\u00e1n financiar iniciativas que potencien la especializaci\u00f3n, los talentos y vocaciones de sus estudiantes\u201d.<\/p>\n<p class=\"v1MsoNormal\" style=\"text-align: justify;\">La autoridad tambi\u00e9n hizo presente el hecho de que se postularon 6 proyectos de establecimientos de la regi\u00f3n y obtuvieron financiamiento 5 de ellos lo que marca un alto porcentaje de asignaci\u00f3n. Tambi\u00e9n es destacable que por primera vez el Liceo Juan Pablo II de Coyhaique establecimiento particular subvencionado haya accedido a esta l\u00ednea de financiamiento.<\/p>\n<\/div><\/section><\/div><div  style='height:50px' class='hr hr-invisible   avia-builder-el-6  el_after_av_one_full  el_before_av_social_share '><span class='hr-inner ' ><span class='hr-inner-style'><\/span><\/span><\/div><\/p>\n<div  class='av-social-sharing-box  avia-builder-el-7  el_after_av_hr  el_before_av_hr  '><div class='av-share-box'><h5 class='av-share-link-description av-no-toc '>Compartir esta noticia<\/h5><ul class='av-share-box-list noLightbox'><li class='av-share-link av-social-link-facebook' ><a target=\"_blank\" aria-label=\"Compartir en Facebook\" href='https:\/\/www.facebook.com\/sharer.php?u=https:\/\/radiorevelacionfm.cl\/?p=23172&#038;t=Cinco%20colegios%20de%20la%20regi%C3%B3n%20obtuvieron%20financiamiento%20para%20equipamiento%20de%20Especialidades%20T%C3%A9cnico-%20Profesionales' aria-hidden='false' data-av_icon='\ue8f3' data-av_iconfont='entypo-fontello' title='' data-avia-related-tooltip='Compartir en Facebook' rel=\"noopener\"><span class='avia_hidden_link_text'>Compartir en Facebook<\/span><\/a><\/li><li class='av-share-link av-social-link-twitter' ><a target=\"_blank\" aria-label=\"Compartir en Twitter\" href='https:\/\/twitter.com\/share?text=Cinco%20colegios%20de%20la%20regi%C3%B3n%20obtuvieron%20financiamiento%20para%20equipamiento%20de%20Especialidades%20T%C3%A9cnico-%20Profesionales&#038;url=https:\/\/radiorevelacionfm.cl\/?p=23172' aria-hidden='false' data-av_icon='\ue8f1' data-av_iconfont='entypo-fontello' title='' data-avia-related-tooltip='Compartir en Twitter' rel=\"noopener\"><span class='avia_hidden_link_text'>Compartir en Twitter<\/span><\/a><\/li><li class='av-share-link av-social-link-whatsapp' ><a target=\"_blank\" aria-label=\"Compartir en Whatsapp\" href='https:\/\/api.whatsapp.com\/send?text=https:\/\/radiorevelacionfm.cl\/?p=23172' aria-hidden='false' data-av_icon='\uf232' data-av_iconfont='entypo-fontello' title='' data-avia-related-tooltip='Compartir en Whatsapp' rel=\"noopener\"><span class='avia_hidden_link_text'>Compartir en Whatsapp<\/span><\/a><\/li><li class='av-share-link av-social-link-linkedin' ><a target=\"_blank\" aria-label=\"Compartir en LinkedIn\" href='https:\/\/linkedin.com\/shareArticle?mini=true&#038;title=Cinco%20colegios%20de%20la%20regi%C3%B3n%20obtuvieron%20financiamiento%20para%20equipamiento%20de%20Especialidades%20T%C3%A9cnico-%20Profesionales&#038;url=https:\/\/radiorevelacionfm.cl\/?p=23172' aria-hidden='false' data-av_icon='\ue8fc' data-av_iconfont='entypo-fontello' title='' data-avia-related-tooltip='Compartir en LinkedIn' rel=\"noopener\"><span class='avia_hidden_link_text'>Compartir en LinkedIn<\/span><\/a><\/li><li class='av-share-link av-social-link-mail' ><a  aria-label=\"Compartir por correo\" href='mailto:?subject=Cinco%20colegios%20de%20la%20regi%C3%B3n%20obtuvieron%20financiamiento%20para%20equipamiento%20de%20Especialidades%20T%C3%A9cnico-%20Profesionales&#038;body=https:\/\/radiorevelacionfm.cl\/?p=23172' aria-hidden='false' data-av_icon='\ue805' data-av_iconfont='entypo-fontello' title='' data-avia-related-tooltip='Compartir por correo'><span class='avia_hidden_link_text'>Compartir por correo<\/span><\/a><\/li><\/ul><\/div><\/div>\n<div  style='height:50px' class='hr hr-invisible   avia-builder-el-8  el_after_av_social_share  el_before_av_comments_list '><span class='hr-inner ' ><span class='hr-inner-style'><\/span><\/span><\/div>\n<div  class='av-buildercomment  av-blog-meta-html-info-disabled av-blog-meta-tag-disabled  '><\/div>\n","protected":false},"excerpt":{"rendered":"","protected":false},"author":1,"featured_media":23173,"comment_status":"open","ping_status":"open","sticky":false,"template":"","format":"standard","meta":{"footnotes":""},"categories":[49],"tags":[],"class_list":["post-23172","post","type-post","status-publish","format-standard","has-post-thumbnail","hentry","category-educacion"],"jetpack_featured_media_url":"https:\/\/radiorevelacionfm.cl\/wp-content\/uploads\/2022\/10\/Fondo-equipamiento-TP-1-1.jpeg","_links":{"self":[{"href":"https:\/\/radiorevelacionfm.cl\/index.php?rest_route=\/wp\/v2\/posts\/23172","targetHints":{"allow":["GET"]}}],"collection":[{"href":"https:\/\/radiorevelacionfm.cl\/index.php?rest_route=\/wp\/v2\/posts"}],"about":[{"href":"https:\/\/radiorevelacionfm.cl\/index.php?rest_route=\/wp\/v2\/types\/post"}],"author":[{"embeddable":true,"href":"https:\/\/radiorevelacionfm.cl\/index.php?rest_route=\/wp\/v2\/users\/1"}],"replies":[{"embeddable":true,"href":"https:\/\/radiorevelacionfm.cl\/index.php?rest_route=%2Fwp%2Fv2%2Fcomments&post=23172"}],"version-history":[{"count":2,"href":"https:\/\/radiorevelacionfm.cl\/index.php?rest_route=\/wp\/v2\/posts\/23172\/revisions"}],"predecessor-version":[{"id":23193,"href":"https:\/\/radiorevelacionfm.cl\/index.php?rest_route=\/wp\/v2\/posts\/23172\/revisions\/23193"}],"wp:featuredmedia":[{"embeddable":true,"href":"https:\/\/radiorevelacionfm.cl\/index.php?rest_route=\/wp\/v2\/media\/23173"}],"wp:attachment":[{"href":"https:\/\/radiorevelacionfm.cl\/index.php?rest_route=%2Fwp%2Fv2%2Fmedia&parent=23172"}],"wp:term":[{"taxonomy":"category","embeddable":true,"href":"https:\/\/radiorevelacionfm.cl\/index.php?rest_route=%2Fwp%2Fv2%2Fcategories&post=23172"},{"taxonomy":"post_tag","embeddable":true,"href":"https:\/\/radiorevelacionfm.cl\/index.php?rest_route=%2Fwp%2Fv2%2Ftags&post=23172"}],"curies":[{"name":"wp","href":"https:\/\/api.w.org\/{rel}","templated":true}]}}