{"id":23169,"date":"2022-10-19T12:08:57","date_gmt":"2022-10-19T15:08:57","guid":{"rendered":"https:\/\/radiorevelacionfm.cl\/?p=23169"},"modified":"2022-10-19T12:08:57","modified_gmt":"2022-10-19T15:08:57","slug":"proyecto-de-envejecimiento-activo-sigue-avanzando-en-el-senado-y-es-despachado-desde-comision-del-adulto-mayor","status":"publish","type":"post","link":"https:\/\/radiorevelacionfm.cl\/?p=23169","title":{"rendered":"Proyecto de Envejecimiento Activo sigue avanzando en el Senado y es despachado desde Comisi\u00f3n del Adulto Mayor"},"content":{"rendered":"<div class=\"flex_column av_one_full  flex_column_div av-zero-column-padding first  avia-builder-el-0  el_before_av_one_full  avia-builder-el-first  \" style='border-radius:0px; '><div  class='avia-image-container  av-styling-    avia-builder-el-1  avia-builder-el-no-sibling  avia-align-center '  itemprop=\"image\" itemscope=\"itemscope\" itemtype=\"https:\/\/schema.org\/ImageObject\"  ><div class='avia-image-container-inner'><div class='avia-image-overlay-wrap'><img decoding=\"async\" class='wp-image-23170 avia-img-lazy-loading-not-23170 avia_image' src=\"https:\/\/radiorevelacionfm.cl\/wp-content\/uploads\/2022\/10\/COMISION-ADULTO-MAYOR-1-1.jpg\" alt='' title='COMISI\u00d3N ADULTO MAYOR (1) (1)' height=\"600\" width=\"900\"  itemprop=\"thumbnailUrl\" srcset=\"https:\/\/radiorevelacionfm.cl\/wp-content\/uploads\/2022\/10\/COMISION-ADULTO-MAYOR-1-1.jpg 900w, https:\/\/radiorevelacionfm.cl\/wp-content\/uploads\/2022\/10\/COMISION-ADULTO-MAYOR-1-1-300x200.jpg 300w, https:\/\/radiorevelacionfm.cl\/wp-content\/uploads\/2022\/10\/COMISION-ADULTO-MAYOR-1-1-768x512.jpg 768w, https:\/\/radiorevelacionfm.cl\/wp-content\/uploads\/2022\/10\/COMISION-ADULTO-MAYOR-1-1-705x470.jpg 705w, https:\/\/radiorevelacionfm.cl\/wp-content\/uploads\/2022\/10\/COMISION-ADULTO-MAYOR-1-1-600x400.jpg 600w\" sizes=\"(max-width: 900px) 100vw, 900px\" \/><\/div><\/div><\/div><\/div><div class=\"flex_column av_one_full  flex_column_div av-zero-column-padding first  avia-builder-el-2  el_after_av_one_full  el_before_av_one_full  column-top-margin\" style='border-radius:0px; '><section class=\"av_textblock_section \"  itemscope=\"itemscope\" itemtype=\"https:\/\/schema.org\/BlogPosting\" itemprop=\"blogPost\" ><div class='avia_textblock  '   itemprop=\"text\" ><p style=\"text-align: center;\"><span style=\"font-size: 18pt;\"><strong>Proyecto de Envejecimiento Activo sigue avanzando en el Senado y es despachado desde Comisi\u00f3n del Adulto Mayor <\/strong><\/span><\/p>\n<div id=\"gtx-trans\" style=\"position: absolute; left: -50px; top: 4.31534px;\">\n<div class=\"gtx-trans-icon\"><\/div>\n<\/div>\n<\/div><\/section><\/div><div class=\"flex_column av_one_full  flex_column_div av-zero-column-padding first  avia-builder-el-4  el_after_av_one_full  el_before_av_hr  column-top-margin\" style='border-radius:0px; '><section class=\"av_textblock_section \"  itemscope=\"itemscope\" itemtype=\"https:\/\/schema.org\/BlogPosting\" itemprop=\"blogPost\" ><div class='avia_textblock  '   itemprop=\"text\" ><p style=\"text-align: justify;\">Este martes, la comisi\u00f3n especial del Adulto Mayor del Senado, aprob\u00f3 y despach\u00f3 el proyecto de ley sobre Envejecimiento Activo, el cual hab\u00eda ingresado a tr\u00e1mite al Congreso en octubre del a\u00f1o 2020.<\/p>\n<p style=\"text-align: justify;\">\u201cEn el mes de las personas mayores, acabamos de terminar en la comisi\u00f3n especial del Senado, la tramitaci\u00f3n de esta ley, que es fundamental para las personas mayores del pa\u00eds y de nuestra regi\u00f3n\u201d, se\u00f1al\u00f3 el senador David Sandoval, quien, como presidente dicha instancia parlamentaria, valor\u00f3 el trabajo desarrollado, que incluy\u00f3 numerosas mesas t\u00e9cnicas y reuniones con adultos mayores de distintas zonas, entre ellas nuestra regi\u00f3n, adem\u00e1s del compromiso por parte de los senadores de la comisi\u00f3n, que permiti\u00f3 perfeccionar la iniciativa.<\/p>\n<p style=\"text-align: justify;\">En ese sentido, el legislador hizo hincapi\u00e9 que con esta ley se establecen \u201cobligaciones al Estado, en materia de cumplimiento de una serie de normas, que aseguren que las personas mayores, independiente de cualquier situaci\u00f3n y condici\u00f3n, son parte fundamental y activa en la vida y desarrollo de nuestro pa\u00eds\u201d.<\/p>\n<p style=\"text-align: justify;\">Agreg\u00f3 que tambi\u00e9n s es una e considera un cat\u00e1logo de derechos que van a ser obligatorios para que el Estado los cumpla.\u00a0 \u201cSe hace parte de todo lo que fue la Convenci\u00f3n Interamericana de Derechos Humanos de las Personas Mayores, donde se incorporan en su contenido y articulado\u201d, subray\u00f3.<\/p>\n<p style=\"text-align: justify;\">Adem\u00e1s, Sandoval explic\u00f3 que, con esta norma, la cual ahora ser\u00e1 vista por la comisi\u00f3n de Hacienda del Senado, se produce una transformaci\u00f3n de Senama, que dejar\u00e1n de ser coordinaciones regionales y pasar\u00e1n a ser direcciones regionales. \u201cEs un paso adelante y en la direcci\u00f3n correcta\u201d, recalc\u00f3.<\/p>\n<p style=\"text-align: justify;\">Con todo, el parlamentario destac\u00f3 la importancia de haber aprobado y despachado esta iniciativa desde la comisi\u00f3n especial, considerando que hoy fue su \u00faltima sesi\u00f3n como tal, dado que dicha instancia parlamentaria ahora se fusionar\u00e1 con tem\u00e1ticas de Infancia y Discapacidad. \u201cEs un agrado haber tramitado este proyecto que nos permite avanzar en lo que significa construir esta norma y darles a todas las personas mayores el rol, el papel y la dignidad que se merecen en toda nuestra sociedad\u201d, resalt\u00f3.<\/p>\n<p style=\"text-align: justify;\">Finalmente, y tras la sesi\u00f3n de la comisi\u00f3n, la directora nacional de Senama, Claudia Asmad, dijo que se trata de \u201cuna excelente noticia\u201d el despacho del proyecto, agregando que \u201cdesde el Ministerio de Desarrollo Social y, especialmente desde el Senama hemos trabajado con y para las personas mayores\u201d.<\/p>\n<p style=\"text-align: justify;\">\u201cQue el Ejecutivo haya trabajado colaborativamente con la comisi\u00f3n y que hoy tengamos un resultado es una muy buena noticia\u201d, reiter\u00f3.<\/p>\n<\/div><\/section><\/div><div  style='height:50px' class='hr hr-invisible   avia-builder-el-6  el_after_av_one_full  el_before_av_social_share '><span class='hr-inner ' ><span class='hr-inner-style'><\/span><\/span><\/div><\/p>\n<div  class='av-social-sharing-box  avia-builder-el-7  el_after_av_hr  el_before_av_hr  '><div class='av-share-box'><h5 class='av-share-link-description av-no-toc '>Compartir esta noticia<\/h5><ul class='av-share-box-list noLightbox'><li class='av-share-link av-social-link-facebook' ><a target=\"_blank\" aria-label=\"Compartir en Facebook\" href='https:\/\/www.facebook.com\/sharer.php?u=https:\/\/radiorevelacionfm.cl\/?p=23169&#038;t=Proyecto%20de%20Envejecimiento%20Activo%20sigue%20avanzando%20en%20el%20Senado%20y%20es%20despachado%20desde%20Comisi%C3%B3n%20del%20Adulto%20Mayor' aria-hidden='false' data-av_icon='\ue8f3' data-av_iconfont='entypo-fontello' title='' data-avia-related-tooltip='Compartir en Facebook' rel=\"noopener\"><span class='avia_hidden_link_text'>Compartir en Facebook<\/span><\/a><\/li><li class='av-share-link av-social-link-twitter' ><a target=\"_blank\" aria-label=\"Compartir en Twitter\" href='https:\/\/twitter.com\/share?text=Proyecto%20de%20Envejecimiento%20Activo%20sigue%20avanzando%20en%20el%20Senado%20y%20es%20despachado%20desde%20Comisi%C3%B3n%20del%20Adulto%20Mayor&#038;url=https:\/\/radiorevelacionfm.cl\/?p=23169' aria-hidden='false' data-av_icon='\ue8f1' data-av_iconfont='entypo-fontello' title='' data-avia-related-tooltip='Compartir en Twitter' rel=\"noopener\"><span class='avia_hidden_link_text'>Compartir en Twitter<\/span><\/a><\/li><li class='av-share-link av-social-link-whatsapp' ><a target=\"_blank\" aria-label=\"Compartir en Whatsapp\" href='https:\/\/api.whatsapp.com\/send?text=https:\/\/radiorevelacionfm.cl\/?p=23169' aria-hidden='false' data-av_icon='\uf232' data-av_iconfont='entypo-fontello' title='' data-avia-related-tooltip='Compartir en Whatsapp' rel=\"noopener\"><span class='avia_hidden_link_text'>Compartir en Whatsapp<\/span><\/a><\/li><li class='av-share-link av-social-link-linkedin' ><a target=\"_blank\" aria-label=\"Compartir en LinkedIn\" href='https:\/\/linkedin.com\/shareArticle?mini=true&#038;title=Proyecto%20de%20Envejecimiento%20Activo%20sigue%20avanzando%20en%20el%20Senado%20y%20es%20despachado%20desde%20Comisi%C3%B3n%20del%20Adulto%20Mayor&#038;url=https:\/\/radiorevelacionfm.cl\/?p=23169' aria-hidden='false' data-av_icon='\ue8fc' data-av_iconfont='entypo-fontello' title='' data-avia-related-tooltip='Compartir en LinkedIn' rel=\"noopener\"><span class='avia_hidden_link_text'>Compartir en LinkedIn<\/span><\/a><\/li><li class='av-share-link av-social-link-mail' ><a  aria-label=\"Compartir por correo\" href='mailto:?subject=Proyecto%20de%20Envejecimiento%20Activo%20sigue%20avanzando%20en%20el%20Senado%20y%20es%20despachado%20desde%20Comisi%C3%B3n%20del%20Adulto%20Mayor&#038;body=https:\/\/radiorevelacionfm.cl\/?p=23169' aria-hidden='false' data-av_icon='\ue805' data-av_iconfont='entypo-fontello' title='' data-avia-related-tooltip='Compartir por correo'><span class='avia_hidden_link_text'>Compartir por correo<\/span><\/a><\/li><\/ul><\/div><\/div>\n<div  style='height:50px' class='hr hr-invisible   avia-builder-el-8  el_after_av_social_share  el_before_av_comments_list '><span class='hr-inner ' ><span class='hr-inner-style'><\/span><\/span><\/div>\n<div  class='av-buildercomment  av-blog-meta-html-info-disabled av-blog-meta-tag-disabled  '><\/div>\n","protected":false},"excerpt":{"rendered":"","protected":false},"author":1,"featured_media":23170,"comment_status":"open","ping_status":"open","sticky":false,"template":"","format":"standard","meta":{"footnotes":""},"categories":[35],"tags":[],"class_list":["post-23169","post","type-post","status-publish","format-standard","has-post-thumbnail","hentry","category-politica"],"jetpack_featured_media_url":"https:\/\/radiorevelacionfm.cl\/wp-content\/uploads\/2022\/10\/COMISION-ADULTO-MAYOR-1-1.jpg","_links":{"self":[{"href":"https:\/\/radiorevelacionfm.cl\/index.php?rest_route=\/wp\/v2\/posts\/23169","targetHints":{"allow":["GET"]}}],"collection":[{"href":"https:\/\/radiorevelacionfm.cl\/index.php?rest_route=\/wp\/v2\/posts"}],"about":[{"href":"https:\/\/radiorevelacionfm.cl\/index.php?rest_route=\/wp\/v2\/types\/post"}],"author":[{"embeddable":true,"href":"https:\/\/radiorevelacionfm.cl\/index.php?rest_route=\/wp\/v2\/users\/1"}],"replies":[{"embeddable":true,"href":"https:\/\/radiorevelacionfm.cl\/index.php?rest_route=%2Fwp%2Fv2%2Fcomments&post=23169"}],"version-history":[{"count":2,"href":"https:\/\/radiorevelacionfm.cl\/index.php?rest_route=\/wp\/v2\/posts\/23169\/revisions"}],"predecessor-version":[{"id":23202,"href":"https:\/\/radiorevelacionfm.cl\/index.php?rest_route=\/wp\/v2\/posts\/23169\/revisions\/23202"}],"wp:featuredmedia":[{"embeddable":true,"href":"https:\/\/radiorevelacionfm.cl\/index.php?rest_route=\/wp\/v2\/media\/23170"}],"wp:attachment":[{"href":"https:\/\/radiorevelacionfm.cl\/index.php?rest_route=%2Fwp%2Fv2%2Fmedia&parent=23169"}],"wp:term":[{"taxonomy":"category","embeddable":true,"href":"https:\/\/radiorevelacionfm.cl\/index.php?rest_route=%2Fwp%2Fv2%2Fcategories&post=23169"},{"taxonomy":"post_tag","embeddable":true,"href":"https:\/\/radiorevelacionfm.cl\/index.php?rest_route=%2Fwp%2Fv2%2Ftags&post=23169"}],"curies":[{"name":"wp","href":"https:\/\/api.w.org\/{rel}","templated":true}]}}