{"id":23165,"date":"2022-10-19T09:58:30","date_gmt":"2022-10-19T12:58:30","guid":{"rendered":"https:\/\/radiorevelacionfm.cl\/?p=23165"},"modified":"2022-10-19T09:58:30","modified_gmt":"2022-10-19T12:58:30","slug":"realizan-feria-de-la-mujer-indigena-en-coyhaique","status":"publish","type":"post","link":"https:\/\/radiorevelacionfm.cl\/?p=23165","title":{"rendered":"Realizan Feria de la Mujer Ind\u00edgena en Coyhaique"},"content":{"rendered":"<div class=\"flex_column av_one_full  flex_column_div av-zero-column-padding first  avia-builder-el-0  el_before_av_one_full  avia-builder-el-first  \" style='border-radius:0px; '><div  class='avia-image-container  av-styling-    avia-builder-el-1  avia-builder-el-no-sibling  avia-align-center '  itemprop=\"image\" itemscope=\"itemscope\" itemtype=\"https:\/\/schema.org\/ImageObject\"  ><div class='avia-image-container-inner'><div class='avia-image-overlay-wrap'><img decoding=\"async\" class='wp-image-23166 avia-img-lazy-loading-not-23166 avia_image' src=\"https:\/\/radiorevelacionfm.cl\/wp-content\/uploads\/2022\/10\/img_2166-1_optimized.jpg\" alt='' title='img_2166-(1)_optimized' height=\"600\" width=\"849\"  itemprop=\"thumbnailUrl\" srcset=\"https:\/\/radiorevelacionfm.cl\/wp-content\/uploads\/2022\/10\/img_2166-1_optimized.jpg 849w, https:\/\/radiorevelacionfm.cl\/wp-content\/uploads\/2022\/10\/img_2166-1_optimized-300x212.jpg 300w, https:\/\/radiorevelacionfm.cl\/wp-content\/uploads\/2022\/10\/img_2166-1_optimized-768x543.jpg 768w, https:\/\/radiorevelacionfm.cl\/wp-content\/uploads\/2022\/10\/img_2166-1_optimized-260x185.jpg 260w, https:\/\/radiorevelacionfm.cl\/wp-content\/uploads\/2022\/10\/img_2166-1_optimized-705x498.jpg 705w, https:\/\/radiorevelacionfm.cl\/wp-content\/uploads\/2022\/10\/img_2166-1_optimized-600x424.jpg 600w\" sizes=\"(max-width: 849px) 100vw, 849px\" \/><\/div><\/div><\/div><\/div><div class=\"flex_column av_one_full  flex_column_div av-zero-column-padding first  avia-builder-el-2  el_after_av_one_full  el_before_av_one_full  column-top-margin\" style='border-radius:0px; '><section class=\"av_textblock_section \"  itemscope=\"itemscope\" itemtype=\"https:\/\/schema.org\/BlogPosting\" itemprop=\"blogPost\" ><div class='avia_textblock  '   itemprop=\"text\" ><p style=\"text-align: center;\"><strong><span style=\"font-size: 18pt;\">Realizan Feria de la Mujer Ind\u00edgena en Coyhaique<\/span><\/strong><\/p>\n<div id=\"gtx-trans\" style=\"position: absolute; left: -50px; top: 4.31534px;\">\n<div class=\"gtx-trans-icon\"><\/div>\n<\/div>\n<\/div><\/section><\/div><div class=\"flex_column av_one_full  flex_column_div av-zero-column-padding first  avia-builder-el-4  el_after_av_one_full  el_before_av_hr  column-top-margin\" style='border-radius:0px; '><section class=\"av_textblock_section \"  itemscope=\"itemscope\" itemtype=\"https:\/\/schema.org\/BlogPosting\" itemprop=\"blogPost\" ><div class='avia_textblock  '   itemprop=\"text\" ><p style=\"text-align: justify;\">Con el prop\u00f3sito de dar a conocer los emprendimientos de las mujeres que componen la mesa de la Mujer Ind\u00edgena y promover su econom\u00eda familiar, a trav\u00e9s de la venta de sus productos, se realiza la \u201cFeria de la Mujer Ind\u00edgena\u201d, actividad que se desarrollar\u00e1 hasta el d\u00eda martes 19 de octubre, de 09:00 a 19:00 horas, en la Plaza de Armas de Coyhaique. La ceremonia de inauguraci\u00f3n cont\u00f3 con la participaci\u00f3n de autoridades regionales y mapuches de Coyhaique.<\/p>\n<p style=\"text-align: justify;\">La actividad cuenta con 22 expositoras de Coyhaique, y sus alrededores como: Villa Ortega, Bajo Hondo y \u00d1irehuao. Seg\u00fan explic\u00f3 la Seremi de Desarrollo Social y Familia, Karina Acevedo en la feria, es posible encontrar desde hierbas medicinales, cremas, artesan\u00edas, mermeladas, tejidos, plantas y joyas, entre otras.<\/p>\n<p style=\"text-align: justify;\">Asimismo, Karina Acevedo, destac\u00f3 el convenio de colaboraci\u00f3n que existe entre Conadi y Sernameg, a nivel regional, y que impulsa la Mesa de la Mujer Ind\u00edgena, cuyo objetivo consiste en coordinar acciones que favorezcan las relaciones interculturales con un enfoque de derechos, de igualdad y equidad de g\u00e9nero, a trav\u00e9s de la difusi\u00f3n, valoraci\u00f3n y respecto de la cultura, artes y lenguas ind\u00edgenas.<\/p>\n<p style=\"text-align: justify;\">\u201cLos invitamos a participar porque hay mujeres que entregan sus saberes, sus conocimientos, de todo el mundo ind\u00edgena, donde hay productos medicinales, artesanales, todo lo que ellos realizan en este logro. Y por supuesto el Presidente Gabriel Boric, nos ha mandatado poder trabajar mancomunadamente con las comunidades, con los territorios, dando respuesta real y concreta, a lo que cada ciudadano requiere y en este trabajo de potenciar la cultura y el desarrollo de la mujer ind\u00edgena, para nosotros es tremendamente importante, ya que quien transmite este conocimiento son las mujeres\u201d.<\/p>\n<p style=\"text-align: justify;\">En tanto, la vocera de la Feria de la Mujer Ind\u00edgena, Artesana Mapuche, Yorka Cheuquian, invit\u00f3 a la comunidad a participar e indic\u00f3 que \u201ces una feria en la que tenemos alrededor de 22 expositoras, todas mujeres; cada una de ellas realiza sus propios trabajos, aqu\u00ed es artesan\u00eda, manufactura y algunos oficios que ustedes tambi\u00e9n podr\u00e1n encontrar en esta feria. Esta feria parte de la Mesa de la Mujer Ind\u00edgena, que es un convenio que tenemos con Sernameg y Desarrollo Social y Familia\u201d.<\/p>\n<p style=\"text-align: justify;\">Una de las expositoras, Alejandra Leiva perteneciente a la Asociaci\u00f3n Ind\u00edgena, Marim\u00e1n, agradeci\u00f3 la realizaci\u00f3n de la feria y se\u00f1al\u00f3 que \u201cen esta oportunidad quer\u00eda agradecer esta instancia, este espacio tambi\u00e9n para la mujer ind\u00edgena, en este territorio. Tambi\u00e9n es importante mencionar que este territorio nace tambi\u00e9n, desde la lucha y la resistencia de mujeres mapuches, e ind\u00edgenas mapuches \u2013huilliche, agradecemos esta oportunidad de mostrar nuestros oficios, nuestros trabajos, aqu\u00ed en la Plaza de Armas de la ciudad de Coyhaique\u201d.<\/p>\n<p style=\"text-align: justify;\">Por su parte, la Directora Regional de Sernameg, Carla Arriagada, manifest\u00f3 que \u201ces una convocatoria que se levanta a prop\u00f3sito de la mesa de la mujer ind\u00edgena, que tenemos en conjunto con Conadi, el Ministerio de Desarrollo social y Familia, y surge por la demanda de las mujeres de poder visibilizar el mundo mapuche, el mundo de las mujeres mapuches.\u00a0 Esta convocatoria y este espacio autogestionado y coordinado en el marco de la mesa, tiene esa significaci\u00f3n, el poder entregar un espacio de comercializaci\u00f3n, y de visualizaci\u00f3n del arte, de los productos, de las mujeres mapuches de la comuna de Coyhaique\u201d.<\/p>\n<p style=\"text-align: justify;\"><strong>\u00a0<\/strong><\/p>\n<p style=\"text-align: justify;\"><strong>\u00a0<\/strong><\/p>\n<\/div><\/section><\/div><div  style='height:50px' class='hr hr-invisible   avia-builder-el-6  el_after_av_one_full  el_before_av_social_share '><span class='hr-inner ' ><span class='hr-inner-style'><\/span><\/span><\/div><\/p>\n<div  class='av-social-sharing-box  avia-builder-el-7  el_after_av_hr  el_before_av_hr  '><div class='av-share-box'><h5 class='av-share-link-description av-no-toc '>Compartir esta noticia<\/h5><ul class='av-share-box-list noLightbox'><li class='av-share-link av-social-link-facebook' ><a target=\"_blank\" aria-label=\"Compartir en Facebook\" href='https:\/\/www.facebook.com\/sharer.php?u=https:\/\/radiorevelacionfm.cl\/?p=23165&#038;t=Realizan%20Feria%20de%20la%20Mujer%20Ind%C3%ADgena%20en%20Coyhaique' aria-hidden='false' data-av_icon='\ue8f3' data-av_iconfont='entypo-fontello' title='' data-avia-related-tooltip='Compartir en Facebook' rel=\"noopener\"><span class='avia_hidden_link_text'>Compartir en Facebook<\/span><\/a><\/li><li class='av-share-link av-social-link-twitter' ><a target=\"_blank\" aria-label=\"Compartir en Twitter\" href='https:\/\/twitter.com\/share?text=Realizan%20Feria%20de%20la%20Mujer%20Ind%C3%ADgena%20en%20Coyhaique&#038;url=https:\/\/radiorevelacionfm.cl\/?p=23165' aria-hidden='false' data-av_icon='\ue8f1' data-av_iconfont='entypo-fontello' title='' data-avia-related-tooltip='Compartir en Twitter' rel=\"noopener\"><span class='avia_hidden_link_text'>Compartir en Twitter<\/span><\/a><\/li><li class='av-share-link av-social-link-whatsapp' ><a target=\"_blank\" aria-label=\"Compartir en Whatsapp\" href='https:\/\/api.whatsapp.com\/send?text=https:\/\/radiorevelacionfm.cl\/?p=23165' aria-hidden='false' data-av_icon='\uf232' data-av_iconfont='entypo-fontello' title='' data-avia-related-tooltip='Compartir en Whatsapp' rel=\"noopener\"><span class='avia_hidden_link_text'>Compartir en Whatsapp<\/span><\/a><\/li><li class='av-share-link av-social-link-linkedin' ><a target=\"_blank\" aria-label=\"Compartir en LinkedIn\" href='https:\/\/linkedin.com\/shareArticle?mini=true&#038;title=Realizan%20Feria%20de%20la%20Mujer%20Ind%C3%ADgena%20en%20Coyhaique&#038;url=https:\/\/radiorevelacionfm.cl\/?p=23165' aria-hidden='false' data-av_icon='\ue8fc' data-av_iconfont='entypo-fontello' title='' data-avia-related-tooltip='Compartir en LinkedIn' rel=\"noopener\"><span class='avia_hidden_link_text'>Compartir en LinkedIn<\/span><\/a><\/li><li class='av-share-link av-social-link-mail' ><a  aria-label=\"Compartir por correo\" href='mailto:?subject=Realizan%20Feria%20de%20la%20Mujer%20Ind%C3%ADgena%20en%20Coyhaique&#038;body=https:\/\/radiorevelacionfm.cl\/?p=23165' aria-hidden='false' data-av_icon='\ue805' data-av_iconfont='entypo-fontello' title='' data-avia-related-tooltip='Compartir por correo'><span class='avia_hidden_link_text'>Compartir por correo<\/span><\/a><\/li><\/ul><\/div><\/div>\n<div  style='height:50px' class='hr hr-invisible   avia-builder-el-8  el_after_av_social_share  el_before_av_comments_list '><span class='hr-inner ' ><span class='hr-inner-style'><\/span><\/span><\/div>\n<div  class='av-buildercomment  av-blog-meta-html-info-disabled av-blog-meta-tag-disabled  '><\/div>\n","protected":false},"excerpt":{"rendered":"","protected":false},"author":1,"featured_media":23166,"comment_status":"open","ping_status":"open","sticky":false,"template":"","format":"standard","meta":{"footnotes":""},"categories":[38],"tags":[],"class_list":["post-23165","post","type-post","status-publish","format-standard","has-post-thumbnail","hentry","category-regional"],"jetpack_featured_media_url":"https:\/\/radiorevelacionfm.cl\/wp-content\/uploads\/2022\/10\/img_2166-1_optimized.jpg","_links":{"self":[{"href":"https:\/\/radiorevelacionfm.cl\/index.php?rest_route=\/wp\/v2\/posts\/23165","targetHints":{"allow":["GET"]}}],"collection":[{"href":"https:\/\/radiorevelacionfm.cl\/index.php?rest_route=\/wp\/v2\/posts"}],"about":[{"href":"https:\/\/radiorevelacionfm.cl\/index.php?rest_route=\/wp\/v2\/types\/post"}],"author":[{"embeddable":true,"href":"https:\/\/radiorevelacionfm.cl\/index.php?rest_route=\/wp\/v2\/users\/1"}],"replies":[{"embeddable":true,"href":"https:\/\/radiorevelacionfm.cl\/index.php?rest_route=%2Fwp%2Fv2%2Fcomments&post=23165"}],"version-history":[{"count":2,"href":"https:\/\/radiorevelacionfm.cl\/index.php?rest_route=\/wp\/v2\/posts\/23165\/revisions"}],"predecessor-version":[{"id":23192,"href":"https:\/\/radiorevelacionfm.cl\/index.php?rest_route=\/wp\/v2\/posts\/23165\/revisions\/23192"}],"wp:featuredmedia":[{"embeddable":true,"href":"https:\/\/radiorevelacionfm.cl\/index.php?rest_route=\/wp\/v2\/media\/23166"}],"wp:attachment":[{"href":"https:\/\/radiorevelacionfm.cl\/index.php?rest_route=%2Fwp%2Fv2%2Fmedia&parent=23165"}],"wp:term":[{"taxonomy":"category","embeddable":true,"href":"https:\/\/radiorevelacionfm.cl\/index.php?rest_route=%2Fwp%2Fv2%2Fcategories&post=23165"},{"taxonomy":"post_tag","embeddable":true,"href":"https:\/\/radiorevelacionfm.cl\/index.php?rest_route=%2Fwp%2Fv2%2Ftags&post=23165"}],"curies":[{"name":"wp","href":"https:\/\/api.w.org\/{rel}","templated":true}]}}