{"id":23162,"date":"2022-10-18T16:31:58","date_gmt":"2022-10-18T19:31:58","guid":{"rendered":"https:\/\/radiorevelacionfm.cl\/?p=23162"},"modified":"2022-10-18T16:31:58","modified_gmt":"2022-10-18T19:31:58","slug":"calisto-presenta-proyecto-para-condonar-deudas-por-derechos-de-aseo-domiciliario","status":"publish","type":"post","link":"https:\/\/radiorevelacionfm.cl\/?p=23162","title":{"rendered":"Calisto presenta proyecto para condonar deudas por derechos de aseo domiciliario"},"content":{"rendered":"<div class=\"flex_column av_one_full  flex_column_div av-zero-column-padding first  avia-builder-el-0  el_before_av_one_full  avia-builder-el-first  \" style='border-radius:0px; '><div  class='avia-image-container  av-styling-    avia-builder-el-1  avia-builder-el-no-sibling  avia-align-center '  itemprop=\"image\" itemscope=\"itemscope\" itemtype=\"https:\/\/schema.org\/ImageObject\"  ><div class='avia-image-container-inner'><div class='avia-image-overlay-wrap'><img decoding=\"async\" class='wp-image-23163 avia-img-lazy-loading-not-23163 avia_image' src=\"https:\/\/radiorevelacionfm.cl\/wp-content\/uploads\/2022\/10\/calisto-congreso-oct-1_optimized.jpeg\" alt='' title='calisto-congreso-oct-(1)_optimized' height=\"600\" width=\"1131\"  itemprop=\"thumbnailUrl\" srcset=\"https:\/\/radiorevelacionfm.cl\/wp-content\/uploads\/2022\/10\/calisto-congreso-oct-1_optimized.jpeg 1131w, https:\/\/radiorevelacionfm.cl\/wp-content\/uploads\/2022\/10\/calisto-congreso-oct-1_optimized-300x159.jpeg 300w, https:\/\/radiorevelacionfm.cl\/wp-content\/uploads\/2022\/10\/calisto-congreso-oct-1_optimized-1030x546.jpeg 1030w, https:\/\/radiorevelacionfm.cl\/wp-content\/uploads\/2022\/10\/calisto-congreso-oct-1_optimized-768x407.jpeg 768w, https:\/\/radiorevelacionfm.cl\/wp-content\/uploads\/2022\/10\/calisto-congreso-oct-1_optimized-705x374.jpeg 705w, https:\/\/radiorevelacionfm.cl\/wp-content\/uploads\/2022\/10\/calisto-congreso-oct-1_optimized-600x318.jpeg 600w\" sizes=\"(max-width: 1131px) 100vw, 1131px\" \/><\/div><\/div><\/div><\/div><div class=\"flex_column av_one_full  flex_column_div av-zero-column-padding first  avia-builder-el-2  el_after_av_one_full  el_before_av_one_full  column-top-margin\" style='border-radius:0px; '><section class=\"av_textblock_section \"  itemscope=\"itemscope\" itemtype=\"https:\/\/schema.org\/BlogPosting\" itemprop=\"blogPost\" ><div class='avia_textblock  '   itemprop=\"text\" ><p style=\"text-align: center;\"><span style=\"font-size: 18pt;\"><b>Calisto presenta proyecto para condonar deudas por derechos de aseo domiciliario<\/b><\/span><\/p>\n<div id=\"gtx-trans\" style=\"position: absolute; left: -50px; top: 4.31534px;\">\n<div class=\"gtx-trans-icon\"><\/div>\n<\/div>\n<\/div><\/section><\/div><div class=\"flex_column av_one_full  flex_column_div av-zero-column-padding first  avia-builder-el-4  el_after_av_one_full  el_before_av_hr  column-top-margin\" style='border-radius:0px; '><section class=\"av_textblock_section \"  itemscope=\"itemscope\" itemtype=\"https:\/\/schema.org\/BlogPosting\" itemprop=\"blogPost\" ><div class='avia_textblock  '   itemprop=\"text\" ><p style=\"font-weight: 400; text-align: justify;\">Junto al diputado Hugo Rey y otros parlamentarios presentaron esta iniciativa que condona las deudas entre el 1 de marzo de 2020 y el 30 de septiembre de 2022.<\/p>\n<p style=\"font-weight: 400; text-align: justify;\">Ante la grave crisis econ\u00f3mica e inflaci\u00f3n que afecta al pa\u00eds, el diputado Miguel \u00c1ngel Calisto, el diputado Hugo Rey, y un grupo transversal de parlamentarios, presentaron un proyecto de ley que condona las deudas por derechos de aseo domiciliario de los \u00faltimos dos a\u00f1os, asegurando que \u201ces necesario buscar las alternativas para ayudar a las familias que lo han pasado muy mal este \u00faltimo tiempo\u201d.<\/p>\n<p style=\"font-weight: 400; text-align: justify;\">El proyecto establece que \u00abse declaren prescritas las obligaciones por concepto de derechos de aseo domiciliario devengadas entre el 1 de marzo de 2020 y el 30 de septiembre de 2022\u00bb.<\/p>\n<p style=\"font-weight: 400; text-align: justify;\">Seg\u00fan el legislador, \u201cjunto a un grupo transversal de parlamentarios, estamos presentando un proyecto de ley que pretende entregar un alivio a muchas familias chilenas. Queremos que se condonen las deudas por concepto de aseo domiciliario que muchas familias deben a distintos municipios del pa\u00eds. No es justo que las familias m\u00e1s pobres tengan que pagar estos derechos de aseo\u201d.<\/p>\n<p style=\"font-weight: 400; text-align: justify;\">\u201cHemos acordado generar este proyecto para condonar estas deudas entre el primero de marzo de 2020 y el 30 de septiembre de 2022. Se trata de fechas complejas desde el punto de vista econ\u00f3mico, porque el estallido social, la pandemia y la grave inflaci\u00f3n han golpeado fuerte a las familias, por lo que se justifica plenamente esta iniciativa\u201d, se\u00f1al\u00f3.<\/p>\n<p style=\"font-weight: 400; text-align: justify;\">Finalmente, el legislador afirm\u00f3 que \u201ceste proyecto tenemos que aprobarlo pronto, porque de lo contrario las deudas se siguen acumulando. Ya el Ministro de Hacienda ha informado que la situaci\u00f3n estar\u00e1 compleja en lo que queda del a\u00f1o, por lo que se requieren propuestas que permitan brindar cierto alivio a las familias que m\u00e1s lo necesitan.<\/p>\n<\/div><\/section><\/div><div  style='height:50px' class='hr hr-invisible   avia-builder-el-6  el_after_av_one_full  el_before_av_social_share '><span class='hr-inner ' ><span class='hr-inner-style'><\/span><\/span><\/div><\/p>\n<div  class='av-social-sharing-box  avia-builder-el-7  el_after_av_hr  el_before_av_hr  '><div class='av-share-box'><h5 class='av-share-link-description av-no-toc '>Compartir esta noticia<\/h5><ul class='av-share-box-list noLightbox'><li class='av-share-link av-social-link-facebook' ><a target=\"_blank\" aria-label=\"Compartir en Facebook\" href='https:\/\/www.facebook.com\/sharer.php?u=https:\/\/radiorevelacionfm.cl\/?p=23162&#038;t=Calisto%20presenta%20proyecto%20para%20condonar%20deudas%20por%20derechos%20de%20aseo%20domiciliario' aria-hidden='false' data-av_icon='\ue8f3' data-av_iconfont='entypo-fontello' title='' data-avia-related-tooltip='Compartir en Facebook' rel=\"noopener\"><span class='avia_hidden_link_text'>Compartir en Facebook<\/span><\/a><\/li><li class='av-share-link av-social-link-twitter' ><a target=\"_blank\" aria-label=\"Compartir en Twitter\" href='https:\/\/twitter.com\/share?text=Calisto%20presenta%20proyecto%20para%20condonar%20deudas%20por%20derechos%20de%20aseo%20domiciliario&#038;url=https:\/\/radiorevelacionfm.cl\/?p=23162' aria-hidden='false' data-av_icon='\ue8f1' data-av_iconfont='entypo-fontello' title='' data-avia-related-tooltip='Compartir en Twitter' rel=\"noopener\"><span class='avia_hidden_link_text'>Compartir en Twitter<\/span><\/a><\/li><li class='av-share-link av-social-link-whatsapp' ><a target=\"_blank\" aria-label=\"Compartir en Whatsapp\" href='https:\/\/api.whatsapp.com\/send?text=https:\/\/radiorevelacionfm.cl\/?p=23162' aria-hidden='false' data-av_icon='\uf232' data-av_iconfont='entypo-fontello' title='' data-avia-related-tooltip='Compartir en Whatsapp' rel=\"noopener\"><span class='avia_hidden_link_text'>Compartir en Whatsapp<\/span><\/a><\/li><li class='av-share-link av-social-link-linkedin' ><a target=\"_blank\" aria-label=\"Compartir en LinkedIn\" href='https:\/\/linkedin.com\/shareArticle?mini=true&#038;title=Calisto%20presenta%20proyecto%20para%20condonar%20deudas%20por%20derechos%20de%20aseo%20domiciliario&#038;url=https:\/\/radiorevelacionfm.cl\/?p=23162' aria-hidden='false' data-av_icon='\ue8fc' data-av_iconfont='entypo-fontello' title='' data-avia-related-tooltip='Compartir en LinkedIn' rel=\"noopener\"><span class='avia_hidden_link_text'>Compartir en LinkedIn<\/span><\/a><\/li><li class='av-share-link av-social-link-mail' ><a  aria-label=\"Compartir por correo\" href='mailto:?subject=Calisto%20presenta%20proyecto%20para%20condonar%20deudas%20por%20derechos%20de%20aseo%20domiciliario&#038;body=https:\/\/radiorevelacionfm.cl\/?p=23162' aria-hidden='false' data-av_icon='\ue805' data-av_iconfont='entypo-fontello' title='' data-avia-related-tooltip='Compartir por correo'><span class='avia_hidden_link_text'>Compartir por correo<\/span><\/a><\/li><\/ul><\/div><\/div>\n<div  style='height:50px' class='hr hr-invisible   avia-builder-el-8  el_after_av_social_share  el_before_av_comments_list '><span class='hr-inner ' ><span class='hr-inner-style'><\/span><\/span><\/div>\n<div  class='av-buildercomment  av-blog-meta-html-info-disabled av-blog-meta-tag-disabled  '><\/div>\n","protected":false},"excerpt":{"rendered":"","protected":false},"author":1,"featured_media":23163,"comment_status":"open","ping_status":"open","sticky":false,"template":"","format":"standard","meta":{"footnotes":""},"categories":[35],"tags":[],"class_list":["post-23162","post","type-post","status-publish","format-standard","has-post-thumbnail","hentry","category-politica"],"jetpack_featured_media_url":"https:\/\/radiorevelacionfm.cl\/wp-content\/uploads\/2022\/10\/calisto-congreso-oct-1_optimized.jpeg","_links":{"self":[{"href":"https:\/\/radiorevelacionfm.cl\/index.php?rest_route=\/wp\/v2\/posts\/23162","targetHints":{"allow":["GET"]}}],"collection":[{"href":"https:\/\/radiorevelacionfm.cl\/index.php?rest_route=\/wp\/v2\/posts"}],"about":[{"href":"https:\/\/radiorevelacionfm.cl\/index.php?rest_route=\/wp\/v2\/types\/post"}],"author":[{"embeddable":true,"href":"https:\/\/radiorevelacionfm.cl\/index.php?rest_route=\/wp\/v2\/users\/1"}],"replies":[{"embeddable":true,"href":"https:\/\/radiorevelacionfm.cl\/index.php?rest_route=%2Fwp%2Fv2%2Fcomments&post=23162"}],"version-history":[{"count":2,"href":"https:\/\/radiorevelacionfm.cl\/index.php?rest_route=\/wp\/v2\/posts\/23162\/revisions"}],"predecessor-version":[{"id":23168,"href":"https:\/\/radiorevelacionfm.cl\/index.php?rest_route=\/wp\/v2\/posts\/23162\/revisions\/23168"}],"wp:featuredmedia":[{"embeddable":true,"href":"https:\/\/radiorevelacionfm.cl\/index.php?rest_route=\/wp\/v2\/media\/23163"}],"wp:attachment":[{"href":"https:\/\/radiorevelacionfm.cl\/index.php?rest_route=%2Fwp%2Fv2%2Fmedia&parent=23162"}],"wp:term":[{"taxonomy":"category","embeddable":true,"href":"https:\/\/radiorevelacionfm.cl\/index.php?rest_route=%2Fwp%2Fv2%2Fcategories&post=23162"},{"taxonomy":"post_tag","embeddable":true,"href":"https:\/\/radiorevelacionfm.cl\/index.php?rest_route=%2Fwp%2Fv2%2Ftags&post=23162"}],"curies":[{"name":"wp","href":"https:\/\/api.w.org\/{rel}","templated":true}]}}