{"id":23156,"date":"2022-10-18T18:38:36","date_gmt":"2022-10-18T21:38:36","guid":{"rendered":"https:\/\/radiorevelacionfm.cl\/?p=23156"},"modified":"2022-10-18T18:38:36","modified_gmt":"2022-10-18T21:38:36","slug":"para-atender-demandas-de-la-poblacion-penal-femenina-conforman-mesa-mujeres-privadas-de-libertad-en-coyhaique","status":"publish","type":"post","link":"https:\/\/radiorevelacionfm.cl\/?p=23156","title":{"rendered":"Para atender demandas de la poblaci\u00f3n penal femenina: Conforman Mesa Mujeres Privadas de Libertad en Coyhaique"},"content":{"rendered":"<div class=\"flex_column av_one_full  flex_column_div av-zero-column-padding first  avia-builder-el-0  el_before_av_one_full  avia-builder-el-first  \" style='border-radius:0px; '><div  class='avia-image-container  av-styling-    avia-builder-el-1  avia-builder-el-no-sibling  avia-align-center '  itemprop=\"image\" itemscope=\"itemscope\" itemtype=\"https:\/\/schema.org\/ImageObject\"  ><div class='avia-image-container-inner'><div class='avia-image-overlay-wrap'><img decoding=\"async\" class='wp-image-23158 avia-img-lazy-loading-not-23158 avia_image' src=\"https:\/\/radiorevelacionfm.cl\/wp-content\/uploads\/2022\/10\/mesa-mujeres-3-2-1.jpg\" alt='' title='mesa mujeres 3 (2) (1)' height=\"600\" width=\"862\"  itemprop=\"thumbnailUrl\" srcset=\"https:\/\/radiorevelacionfm.cl\/wp-content\/uploads\/2022\/10\/mesa-mujeres-3-2-1.jpg 862w, https:\/\/radiorevelacionfm.cl\/wp-content\/uploads\/2022\/10\/mesa-mujeres-3-2-1-300x209.jpg 300w, https:\/\/radiorevelacionfm.cl\/wp-content\/uploads\/2022\/10\/mesa-mujeres-3-2-1-768x535.jpg 768w, https:\/\/radiorevelacionfm.cl\/wp-content\/uploads\/2022\/10\/mesa-mujeres-3-2-1-705x491.jpg 705w, https:\/\/radiorevelacionfm.cl\/wp-content\/uploads\/2022\/10\/mesa-mujeres-3-2-1-600x418.jpg 600w\" sizes=\"(max-width: 862px) 100vw, 862px\" \/><\/div><\/div><\/div><\/div><div class=\"flex_column av_one_full  flex_column_div av-zero-column-padding first  avia-builder-el-2  el_after_av_one_full  el_before_av_one_full  column-top-margin\" style='border-radius:0px; '><section class=\"av_textblock_section \"  itemscope=\"itemscope\" itemtype=\"https:\/\/schema.org\/BlogPosting\" itemprop=\"blogPost\" ><div class='avia_textblock  '   itemprop=\"text\" ><p style=\"text-align: center;\"><span style=\"font-size: 18pt;\"><strong>Para atender demandas de la poblaci\u00f3n penal femenina: <\/strong><\/span><span style=\"font-size: 18pt;\"><strong>Conforman Mesa Mujeres Privadas de Libertad en Coyhaique<\/strong><\/span><\/p>\n<div id=\"gtx-trans\" style=\"position: absolute; left: -50px; top: 4.31534px;\">\n<div class=\"gtx-trans-icon\"><\/div>\n<\/div>\n<\/div><\/section><\/div><div class=\"flex_column av_one_full  flex_column_div av-zero-column-padding first  avia-builder-el-4  el_after_av_one_full  el_before_av_hr  column-top-margin\" style='border-radius:0px; '><section class=\"av_textblock_section \"  itemscope=\"itemscope\" itemtype=\"https:\/\/schema.org\/BlogPosting\" itemprop=\"blogPost\" ><div class='avia_textblock  '   itemprop=\"text\" ><p style=\"text-align: justify;\">Poder reorientar la oferta program\u00e1tica de los distintos servicios p\u00fablicos para as\u00ed favorecer las necesidades que tienen hoy las mujeres privadas de libertad, es el principal objetivo de la recientemente creada \u201cMesa Mujeres Privadas de Libertad\u201d, la que est\u00e1 encabezada por la Seremi de la Mujer y Equidad de G\u00e9nero Andrea M\u00e9ndez, y que tuvo su primer encuentro la semana reci\u00e9n pasada en dependencias del audit\u00f3rium de la Biblioteca Regional, y que cont\u00f3 con la participaci\u00f3n de distintas autoridades regionales.<\/p>\n<p style=\"text-align: justify;\">En la oportunidad, la Seremi de la Mujer y Equidad de G\u00e9nero Andrea M\u00e9ndez se refiri\u00f3 a como se gesta esta instancia se\u00f1alando que \u201cla mesa surge de encuentros que he sostenido con las internas y el equipo de Gendarmer\u00eda durante el tiempo que llevo en la Secretar\u00eda Ministerial de la Mujer y Equidad de G\u00e9nero, donde he podido identificar las necesidades multisectoriales que ellas tienen, c\u00f3mo \u00e9stas necesidades son m\u00faltiples, diversas y las complejidades de la poblaci\u00f3n penal femenina son particulares, se hace necesario articular esta mesa en donde la idea es que cada uno de los servicios convocados puedan reorientar su oferta program\u00e1tica, tendiente a favorecer distintas dimensiones que requieren las mujeres privadas de libertad\u201d.<\/p>\n<p style=\"text-align: justify;\">Respecto a las demandas propiamente tal, Andrea M\u00e9ndez explic\u00f3 que \u201chay una demanda que emana de las mujeres privadas de libertad que tiene que ver con controles ginecol\u00f3gicos peri\u00f3dicos, en ese sentido es importante involucrar a Salud para que pueda garantizar esas atenciones en los respectivos espacios penitenciarios, hay requerimientos asociados a educaci\u00f3n, alfabetizaci\u00f3n digital y a poder fortalecer competencias de tipo laborales, para que cuando ellas salgan puedan tener una reinserci\u00f3n social y laboral m\u00e1s adecuada, entonces a partir de cada requerimiento nosotros hemos sugerido a distintos sectores que nos den una respuesta o una reorientaci\u00f3n program\u00e1tica para dar respuesta a ello. Los requerimientos se entregaron hoy de acuerdo a la sistematizaci\u00f3n que realizamos, y la idea es que el 17 de noviembre cada uno de los servicios, se\u00f1ale a que se va a comprometer como para redirigir esta oferta program\u00e1tica, porque no estamos apuntando a una oferta program\u00e1tica nueva, porque no podemos garantizar aquello, no obstante, si podemos garantizar que el foco se ponga en las mujeres privadas de libertad\u201d.<\/p>\n<p style=\"text-align: justify;\">Por su parte, el Director Regional de Gendarmer\u00eda de Chile, el Comandante Fredy Molinett indic\u00f3 que \u201cavanzar en estas mesas de trabajo es un tremendo logro porque esto va en beneficio directo de la poblaci\u00f3n femenina, las mujeres hoy en d\u00eda est\u00e1n privadas de libertad, pero no por eso no tienen derechos a muchas cosas como la salud, recreaci\u00f3n, estudios, entonces en ese orden de cosas nosotros como siempre garantes de los derechos humanos vamos a estar apoyando e incentivando este tipo de acciones\u201d.<\/p>\n<p style=\"text-align: justify;\">Mientras que el Seremi de Justicia y Derechos Humanos, Samuel Navarro Castro destac\u00f3 esta iniciativa que surge desde la necesidad de las mujeres privadas de libertad, y que est\u00e1 siendo canalizada por su par de la Mujer y Equidad de G\u00e9nero Andrea M\u00e9ndez para lograr buscar el compromiso de todas las autoridades que permitan que dichas demandas sean cubiertas \u201cefectivamente, este encuentro constituye el primer paso de acciones conjuntas que estamos realizando, que tienden a ser multisectoriales para mejorar las condiciones de las mujeres privadas de libertad en la regi\u00f3n a lo que hemos adherido, pues a partir de diversos diagn\u00f3sticos compartidos nos parece que va en la direcci\u00f3n correcta de lo que queremos realizar y que se suman adem\u00e1s a otras acciones a mediano y largo plazo que nos encontramos nosotros realizando con la poblaci\u00f3n penal\u00a0 en general, para mejorar las condiciones del cumplimiento de sus condenas pues la sanci\u00f3n que tienen estas personas de privaci\u00f3n de libertad, por lo que se trabaja y trabajar\u00e1n consistentemente con fortalecer la reinserci\u00f3n social en condiciones de seguridad, pero que nos permita efectivamente\u00a0 romper con el circuito de la reincidencia\u201d.<\/p>\n<p style=\"text-align: justify;\">Ahora respecto al seguimiento de que cada una de las demandas y el compromiso de las autoridades se vaya cumpliendo, Andrea M\u00e9ndez fue enf\u00e1tica en se\u00f1alar que \u201cel seguimiento lo hacemos nosotras, que somos quienes presidimos la mesa, y el seguimiento va a estar dado porque, los compromisos los suscriben los seremis o en su nombre, por lo tanto esto compromete a la autoridad, y nosotros vamos a asegurarnos a trav\u00e9s de encuentros bilaterales con los sectores, y al mismo tiempo una periodicidad de 3 meses vamos a ser ampliados, para asegurar que estos compromisos vayan en buen curso y tambi\u00e9n para evaluar otros requerimientos que puedan ir emergiendo a trav\u00e9s del trabajo que vayamos realizando\u201d.<\/p>\n<p style=\"text-align: justify;\">Finalmente, cabe mencionar que en este encuentro estuvieron presente los seremis de Educaci\u00f3n Isabel Garrido, del Trabajo y Previsi\u00f3n Social Rodrigo D\u00edaz, de Deportes Mar\u00eda Eugenia Dur\u00e1n, de Desarrollo Social Karina Acevedo, de Vivienda Paulina Ruz, de las Culturas, las Artes y el Patrimonio Felipe Quiroz y sus respectivos equipos de Trabajo, as\u00ed tambi\u00e9n profesionales de Gendarmer\u00eda de Chile, Indh, Universidad de Ays\u00e9n, Defensor\u00eda Penal, entre otros.<\/p>\n<\/div><\/section><\/div><div  style='height:50px' class='hr hr-invisible   avia-builder-el-6  el_after_av_one_full  el_before_av_social_share '><span class='hr-inner ' ><span class='hr-inner-style'><\/span><\/span><\/div><\/p>\n<div  class='av-social-sharing-box  avia-builder-el-7  el_after_av_hr  el_before_av_hr  '><div class='av-share-box'><h5 class='av-share-link-description av-no-toc '>Compartir esta noticia<\/h5><ul class='av-share-box-list noLightbox'><li class='av-share-link av-social-link-facebook' ><a target=\"_blank\" aria-label=\"Compartir en Facebook\" href='https:\/\/www.facebook.com\/sharer.php?u=https:\/\/radiorevelacionfm.cl\/?p=23156&#038;t=Para%20atender%20demandas%20de%20la%20poblaci%C3%B3n%20penal%20femenina%3A%20Conforman%20Mesa%20Mujeres%20Privadas%20de%20Libertad%20en%20Coyhaique' aria-hidden='false' data-av_icon='\ue8f3' data-av_iconfont='entypo-fontello' title='' data-avia-related-tooltip='Compartir en Facebook' rel=\"noopener\"><span class='avia_hidden_link_text'>Compartir en Facebook<\/span><\/a><\/li><li class='av-share-link av-social-link-twitter' ><a target=\"_blank\" aria-label=\"Compartir en Twitter\" href='https:\/\/twitter.com\/share?text=Para%20atender%20demandas%20de%20la%20poblaci%C3%B3n%20penal%20femenina%3A%20Conforman%20Mesa%20Mujeres%20Privadas%20de%20Libertad%20en%20Coyhaique&#038;url=https:\/\/radiorevelacionfm.cl\/?p=23156' aria-hidden='false' data-av_icon='\ue8f1' data-av_iconfont='entypo-fontello' title='' data-avia-related-tooltip='Compartir en Twitter' rel=\"noopener\"><span class='avia_hidden_link_text'>Compartir en Twitter<\/span><\/a><\/li><li class='av-share-link av-social-link-whatsapp' ><a target=\"_blank\" aria-label=\"Compartir en Whatsapp\" href='https:\/\/api.whatsapp.com\/send?text=https:\/\/radiorevelacionfm.cl\/?p=23156' aria-hidden='false' data-av_icon='\uf232' data-av_iconfont='entypo-fontello' title='' data-avia-related-tooltip='Compartir en Whatsapp' rel=\"noopener\"><span class='avia_hidden_link_text'>Compartir en Whatsapp<\/span><\/a><\/li><li class='av-share-link av-social-link-linkedin' ><a target=\"_blank\" aria-label=\"Compartir en LinkedIn\" href='https:\/\/linkedin.com\/shareArticle?mini=true&#038;title=Para%20atender%20demandas%20de%20la%20poblaci%C3%B3n%20penal%20femenina%3A%20Conforman%20Mesa%20Mujeres%20Privadas%20de%20Libertad%20en%20Coyhaique&#038;url=https:\/\/radiorevelacionfm.cl\/?p=23156' aria-hidden='false' data-av_icon='\ue8fc' data-av_iconfont='entypo-fontello' title='' data-avia-related-tooltip='Compartir en LinkedIn' rel=\"noopener\"><span class='avia_hidden_link_text'>Compartir en LinkedIn<\/span><\/a><\/li><li class='av-share-link av-social-link-mail' ><a  aria-label=\"Compartir por correo\" href='mailto:?subject=Para%20atender%20demandas%20de%20la%20poblaci%C3%B3n%20penal%20femenina%3A%20Conforman%20Mesa%20Mujeres%20Privadas%20de%20Libertad%20en%20Coyhaique&#038;body=https:\/\/radiorevelacionfm.cl\/?p=23156' aria-hidden='false' data-av_icon='\ue805' data-av_iconfont='entypo-fontello' title='' data-avia-related-tooltip='Compartir por correo'><span class='avia_hidden_link_text'>Compartir por correo<\/span><\/a><\/li><\/ul><\/div><\/div>\n<div  style='height:50px' class='hr hr-invisible   avia-builder-el-8  el_after_av_social_share  el_before_av_comments_list '><span class='hr-inner ' ><span class='hr-inner-style'><\/span><\/span><\/div>\n<div  class='av-buildercomment  av-blog-meta-html-info-disabled av-blog-meta-tag-disabled  '><\/div>\n","protected":false},"excerpt":{"rendered":"","protected":false},"author":1,"featured_media":23158,"comment_status":"open","ping_status":"open","sticky":false,"template":"","format":"standard","meta":{"footnotes":""},"categories":[55],"tags":[],"class_list":["post-23156","post","type-post","status-publish","format-standard","has-post-thumbnail","hentry","category-justicia"],"jetpack_featured_media_url":"https:\/\/radiorevelacionfm.cl\/wp-content\/uploads\/2022\/10\/mesa-mujeres-3-2-1.jpg","_links":{"self":[{"href":"https:\/\/radiorevelacionfm.cl\/index.php?rest_route=\/wp\/v2\/posts\/23156","targetHints":{"allow":["GET"]}}],"collection":[{"href":"https:\/\/radiorevelacionfm.cl\/index.php?rest_route=\/wp\/v2\/posts"}],"about":[{"href":"https:\/\/radiorevelacionfm.cl\/index.php?rest_route=\/wp\/v2\/types\/post"}],"author":[{"embeddable":true,"href":"https:\/\/radiorevelacionfm.cl\/index.php?rest_route=\/wp\/v2\/users\/1"}],"replies":[{"embeddable":true,"href":"https:\/\/radiorevelacionfm.cl\/index.php?rest_route=%2Fwp%2Fv2%2Fcomments&post=23156"}],"version-history":[{"count":2,"href":"https:\/\/radiorevelacionfm.cl\/index.php?rest_route=\/wp\/v2\/posts\/23156\/revisions"}],"predecessor-version":[{"id":23182,"href":"https:\/\/radiorevelacionfm.cl\/index.php?rest_route=\/wp\/v2\/posts\/23156\/revisions\/23182"}],"wp:featuredmedia":[{"embeddable":true,"href":"https:\/\/radiorevelacionfm.cl\/index.php?rest_route=\/wp\/v2\/media\/23158"}],"wp:attachment":[{"href":"https:\/\/radiorevelacionfm.cl\/index.php?rest_route=%2Fwp%2Fv2%2Fmedia&parent=23156"}],"wp:term":[{"taxonomy":"category","embeddable":true,"href":"https:\/\/radiorevelacionfm.cl\/index.php?rest_route=%2Fwp%2Fv2%2Fcategories&post=23156"},{"taxonomy":"post_tag","embeddable":true,"href":"https:\/\/radiorevelacionfm.cl\/index.php?rest_route=%2Fwp%2Fv2%2Ftags&post=23156"}],"curies":[{"name":"wp","href":"https:\/\/api.w.org\/{rel}","templated":true}]}}