{"id":23153,"date":"2022-10-18T14:57:58","date_gmt":"2022-10-18T17:57:58","guid":{"rendered":"https:\/\/radiorevelacionfm.cl\/?p=23153"},"modified":"2022-10-18T14:57:58","modified_gmt":"2022-10-18T17:57:58","slug":"culturas-aysen-despliega-laboratorios-de-educacion-artistica-por-el-territorio","status":"publish","type":"post","link":"https:\/\/radiorevelacionfm.cl\/?p=23153","title":{"rendered":"Culturas Ays\u00e9n despliega laboratorios de educaci\u00f3n art\u00edstica por el territorio"},"content":{"rendered":"<div class=\"flex_column av_one_full  flex_column_div av-zero-column-padding first  avia-builder-el-0  el_before_av_one_full  avia-builder-el-first  \" style='border-radius:0px; '><div  class='avia-image-container  av-styling-    avia-builder-el-1  avia-builder-el-no-sibling  avia-align-center '  itemprop=\"image\" itemscope=\"itemscope\" itemtype=\"https:\/\/schema.org\/ImageObject\"  ><div class='avia-image-container-inner'><div class='avia-image-overlay-wrap'><img decoding=\"async\" class='wp-image-23154 avia-img-lazy-loading-not-23154 avia_image' src=\"https:\/\/radiorevelacionfm.cl\/wp-content\/uploads\/2022\/10\/laboratorio-3-1-1.jpg\" alt='' title='laboratorio 3 (1) (1)' height=\"600\" width=\"800\"  itemprop=\"thumbnailUrl\" srcset=\"https:\/\/radiorevelacionfm.cl\/wp-content\/uploads\/2022\/10\/laboratorio-3-1-1.jpg 800w, https:\/\/radiorevelacionfm.cl\/wp-content\/uploads\/2022\/10\/laboratorio-3-1-1-300x225.jpg 300w, https:\/\/radiorevelacionfm.cl\/wp-content\/uploads\/2022\/10\/laboratorio-3-1-1-768x576.jpg 768w, https:\/\/radiorevelacionfm.cl\/wp-content\/uploads\/2022\/10\/laboratorio-3-1-1-705x529.jpg 705w, https:\/\/radiorevelacionfm.cl\/wp-content\/uploads\/2022\/10\/laboratorio-3-1-1-600x450.jpg 600w\" sizes=\"(max-width: 800px) 100vw, 800px\" \/><\/div><\/div><\/div><\/div><div class=\"flex_column av_one_full  flex_column_div av-zero-column-padding first  avia-builder-el-2  el_after_av_one_full  el_before_av_one_full  column-top-margin\" style='border-radius:0px; '><section class=\"av_textblock_section \"  itemscope=\"itemscope\" itemtype=\"https:\/\/schema.org\/BlogPosting\" itemprop=\"blogPost\" ><div class='avia_textblock  '   itemprop=\"text\" ><p style=\"text-align: center;\"><strong><span style=\"font-size: 18pt;\">Culturas Ays\u00e9n despliega laboratorios de educaci\u00f3n art\u00edstica por el territorio<\/span><\/strong><\/p>\n<div id=\"gtx-trans\" style=\"position: absolute; left: -50px; top: 4.31534px;\">\n<div class=\"gtx-trans-icon\"><\/div>\n<\/div>\n<\/div><\/section><\/div><div class=\"flex_column av_one_full  flex_column_div av-zero-column-padding first  avia-builder-el-4  el_after_av_one_full  el_before_av_hr  column-top-margin\" style='border-radius:0px; '><section class=\"av_textblock_section \"  itemscope=\"itemscope\" itemtype=\"https:\/\/schema.org\/BlogPosting\" itemprop=\"blogPost\" ><div class='avia_textblock  '   itemprop=\"text\" ><p style=\"text-align: justify;\">Artistas locales vinculados con la comunidad a trav\u00e9s del arte, la creaci\u00f3n, la reflexi\u00f3n cr\u00edtica y la experiencia colectiva. Esa es la propuesta del departamento de Educaci\u00f3n Art\u00edstica de la Secretar\u00eda Regional Ministerial de las Culturas, las Artes y el Patrimonio, Regi\u00f3n de Ays\u00e9n.<\/p>\n<p style=\"text-align: justify;\">Con ese objetivo, profesionales del \u00e1rea se han desplegado por diversas comunas para coordinar el trabajo en terreno de las y los artistas que en esta primera etapa se est\u00e1n haciendo cargo del trabajo con las y los estudiantes.<\/p>\n<p style=\"text-align: justify;\">Patricia Rivera, encargada de Educaci\u00f3n Art\u00edstica de la Seremi de Culturas Ays\u00e9n, piensa que \u201ces imperativo transformar el aula en un lugar m\u00e1s acogedor, que se abra a experiencias que van m\u00e1s all\u00e1 del curr\u00edculum formal y que enriquecen sobremanera el desarrollo de ni\u00f1os, ni\u00f1as y j\u00f3venes. Nuestros laboratorios de educaci\u00f3n art\u00edstica van en esa l\u00ednea y cada establecimiento con el que trabajamos agradece enormemente la posibilidad de ampliar sus horizontes, creando nuevas experiencias educativas\u201d.<\/p>\n<p style=\"text-align: justify;\">La artista circense Natalie Oyarz\u00fan trabaj\u00f3 con ni\u00f1os, ni\u00f1as y j\u00f3venes de Cochrane en su laboratorio de acrobacias a\u00e9reas en la Escuela B\u00e1sica Hern\u00e1n Correa: \u201ces una gran oportunidad poder llevar telas y acrobacias a\u00e9reas a establecimientos educacionales. Llevo tiempo en Cochrane y esto es una ventana para que puedan participar, otra forma de jugar y abrirse a expresiones art\u00edsticas, que se incorporen a la escuela. Llegaron hartos ni\u00f1os, hay inter\u00e9s. Y hay poco miedo, por lo que veo mucho potencial, un potencial impresionante para acr\u00f3batas a\u00e9reos. Y mucha motivaci\u00f3n. Porque se trata de otra posibilidad de expresi\u00f3n y de movimiento, en un lugar que por lo general es cerrado, en una cierta postura, un comportamiento para el aprendizaje\u201d. Natalie ense\u00f1\u00f3 trapecio, tela, aro y malabares, disciplinas que, a su juicio, \u201ctrabajan la confianza, la autoestima, el sentido del logro, del yo puedo\u201d.<\/p>\n<p style=\"text-align: justify;\">El cantante Rolando Form\u00f3n, oriundo de Chile Chico, estuvo a cargo del laboratorio art\u00edstico cultural de rap en el Liceo Bicentenario Luisa Rabanal Palma de la localidad, mientras el cantautor Jorge Contreras hizo lo propio en la Escuela Aonikenk de Puerto Ib\u00e1\u00f1ez. En Cisnes, la artista Elsa Ancamil desarrollar\u00e1 en la Escuela Guido G\u00f3mez su laboratorio de fieltro.<\/p>\n<\/div><\/section><\/div><div  style='height:50px' class='hr hr-invisible   avia-builder-el-6  el_after_av_one_full  el_before_av_social_share '><span class='hr-inner ' ><span class='hr-inner-style'><\/span><\/span><\/div><\/p>\n<div  class='av-social-sharing-box  avia-builder-el-7  el_after_av_hr  el_before_av_hr  '><div class='av-share-box'><h5 class='av-share-link-description av-no-toc '>Compartir esta noticia<\/h5><ul class='av-share-box-list noLightbox'><li class='av-share-link av-social-link-facebook' ><a target=\"_blank\" aria-label=\"Compartir en Facebook\" href='https:\/\/www.facebook.com\/sharer.php?u=https:\/\/radiorevelacionfm.cl\/?p=23153&#038;t=Culturas%20Ays%C3%A9n%20despliega%20laboratorios%20de%20educaci%C3%B3n%20art%C3%ADstica%20por%20el%20territorio' aria-hidden='false' data-av_icon='\ue8f3' data-av_iconfont='entypo-fontello' title='' data-avia-related-tooltip='Compartir en Facebook' rel=\"noopener\"><span class='avia_hidden_link_text'>Compartir en Facebook<\/span><\/a><\/li><li class='av-share-link av-social-link-twitter' ><a target=\"_blank\" aria-label=\"Compartir en Twitter\" href='https:\/\/twitter.com\/share?text=Culturas%20Ays%C3%A9n%20despliega%20laboratorios%20de%20educaci%C3%B3n%20art%C3%ADstica%20por%20el%20territorio&#038;url=https:\/\/radiorevelacionfm.cl\/?p=23153' aria-hidden='false' data-av_icon='\ue8f1' data-av_iconfont='entypo-fontello' title='' data-avia-related-tooltip='Compartir en Twitter' rel=\"noopener\"><span class='avia_hidden_link_text'>Compartir en Twitter<\/span><\/a><\/li><li class='av-share-link av-social-link-whatsapp' ><a target=\"_blank\" aria-label=\"Compartir en Whatsapp\" href='https:\/\/api.whatsapp.com\/send?text=https:\/\/radiorevelacionfm.cl\/?p=23153' aria-hidden='false' data-av_icon='\uf232' data-av_iconfont='entypo-fontello' title='' data-avia-related-tooltip='Compartir en Whatsapp' rel=\"noopener\"><span class='avia_hidden_link_text'>Compartir en Whatsapp<\/span><\/a><\/li><li class='av-share-link av-social-link-linkedin' ><a target=\"_blank\" aria-label=\"Compartir en LinkedIn\" href='https:\/\/linkedin.com\/shareArticle?mini=true&#038;title=Culturas%20Ays%C3%A9n%20despliega%20laboratorios%20de%20educaci%C3%B3n%20art%C3%ADstica%20por%20el%20territorio&#038;url=https:\/\/radiorevelacionfm.cl\/?p=23153' aria-hidden='false' data-av_icon='\ue8fc' data-av_iconfont='entypo-fontello' title='' data-avia-related-tooltip='Compartir en LinkedIn' rel=\"noopener\"><span class='avia_hidden_link_text'>Compartir en LinkedIn<\/span><\/a><\/li><li class='av-share-link av-social-link-mail' ><a  aria-label=\"Compartir por correo\" href='mailto:?subject=Culturas%20Ays%C3%A9n%20despliega%20laboratorios%20de%20educaci%C3%B3n%20art%C3%ADstica%20por%20el%20territorio&#038;body=https:\/\/radiorevelacionfm.cl\/?p=23153' aria-hidden='false' data-av_icon='\ue805' data-av_iconfont='entypo-fontello' title='' data-avia-related-tooltip='Compartir por correo'><span class='avia_hidden_link_text'>Compartir por correo<\/span><\/a><\/li><\/ul><\/div><\/div>\n<div  style='height:50px' class='hr hr-invisible   avia-builder-el-8  el_after_av_social_share  el_before_av_comments_list '><span class='hr-inner ' ><span class='hr-inner-style'><\/span><\/span><\/div>\n<div  class='av-buildercomment  av-blog-meta-html-info-disabled av-blog-meta-tag-disabled  '><\/div>\n","protected":false},"excerpt":{"rendered":"","protected":false},"author":1,"featured_media":23154,"comment_status":"open","ping_status":"open","sticky":false,"template":"","format":"standard","meta":{"footnotes":""},"categories":[52],"tags":[],"class_list":["post-23153","post","type-post","status-publish","format-standard","has-post-thumbnail","hentry","category-cultura"],"jetpack_featured_media_url":"https:\/\/radiorevelacionfm.cl\/wp-content\/uploads\/2022\/10\/laboratorio-3-1-1.jpg","_links":{"self":[{"href":"https:\/\/radiorevelacionfm.cl\/index.php?rest_route=\/wp\/v2\/posts\/23153","targetHints":{"allow":["GET"]}}],"collection":[{"href":"https:\/\/radiorevelacionfm.cl\/index.php?rest_route=\/wp\/v2\/posts"}],"about":[{"href":"https:\/\/radiorevelacionfm.cl\/index.php?rest_route=\/wp\/v2\/types\/post"}],"author":[{"embeddable":true,"href":"https:\/\/radiorevelacionfm.cl\/index.php?rest_route=\/wp\/v2\/users\/1"}],"replies":[{"embeddable":true,"href":"https:\/\/radiorevelacionfm.cl\/index.php?rest_route=%2Fwp%2Fv2%2Fcomments&post=23153"}],"version-history":[{"count":2,"href":"https:\/\/radiorevelacionfm.cl\/index.php?rest_route=\/wp\/v2\/posts\/23153\/revisions"}],"predecessor-version":[{"id":23160,"href":"https:\/\/radiorevelacionfm.cl\/index.php?rest_route=\/wp\/v2\/posts\/23153\/revisions\/23160"}],"wp:featuredmedia":[{"embeddable":true,"href":"https:\/\/radiorevelacionfm.cl\/index.php?rest_route=\/wp\/v2\/media\/23154"}],"wp:attachment":[{"href":"https:\/\/radiorevelacionfm.cl\/index.php?rest_route=%2Fwp%2Fv2%2Fmedia&parent=23153"}],"wp:term":[{"taxonomy":"category","embeddable":true,"href":"https:\/\/radiorevelacionfm.cl\/index.php?rest_route=%2Fwp%2Fv2%2Fcategories&post=23153"},{"taxonomy":"post_tag","embeddable":true,"href":"https:\/\/radiorevelacionfm.cl\/index.php?rest_route=%2Fwp%2Fv2%2Ftags&post=23153"}],"curies":[{"name":"wp","href":"https:\/\/api.w.org\/{rel}","templated":true}]}}