{"id":23150,"date":"2022-10-18T16:06:16","date_gmt":"2022-10-18T19:06:16","guid":{"rendered":"https:\/\/radiorevelacionfm.cl\/?p=23150"},"modified":"2022-10-18T16:06:16","modified_gmt":"2022-10-18T19:06:16","slug":"tras-reunion-con-subsecretaria-de-economia-multigremial-de-aysen-espera-que-diagnostico-se-traduzca-en-iniciativas-para-la-reactivacion","status":"publish","type":"post","link":"https:\/\/radiorevelacionfm.cl\/?p=23150","title":{"rendered":"Tras reuni\u00f3n con subsecretaria de Econom\u00eda: Multigremial de Ays\u00e9n espera que diagn\u00f3stico se traduzca en iniciativas para la reactivaci\u00f3n"},"content":{"rendered":"<div class=\"flex_column av_one_full  flex_column_div av-zero-column-padding first  avia-builder-el-0  el_before_av_one_full  avia-builder-el-first  \" style='border-radius:0px; '><div  class='avia-image-container  av-styling-    avia-builder-el-1  avia-builder-el-no-sibling  avia-align-center '  itemprop=\"image\" itemscope=\"itemscope\" itemtype=\"https:\/\/schema.org\/ImageObject\"  ><div class='avia-image-container-inner'><div class='avia-image-overlay-wrap'><img decoding=\"async\" class='wp-image-23151 avia-img-lazy-loading-not-23151 avia_image' src=\"https:\/\/radiorevelacionfm.cl\/wp-content\/uploads\/2022\/10\/PHOTO-2022-10-17-08-41-10-1-1-1.jpg\" alt='' title='PHOTO-2022-10-17-08-41-10 (1) (1) (1)' height=\"600\" width=\"1016\"  itemprop=\"thumbnailUrl\" srcset=\"https:\/\/radiorevelacionfm.cl\/wp-content\/uploads\/2022\/10\/PHOTO-2022-10-17-08-41-10-1-1-1.jpg 1016w, https:\/\/radiorevelacionfm.cl\/wp-content\/uploads\/2022\/10\/PHOTO-2022-10-17-08-41-10-1-1-1-300x177.jpg 300w, https:\/\/radiorevelacionfm.cl\/wp-content\/uploads\/2022\/10\/PHOTO-2022-10-17-08-41-10-1-1-1-768x454.jpg 768w, https:\/\/radiorevelacionfm.cl\/wp-content\/uploads\/2022\/10\/PHOTO-2022-10-17-08-41-10-1-1-1-705x416.jpg 705w, https:\/\/radiorevelacionfm.cl\/wp-content\/uploads\/2022\/10\/PHOTO-2022-10-17-08-41-10-1-1-1-600x354.jpg 600w\" sizes=\"(max-width: 1016px) 100vw, 1016px\" \/><\/div><\/div><\/div><\/div><div class=\"flex_column av_one_full  flex_column_div av-zero-column-padding first  avia-builder-el-2  el_after_av_one_full  el_before_av_one_full  column-top-margin\" style='border-radius:0px; '><section class=\"av_textblock_section \"  itemscope=\"itemscope\" itemtype=\"https:\/\/schema.org\/BlogPosting\" itemprop=\"blogPost\" ><div class='avia_textblock  '   itemprop=\"text\" ><p style=\"text-align: center;\"><span style=\"font-size: 18pt;\"><strong>Tras reuni\u00f3n con subsecretaria de Econom\u00eda: Multigremial de Ays\u00e9n espera que diagn\u00f3stico se traduzca en iniciativas para la reactivaci\u00f3n<\/strong><\/span><\/p>\n<div id=\"gtx-trans\" style=\"position: absolute; left: -50px; top: 4.31534px;\">\n<div class=\"gtx-trans-icon\"><\/div>\n<\/div>\n<\/div><\/section><\/div><div class=\"flex_column av_one_full  flex_column_div av-zero-column-padding first  avia-builder-el-4  el_after_av_one_full  el_before_av_hr  column-top-margin\" style='border-radius:0px; '><section class=\"av_textblock_section \"  itemscope=\"itemscope\" itemtype=\"https:\/\/schema.org\/BlogPosting\" itemprop=\"blogPost\" ><div class='avia_textblock  '   itemprop=\"text\" ><p style=\"text-align: justify;\">Desde Ogana lamentaron el desconocimiento de la realidad regional; El rubro de la construcci\u00f3n espera se puedan subsanar los procesos administrativos para una buena ejecuci\u00f3n de las obras; y finalmente desde el \u00e1rea Acu\u00edcola valoraron la visi\u00f3n de trabajo conjunto y esperan la conformaci\u00f3n de una mesa de trabajo.<\/p>\n<p style=\"text-align: justify;\">Distintas fueron las miradas y apreciaciones que dej\u00f3 la reuni\u00f3n que la subsecretaria de Econom\u00eda Javiera Petersen, sostuvo con los gremios productivos regionales en su visita a la regi\u00f3n.<\/p>\n<p style=\"text-align: justify;\">En la instancia, Petersen dio a conocer los alcances que esperan generar desde el gobierno con la implementaci\u00f3n de pol\u00edticas p\u00fablicas, al igual que los \u00e9nfasis del presupuesto 2023, sin embargo, desde la multigremial esperan que el di\u00e1logo se traduzca en avances concretos.<\/p>\n<p style=\"text-align: justify;\">Desde la Asociaci\u00f3n Gremial Agr\u00edcola y Ganadera Austral, Ogana, su presidente Pablo Mata, se\u00f1al\u00f3 compartir el diagn\u00f3stico en cuanto a que el pa\u00eds necesita crecer y reactivarse, entregando valor agregado a su producci\u00f3n. Tampoco comparten la idea de crear una nueva institucionalidad, siendo necesario revisar la que hay y mejorarla, para no generar mayor gasto Estatal.<\/p>\n<p style=\"text-align: justify;\">\u201cEl diagn\u00f3stico que se hace en el Ministerio de Econom\u00eda es apropiado y lo compartimos en su mayor\u00eda, como que el pa\u00eds necesita crecer y activar un segmento empresarial que se dedique no solo a las materias primas, si no tambi\u00e9n a agregar valor. No estamos necesariamente de acuerdo con los puntos de vista planteados sobre la necesidad de crear una nueva institucionalidad, m\u00e1s bien somos de la idea de revisar la que tenemos y modernizarla. Echamos de menos que la subsecretaria no haya estado al tanto de las necesidades de la regi\u00f3n y no haya tra\u00eddo un mensaje concreto para la reactivaci\u00f3n espec\u00edfica de la zona considerando sus particularidades\u201d, indic\u00f3 Mata.<\/p>\n<p style=\"text-align: justify;\">Otra de las organizaciones integrantes de la Multigremial es la C\u00e1mara Chilena de la Construcci\u00f3n, presidida por Alejandra Alert, quien hizo un llamado a dar una mirada regional a las medidas de reactivaci\u00f3n p\u00fablica, ya que muchas de estas son inaplicables e insuficientes, dadas las particularidades de la regi\u00f3n.<\/p>\n<p style=\"text-align: justify;\">Alert ejemplific\u00f3 la cr\u00edtica situaci\u00f3n que enfrentan los constructores, indicando que el Estado licita proyectos en una fecha y por un valor determinado, estos se adjudican a una empresa y se inicia un proceso administrativo extenso. Entre que comienza una obra y termina, su valor var\u00eda exponencialmente.<\/p>\n<p style=\"text-align: justify;\">\u201cComo gremio de la construcci\u00f3n necesitamos que se reconozca que los proyectos que est\u00e1n actualmente en ejecuci\u00f3n necesitan una inyecci\u00f3n de recursos para poder continuar. Todas las medidas que se han entregado, ya sea en vivienda o obras p\u00fablicas tienen que ver con incrementos a proyectos nuevos y lo que necesitamos, adem\u00e1s de lo que se est\u00e1 proponiendo, es que administrativamente se puedan inyectar recursos a los proyectos que hoy est\u00e1n paralizados y que requieren que se les reconozca los altos costos que han tenido que asumir\u201d, expres\u00f3 la presidenta del gremio de los constructores.<\/p>\n<p style=\"text-align: justify;\">Finalmente, desde el rubro acu\u00edcola, el representante de Salm\u00f3n Chile en Ays\u00e9n Hern\u00e1n Rebolledo, destac\u00f3 la visita y la reuni\u00f3n, pues siempre es relevante generar instancias de di\u00e1logo entre las autoridades nacionales, locales y los sectores productivos.<\/p>\n<p style=\"text-align: justify;\">\u201cCon la Multigremial estamos haciendo un trabajo muy importante y cada vez veo m\u00e1s cohesionada esta asociaci\u00f3n gremial, con el inter\u00e9s de poder colaborar y trabajar en una pol\u00edtica de desarrollo regional y que transversalmente pudimos manifestar. Estoy muy contento de que se haya generado esta instancia de reuni\u00f3n y que haya quedado de manera expl\u00edcita que se va a conformar una mesa de trabajo\u201d, sentenci\u00f3 Rebolledo.<\/p>\n<p style=\"text-align: justify;\">Cabe se\u00f1alar que la Multigremial de Ays\u00e9n agrupa adem\u00e1s a la C\u00e1mara de Comercio, servicios, industrias y turismo de Coyhaique; la C\u00e1mara de Turismo de Coyhaique y el Consejo del Salm\u00f3n, gremios que valoraron la instancia de conversaci\u00f3n, esperando que tanto el diagn\u00f3stico regional realizado como las propuestas entregadas, sean analizadas con los organismos pertinentes, a fin de que tengan una aplicaci\u00f3n concreta en Ays\u00e9n, regi\u00f3n que tiene particularidades que la hacen \u00fanica, y por ende tiene la necesidad de ser tratada de una manera distinta que al resto del pa\u00eds.<\/p>\n<\/div><\/section><\/div><div  style='height:50px' class='hr hr-invisible   avia-builder-el-6  el_after_av_one_full  el_before_av_social_share '><span class='hr-inner ' ><span class='hr-inner-style'><\/span><\/span><\/div><\/p>\n<div  class='av-social-sharing-box  avia-builder-el-7  el_after_av_hr  el_before_av_hr  '><div class='av-share-box'><h5 class='av-share-link-description av-no-toc '>Compartir esta noticia<\/h5><ul class='av-share-box-list noLightbox'><li class='av-share-link av-social-link-facebook' ><a target=\"_blank\" aria-label=\"Compartir en Facebook\" href='https:\/\/www.facebook.com\/sharer.php?u=https:\/\/radiorevelacionfm.cl\/?p=23150&#038;t=Tras%20reuni%C3%B3n%20con%20subsecretaria%20de%20Econom%C3%ADa%3A%20Multigremial%20de%20Ays%C3%A9n%20espera%20que%20diagn%C3%B3stico%20se%20traduzca%20en%20iniciativas%20para%20la%20reactivaci%C3%B3n' aria-hidden='false' data-av_icon='\ue8f3' data-av_iconfont='entypo-fontello' title='' data-avia-related-tooltip='Compartir en Facebook' rel=\"noopener\"><span class='avia_hidden_link_text'>Compartir en Facebook<\/span><\/a><\/li><li class='av-share-link av-social-link-twitter' ><a target=\"_blank\" aria-label=\"Compartir en Twitter\" href='https:\/\/twitter.com\/share?text=Tras%20reuni%C3%B3n%20con%20subsecretaria%20de%20Econom%C3%ADa%3A%20Multigremial%20de%20Ays%C3%A9n%20espera%20que%20diagn%C3%B3stico%20se%20traduzca%20en%20iniciativas%20para%20la%20reactivaci%C3%B3n&#038;url=https:\/\/radiorevelacionfm.cl\/?p=23150' aria-hidden='false' data-av_icon='\ue8f1' data-av_iconfont='entypo-fontello' title='' data-avia-related-tooltip='Compartir en Twitter' rel=\"noopener\"><span class='avia_hidden_link_text'>Compartir en Twitter<\/span><\/a><\/li><li class='av-share-link av-social-link-whatsapp' ><a target=\"_blank\" aria-label=\"Compartir en Whatsapp\" href='https:\/\/api.whatsapp.com\/send?text=https:\/\/radiorevelacionfm.cl\/?p=23150' aria-hidden='false' data-av_icon='\uf232' data-av_iconfont='entypo-fontello' title='' data-avia-related-tooltip='Compartir en Whatsapp' rel=\"noopener\"><span class='avia_hidden_link_text'>Compartir en Whatsapp<\/span><\/a><\/li><li class='av-share-link av-social-link-linkedin' ><a target=\"_blank\" aria-label=\"Compartir en LinkedIn\" href='https:\/\/linkedin.com\/shareArticle?mini=true&#038;title=Tras%20reuni%C3%B3n%20con%20subsecretaria%20de%20Econom%C3%ADa%3A%20Multigremial%20de%20Ays%C3%A9n%20espera%20que%20diagn%C3%B3stico%20se%20traduzca%20en%20iniciativas%20para%20la%20reactivaci%C3%B3n&#038;url=https:\/\/radiorevelacionfm.cl\/?p=23150' aria-hidden='false' data-av_icon='\ue8fc' data-av_iconfont='entypo-fontello' title='' data-avia-related-tooltip='Compartir en LinkedIn' rel=\"noopener\"><span class='avia_hidden_link_text'>Compartir en LinkedIn<\/span><\/a><\/li><li class='av-share-link av-social-link-mail' ><a  aria-label=\"Compartir por correo\" href='mailto:?subject=Tras%20reuni%C3%B3n%20con%20subsecretaria%20de%20Econom%C3%ADa%3A%20Multigremial%20de%20Ays%C3%A9n%20espera%20que%20diagn%C3%B3stico%20se%20traduzca%20en%20iniciativas%20para%20la%20reactivaci%C3%B3n&#038;body=https:\/\/radiorevelacionfm.cl\/?p=23150' aria-hidden='false' data-av_icon='\ue805' data-av_iconfont='entypo-fontello' title='' data-avia-related-tooltip='Compartir por correo'><span class='avia_hidden_link_text'>Compartir por correo<\/span><\/a><\/li><\/ul><\/div><\/div>\n<div  style='height:50px' class='hr hr-invisible   avia-builder-el-8  el_after_av_social_share  el_before_av_comments_list '><span class='hr-inner ' ><span class='hr-inner-style'><\/span><\/span><\/div>\n<div  class='av-buildercomment  av-blog-meta-html-info-disabled av-blog-meta-tag-disabled  '><\/div>\n","protected":false},"excerpt":{"rendered":"","protected":false},"author":1,"featured_media":23151,"comment_status":"open","ping_status":"open","sticky":false,"template":"","format":"standard","meta":{"footnotes":""},"categories":[37],"tags":[],"class_list":["post-23150","post","type-post","status-publish","format-standard","has-post-thumbnail","hentry","category-economia"],"jetpack_featured_media_url":"https:\/\/radiorevelacionfm.cl\/wp-content\/uploads\/2022\/10\/PHOTO-2022-10-17-08-41-10-1-1-1.jpg","_links":{"self":[{"href":"https:\/\/radiorevelacionfm.cl\/index.php?rest_route=\/wp\/v2\/posts\/23150","targetHints":{"allow":["GET"]}}],"collection":[{"href":"https:\/\/radiorevelacionfm.cl\/index.php?rest_route=\/wp\/v2\/posts"}],"about":[{"href":"https:\/\/radiorevelacionfm.cl\/index.php?rest_route=\/wp\/v2\/types\/post"}],"author":[{"embeddable":true,"href":"https:\/\/radiorevelacionfm.cl\/index.php?rest_route=\/wp\/v2\/users\/1"}],"replies":[{"embeddable":true,"href":"https:\/\/radiorevelacionfm.cl\/index.php?rest_route=%2Fwp%2Fv2%2Fcomments&post=23150"}],"version-history":[{"count":2,"href":"https:\/\/radiorevelacionfm.cl\/index.php?rest_route=\/wp\/v2\/posts\/23150\/revisions"}],"predecessor-version":[{"id":23161,"href":"https:\/\/radiorevelacionfm.cl\/index.php?rest_route=\/wp\/v2\/posts\/23150\/revisions\/23161"}],"wp:featuredmedia":[{"embeddable":true,"href":"https:\/\/radiorevelacionfm.cl\/index.php?rest_route=\/wp\/v2\/media\/23151"}],"wp:attachment":[{"href":"https:\/\/radiorevelacionfm.cl\/index.php?rest_route=%2Fwp%2Fv2%2Fmedia&parent=23150"}],"wp:term":[{"taxonomy":"category","embeddable":true,"href":"https:\/\/radiorevelacionfm.cl\/index.php?rest_route=%2Fwp%2Fv2%2Fcategories&post=23150"},{"taxonomy":"post_tag","embeddable":true,"href":"https:\/\/radiorevelacionfm.cl\/index.php?rest_route=%2Fwp%2Fv2%2Ftags&post=23150"}],"curies":[{"name":"wp","href":"https:\/\/api.w.org\/{rel}","templated":true}]}}