{"id":23140,"date":"2022-10-18T10:14:55","date_gmt":"2022-10-18T13:14:55","guid":{"rendered":"https:\/\/radiorevelacionfm.cl\/?p=23140"},"modified":"2022-10-18T10:14:55","modified_gmt":"2022-10-18T13:14:55","slug":"gobernadora-y-consejeros-asisten-a-reuniones-ministeriales-para-abordar-mejoras-en-la-region-de-aysen","status":"publish","type":"post","link":"https:\/\/radiorevelacionfm.cl\/?p=23140","title":{"rendered":"Gobernadora y Consejeros asisten a reuniones ministeriales para abordar mejoras en la Regi\u00f3n de Ays\u00e9n"},"content":{"rendered":"<div class=\"flex_column av_one_full  flex_column_div av-zero-column-padding first  avia-builder-el-0  el_before_av_one_full  avia-builder-el-first  \" style='border-radius:0px; '><div  class='avia-image-container  av-styling-    avia-builder-el-1  avia-builder-el-no-sibling  avia-align-center '  itemprop=\"image\" itemscope=\"itemscope\" itemtype=\"https:\/\/schema.org\/ImageObject\"  ><div class='avia-image-container-inner'><div class='avia-image-overlay-wrap'><img decoding=\"async\" class='wp-image-23141 avia-img-lazy-loading-not-23141 avia_image' src=\"https:\/\/radiorevelacionfm.cl\/wp-content\/uploads\/2022\/10\/1_MDSF-1.jpeg\" alt='' title='1_MDSF (1)' height=\"600\" width=\"1134\"  itemprop=\"thumbnailUrl\" srcset=\"https:\/\/radiorevelacionfm.cl\/wp-content\/uploads\/2022\/10\/1_MDSF-1.jpeg 1134w, https:\/\/radiorevelacionfm.cl\/wp-content\/uploads\/2022\/10\/1_MDSF-1-300x159.jpeg 300w, https:\/\/radiorevelacionfm.cl\/wp-content\/uploads\/2022\/10\/1_MDSF-1-1030x545.jpeg 1030w, https:\/\/radiorevelacionfm.cl\/wp-content\/uploads\/2022\/10\/1_MDSF-1-768x406.jpeg 768w, https:\/\/radiorevelacionfm.cl\/wp-content\/uploads\/2022\/10\/1_MDSF-1-710x375.jpeg 710w, https:\/\/radiorevelacionfm.cl\/wp-content\/uploads\/2022\/10\/1_MDSF-1-705x373.jpeg 705w, https:\/\/radiorevelacionfm.cl\/wp-content\/uploads\/2022\/10\/1_MDSF-1-600x317.jpeg 600w\" sizes=\"(max-width: 1134px) 100vw, 1134px\" \/><\/div><\/div><\/div><\/div><div class=\"flex_column av_one_full  flex_column_div av-zero-column-padding first  avia-builder-el-2  el_after_av_one_full  el_before_av_one_full  column-top-margin\" style='border-radius:0px; '><section class=\"av_textblock_section \"  itemscope=\"itemscope\" itemtype=\"https:\/\/schema.org\/BlogPosting\" itemprop=\"blogPost\" ><div class='avia_textblock  '   itemprop=\"text\" ><p style=\"text-align: center;\"><strong><span style=\"font-size: 18pt;\">Gobernadora y Consejeros asisten a reuniones ministeriales para abordar mejoras en la Regi\u00f3n de Ays\u00e9n<\/span><\/strong><\/p>\n<div id=\"gtx-trans\" style=\"position: absolute; left: -50px; top: 4.31534px;\">\n<div class=\"gtx-trans-icon\"><\/div>\n<\/div>\n<\/div><\/section><\/div><div class=\"flex_column av_one_full  flex_column_div av-zero-column-padding first  avia-builder-el-4  el_after_av_one_full  el_before_av_hr  column-top-margin\" style='border-radius:0px; '><section class=\"av_textblock_section \"  itemscope=\"itemscope\" itemtype=\"https:\/\/schema.org\/BlogPosting\" itemprop=\"blogPost\" ><div class='avia_textblock  '   itemprop=\"text\" ><p style=\"text-align: justify;\">La Gobernadora Regional, Andrea Mac\u00edas Palma, junto a Consejeras y Consejeros Regionales asistieron a diferentes reuniones ministeriales, durante la jornada del lunes, donde abordaron tem\u00e1ticas relevantes.<\/p>\n<p style=\"text-align: justify;\">El primer encuentro sucedi\u00f3 en el Ministerio de Hacienda, donde la primera autoridad regional junto con las Consejeras Regionales, Paula Acu\u00f1a, Lilian Inostroza, Marisol Mart\u00ednez, los Consejeros Jorge Abello, Sergio Gonz\u00e1lez, Marco Gillibrand, y Ra\u00fal Rudolphi, conversaron con la Directora de Presupuesto (DIPRES), Javiera Mart\u00ednez.<\/p>\n<p style=\"text-align: justify;\">\u201cCon buenas noticias en el sentido de lo que se viene para los Gobiernos Regionales para el a\u00f1o presupuestario 2023, pero tambi\u00e9n con algunas peticiones que tienen que ver con acciones de este a\u00f1o. Hoy d\u00eda los Gobiernos Regionales para modificar su presupuesto requieren una serie de pasos que necesitamos que se reduzcan en los tiempos (\u2026) por otra parte, compromisos en material de capacitaci\u00f3n\u201d, inform\u00f3 la Gobernadora Regional.<\/p>\n<p style=\"text-align: justify;\">La autoridad manifest\u00f3 la necesidad que el presupuesto de la naci\u00f3n contemple a los territorios m\u00e1s extremos y enfatiz\u00f3 en el resultado positivo del aumento monetario que tendr\u00e1n los Fondos de Iniciativa Local (FRIL), lo que ayudar\u00e1, por ejemplo, en el desarrollo de infraestructura.<\/p>\n<p style=\"text-align: justify;\">\u201cPrincipalmente abarcamos los desaf\u00edos que tenemos en materia de ejecuci\u00f3n y c\u00f3mo esos desaf\u00edos se ven respondidos y tienen soluciones a trav\u00e9s del proyecto de ley de presupuestos del a\u00f1o 2023, en distintas glosas que van a permitir mayor flexibilidad presupuestaria y una asignaci\u00f3n de recursos con mayor pertinencia territorial\u201d, dijo la Directora de Presupuesto, Javiera Mart\u00ednez.<\/p>\n<p style=\"text-align: justify;\">En la misma, hablaron de los montos de los subsidios, los costos de construcci\u00f3n de las viviendas, la realizaci\u00f3n de jornadas de capacitaciones.<\/p>\n<p style=\"text-align: justify;\">\u201cApoyamos los puntos que present\u00f3 la Gobernadora Regional, Andrea Mac\u00edas, entorno a los plazos y al proceso en lo cual se demoran las modificaciones presupuestarias que presentamos desde el Gobierno Regional, pero tambi\u00e9n tratamos temas de presupuesto de funcionamiento del Gobierno Regional y tambi\u00e9n algunas propuestas referidas a capacitaciones de funcionarios y consejeros para las nuevas glosas que presente el presupuesto 2023\u201d, expres\u00f3 la presidenta de la Comisi\u00f3n de Presupuesto e Inversiones del Consejo Regional, Paula Acu\u00f1a.<\/p>\n<p style=\"text-align: justify;\"><strong>Desarrollo Social<\/strong><\/p>\n<p style=\"text-align: justify;\">La siguiente reuni\u00f3n fue con el Ministerio de Desarrollo Social y Familia, Giorgio Jackson. A las dependencias de la instituci\u00f3n lleg\u00f3 la Gobernadora Regional, Andrea Mac\u00edas Palma, con los alcaldes de la Municipalidad de Coyhaique, Carlos Gatica, y el de la Municipalidad de Ays\u00e9n, m\u00e1s los Consejeros Regionales, Jorge Abello, Sergio Gonz\u00e1lez, Marco Gillibrand, y la Consejera Marisol Mart\u00ednez.<\/p>\n<p style=\"text-align: justify;\">Parte del objetivo abordado contempl\u00f3 \u201ctemas que tienen que ver con la inversi\u00f3n p\u00fablica en la Regi\u00f3n de Ays\u00e9n, con la forma en que esta se eval\u00faa, con c\u00f3mo se aplica el Registro Social de Hogares, pero adem\u00e1s con temas puntuales de algunos municipios, iniciativas que se hab\u00edan visto trabadas por alguna situaci\u00f3n donde logramos el compromiso, adem\u00e1s, de poder avanzar con esto, que tiene que ver principalmente con la Escuela Despertar, con la Escuela Espa\u00f1a y algunas otras iniciativas\u201d, explic\u00f3 la Gobernadora Regional.<\/p>\n<p style=\"text-align: justify;\">Sobre la Escuela Despertar de Puerto Ays\u00e9n, fundada en 1982, el alcalde Julio Uribe solicit\u00f3 la reposici\u00f3n del establecimiento para avanzar en mejoras que beneficien a sus estudiantes y a la comunidad.<\/p>\n<p style=\"text-align: justify;\">\u201cEl ministro, tanto \u00e9l como sus asesores (quedaron) en revisar el proyecto y el poder darnos una respuesta a la brevedad. Entiendo que ser\u00eda favorable, as\u00ed que, vamos a estar muy atentos, expectantes a que este proyecto de la Escuela Despertar salga lo m\u00e1s r\u00e1pido posible\u201d, asever\u00f3 la autoridad comunal.<\/p>\n<p style=\"text-align: justify;\">A las peticiones para los recintos educacionales diferenciales tanto de Coyhaique como Ays\u00e9n, las autoridades plantearon los problemas que se dan con el Registro Social de Hogares, donde hay adultos y adultas mayores que tienen un puntaje muy alto, lo que en ocasiones descarta que puedan postular a ciertos proyectos.<\/p>\n<p style=\"text-align: justify;\">El Ministro de Desarrollo Social y Familia, Giorgio Jackson, evalu\u00f3 de manera positiva el encuentro sostenido con las y los representantes de la Regi\u00f3n de Ays\u00e9n. \u201cCreo que fue una reuni\u00f3n muy provechosa con la Gobernadora por un lado y tambi\u00e9n con los alcaldes de Coyhaique y Ays\u00e9n para revisar algunos proyectos de inversi\u00f3n tambi\u00e9n para unos convenios particulares que se tienen que revisar, en este caso, estamos viendo respecto a una situaci\u00f3n en Balmaceda tambi\u00e9n un proyecto de inversi\u00f3n de una escuela diferencial en la que nosotros vamos a trabajar con nuestros equipos para poder darles celeridad y continuidad a uno de esos programas y, por otro lado, tambi\u00e9n las condiciones estructurales de la diferencia en materia de canasta b\u00e1sica\u201d, afirm\u00f3 el representante de la cartera.<\/p>\n<p style=\"text-align: justify;\">Para seguir con el desarrollo de los temas planteados, todos y todas acordaron citar a una reuni\u00f3n de forma telem\u00e1tica donde revisar\u00e1n y expondr\u00e1n los avances de los puntos tratados.<\/p>\n<p style=\"text-align: justify;\">Incluir\u00e1n el poder abordar la situaci\u00f3n de la Regi\u00f3n de Ays\u00e9n con la \u201ccanasta b\u00e1sica, adem\u00e1s de eso, tambi\u00e9n lo que es el subsidio de calefacci\u00f3n que es un tema que a nosotros nos preocupa y que como regi\u00f3n, obviamente, para poder dar soluci\u00f3n a las problem\u00e1ticas de costo hoy d\u00eda en la regi\u00f3n\u201d, inform\u00f3 el presidente de la Comisi\u00f3n de Desarrollo Social, Cultural y Deportivo del Consejo Regional, Sergio Gonz\u00e1lez.<\/p>\n<p style=\"text-align: justify;\">Desde el municipio de Coyhaique, el alcalde Carlos Gatica detall\u00f3 la necesidad de recursos para progresar en convenios existentes y lograr avances para la Escuela Diferencial Espa\u00f1a.<\/p>\n<p style=\"text-align: justify;\">A ello sum\u00f3 \u201cel poder aumentar la capacidad de lo que significa el financiamiento para ciertos programas de adulto mayor, de discapacidad, entre otros, que puedan generar mayor beneficio a nuestros vecinos y vecinas. El Ministro Jackson acudi\u00f3 a nuestro llamado. Primero va a hacer una evaluaci\u00f3n en cuanto a priorizar el RS de la Escuela Diferencial Espa\u00f1a, pero tambi\u00e9n, por ejemplo, un RS m\u00e1s que vamos a desarrollar como municipio en un proyecto que sea beneficioso para la mayor cantidad de pobladores de nuestra comuna\u201d, sentenci\u00f3 el representante comunal, Carlos Gatica.<\/p>\n<p style=\"text-align: justify;\"><strong>Ministerio del Interior<\/strong><\/p>\n<p style=\"text-align: justify;\">\u201cDe manera colaborativa con alcaldes, con Consejeros, Consejeras, para abordar temas que son relevantes para nuestra regi\u00f3n en materia de seguridad p\u00fablica y otras tem\u00e1ticas\u201d, dijo la Gobernadora Regional, Andrea Mac\u00edas Palma, tras concluir una reuni\u00f3n junto a la Ministra del Interior y Seguridad P\u00fablica, Carolina Toh\u00e1, el subsecretario de Desarrollo Regional (Subdere), Nicol\u00e1s Cataldo, los alcaldes de la Municipalidad de Coyhaique y Ays\u00e9n, Carlos Gatica y Julio Uribe, el presidente de la Comisi\u00f3n de Seguridad P\u00fablica y Emergencias del Consejo Regional, Ra\u00fal Rudolphi, y la Consejera Marisol Mart\u00ednez.<\/p>\n<p style=\"text-align: justify;\">En dependencias del Palacio de La Moneda conversaron, por ejemplo, del convenio de programaci\u00f3n del Ministerio del Interior &#8211; Gobierno Regional, el proyecto de iluminaci\u00f3n y sistema de teleprotecci\u00f3n parque municipal, en el caso de Ays\u00e9n, y televigilancia.<\/p>\n<p style=\"text-align: justify;\">\u201cNos han dado la luz verde para que estos proyectos puedan ser financiados que son de iluminaci\u00f3n para Islas D\u00edaz y de c\u00e1maras para televigilancia, as\u00ed que, muy contentos y bueno, seguimos ac\u00e1 en Santiago para poder llevar m\u00e1s recursos para nuestras comunas\u201d, cont\u00f3 el alcalde Julio Uribe.<\/p>\n<p style=\"text-align: justify;\">En cuanto a Coyhaique, la primera autoridad local propuso el \u201cdesarrollar un programa piloto en nuestra comuna que pueda atender las necesidad de nuestros j\u00f3venes, de nuestros ni\u00f1os y ni\u00f1as sobre todo en materia de prevenci\u00f3n del delito, que ser\u00eda algo hist\u00f3rico, y poder reformular esta pol\u00edtica p\u00fablica que se hace tan necesario para reducir los \u00edndices de delincuencia\u201d, afirm\u00f3 Carlos Gatica.<\/p>\n<p style=\"text-align: justify;\">Despu\u00e9s de la junta, el presidente de la Comisi\u00f3n de la Comisi\u00f3n de Seguridad P\u00fablica y Emergencias del Consejo Regional, Ra\u00fal Rudolphi, evalu\u00f3 la reuni\u00f3n que tuvo como objetivo aumentar el resguardo y la prevenci\u00f3n de delitos.<\/p>\n<p style=\"text-align: justify;\">\u201cEn conjunto con la Gobernadora Regional, nosotros desde el Consejo Regional, la Comisi\u00f3n de Seguridad, planteamos temas como, por ejemplo, llegar a suscribir un convenio de programaci\u00f3n. Ser\u00e1 con el Ministerio del Interior, ser\u00e1 con Carabineros, fortalecer justamente, equipamientos, equipos, infraestructura policial para la Regi\u00f3n de Ays\u00e9n. Yo creo que es una noticia positiva reunirnos\u201d, expres\u00f3 el Consejero Regional, Ra\u00fal Rudolphi, expresando que la Regi\u00f3n de Ays\u00e9n, pese a ser una zona territorial m\u00e1s aislada, no se encuentra exenta de acciones delictivas que deben ser abordadas.<\/p>\n<p style=\"text-align: justify;\">Durante la jornada del martes y el mi\u00e9rcoles continuar\u00e1n el trabajo con diversos ministerios junto a la Gobernadora Regional, los alcaldes de las comunas de Coyhaique y Ays\u00e9n, y las y los Consejeros Regionales para plantear problem\u00e1ticas del territorio y obtener mejoras que contribuyan con el avance de la Regi\u00f3n de Ays\u00e9n.<\/p>\n<\/div><\/section><\/div><div  style='height:50px' class='hr hr-invisible   avia-builder-el-6  el_after_av_one_full  el_before_av_social_share '><span class='hr-inner ' ><span class='hr-inner-style'><\/span><\/span><\/div><\/p>\n<div  class='av-social-sharing-box  avia-builder-el-7  el_after_av_hr  el_before_av_hr  '><div class='av-share-box'><h5 class='av-share-link-description av-no-toc '>Compartir esta noticia<\/h5><ul class='av-share-box-list noLightbox'><li class='av-share-link av-social-link-facebook' ><a target=\"_blank\" aria-label=\"Compartir en Facebook\" href='https:\/\/www.facebook.com\/sharer.php?u=https:\/\/radiorevelacionfm.cl\/?p=23140&#038;t=Gobernadora%20y%20Consejeros%20asisten%20a%20reuniones%20ministeriales%20para%20abordar%20mejoras%20en%20la%20Regi%C3%B3n%20de%20Ays%C3%A9n' aria-hidden='false' data-av_icon='\ue8f3' data-av_iconfont='entypo-fontello' title='' data-avia-related-tooltip='Compartir en Facebook' rel=\"noopener\"><span class='avia_hidden_link_text'>Compartir en Facebook<\/span><\/a><\/li><li class='av-share-link av-social-link-twitter' ><a target=\"_blank\" aria-label=\"Compartir en Twitter\" href='https:\/\/twitter.com\/share?text=Gobernadora%20y%20Consejeros%20asisten%20a%20reuniones%20ministeriales%20para%20abordar%20mejoras%20en%20la%20Regi%C3%B3n%20de%20Ays%C3%A9n&#038;url=https:\/\/radiorevelacionfm.cl\/?p=23140' aria-hidden='false' data-av_icon='\ue8f1' data-av_iconfont='entypo-fontello' title='' data-avia-related-tooltip='Compartir en Twitter' rel=\"noopener\"><span class='avia_hidden_link_text'>Compartir en Twitter<\/span><\/a><\/li><li class='av-share-link av-social-link-whatsapp' ><a target=\"_blank\" aria-label=\"Compartir en Whatsapp\" href='https:\/\/api.whatsapp.com\/send?text=https:\/\/radiorevelacionfm.cl\/?p=23140' aria-hidden='false' data-av_icon='\uf232' data-av_iconfont='entypo-fontello' title='' data-avia-related-tooltip='Compartir en Whatsapp' rel=\"noopener\"><span class='avia_hidden_link_text'>Compartir en Whatsapp<\/span><\/a><\/li><li class='av-share-link av-social-link-linkedin' ><a target=\"_blank\" aria-label=\"Compartir en LinkedIn\" href='https:\/\/linkedin.com\/shareArticle?mini=true&#038;title=Gobernadora%20y%20Consejeros%20asisten%20a%20reuniones%20ministeriales%20para%20abordar%20mejoras%20en%20la%20Regi%C3%B3n%20de%20Ays%C3%A9n&#038;url=https:\/\/radiorevelacionfm.cl\/?p=23140' aria-hidden='false' data-av_icon='\ue8fc' data-av_iconfont='entypo-fontello' title='' data-avia-related-tooltip='Compartir en LinkedIn' rel=\"noopener\"><span class='avia_hidden_link_text'>Compartir en LinkedIn<\/span><\/a><\/li><li class='av-share-link av-social-link-mail' ><a  aria-label=\"Compartir por correo\" href='mailto:?subject=Gobernadora%20y%20Consejeros%20asisten%20a%20reuniones%20ministeriales%20para%20abordar%20mejoras%20en%20la%20Regi%C3%B3n%20de%20Ays%C3%A9n&#038;body=https:\/\/radiorevelacionfm.cl\/?p=23140' aria-hidden='false' data-av_icon='\ue805' data-av_iconfont='entypo-fontello' title='' data-avia-related-tooltip='Compartir por correo'><span class='avia_hidden_link_text'>Compartir por correo<\/span><\/a><\/li><\/ul><\/div><\/div>\n<div  style='height:50px' class='hr hr-invisible   avia-builder-el-8  el_after_av_social_share  el_before_av_comments_list '><span class='hr-inner ' ><span class='hr-inner-style'><\/span><\/span><\/div>\n<div  class='av-buildercomment  av-blog-meta-html-info-disabled av-blog-meta-tag-disabled  '><\/div>\n","protected":false},"excerpt":{"rendered":"","protected":false},"author":1,"featured_media":23141,"comment_status":"open","ping_status":"open","sticky":false,"template":"","format":"standard","meta":{"footnotes":""},"categories":[38],"tags":[],"class_list":["post-23140","post","type-post","status-publish","format-standard","has-post-thumbnail","hentry","category-regional"],"jetpack_featured_media_url":"https:\/\/radiorevelacionfm.cl\/wp-content\/uploads\/2022\/10\/1_MDSF-1.jpeg","_links":{"self":[{"href":"https:\/\/radiorevelacionfm.cl\/index.php?rest_route=\/wp\/v2\/posts\/23140","targetHints":{"allow":["GET"]}}],"collection":[{"href":"https:\/\/radiorevelacionfm.cl\/index.php?rest_route=\/wp\/v2\/posts"}],"about":[{"href":"https:\/\/radiorevelacionfm.cl\/index.php?rest_route=\/wp\/v2\/types\/post"}],"author":[{"embeddable":true,"href":"https:\/\/radiorevelacionfm.cl\/index.php?rest_route=\/wp\/v2\/users\/1"}],"replies":[{"embeddable":true,"href":"https:\/\/radiorevelacionfm.cl\/index.php?rest_route=%2Fwp%2Fv2%2Fcomments&post=23140"}],"version-history":[{"count":2,"href":"https:\/\/radiorevelacionfm.cl\/index.php?rest_route=\/wp\/v2\/posts\/23140\/revisions"}],"predecessor-version":[{"id":23143,"href":"https:\/\/radiorevelacionfm.cl\/index.php?rest_route=\/wp\/v2\/posts\/23140\/revisions\/23143"}],"wp:featuredmedia":[{"embeddable":true,"href":"https:\/\/radiorevelacionfm.cl\/index.php?rest_route=\/wp\/v2\/media\/23141"}],"wp:attachment":[{"href":"https:\/\/radiorevelacionfm.cl\/index.php?rest_route=%2Fwp%2Fv2%2Fmedia&parent=23140"}],"wp:term":[{"taxonomy":"category","embeddable":true,"href":"https:\/\/radiorevelacionfm.cl\/index.php?rest_route=%2Fwp%2Fv2%2Fcategories&post=23140"},{"taxonomy":"post_tag","embeddable":true,"href":"https:\/\/radiorevelacionfm.cl\/index.php?rest_route=%2Fwp%2Fv2%2Ftags&post=23140"}],"curies":[{"name":"wp","href":"https:\/\/api.w.org\/{rel}","templated":true}]}}