{"id":23131,"date":"2022-10-18T09:45:56","date_gmt":"2022-10-18T12:45:56","guid":{"rendered":"https:\/\/radiorevelacionfm.cl\/?p=23131"},"modified":"2022-10-18T09:45:56","modified_gmt":"2022-10-18T12:45:56","slug":"autoridades-destacaron-dia-del-profesor-y-la-profesora-reuniendose-con-docentes-de-distintas-areas-y-generaciones","status":"publish","type":"post","link":"https:\/\/radiorevelacionfm.cl\/?p=23131","title":{"rendered":"Autoridades destacaron D\u00eda del Profesor y la Profesora reuni\u00e9ndose con docentes de distintas \u00e1reas y generaciones"},"content":{"rendered":"<div class=\"flex_column av_one_full  flex_column_div av-zero-column-padding first  avia-builder-el-0  el_before_av_one_full  avia-builder-el-first  \" style='border-radius:0px; '><div  class='avia-image-container  av-styling-    avia-builder-el-1  avia-builder-el-no-sibling  avia-align-center '  itemprop=\"image\" itemscope=\"itemscope\" itemtype=\"https:\/\/schema.org\/ImageObject\"  ><div class='avia-image-container-inner'><div class='avia-image-overlay-wrap'><img decoding=\"async\" class='wp-image-23132 avia-img-lazy-loading-not-23132 avia_image' src=\"https:\/\/radiorevelacionfm.cl\/wp-content\/uploads\/2022\/10\/profesores-grupal-1_optimized.jpg\" alt='' title='profesores-grupal-(1)_optimized' height=\"600\" width=\"847\"  itemprop=\"thumbnailUrl\" srcset=\"https:\/\/radiorevelacionfm.cl\/wp-content\/uploads\/2022\/10\/profesores-grupal-1_optimized.jpg 847w, https:\/\/radiorevelacionfm.cl\/wp-content\/uploads\/2022\/10\/profesores-grupal-1_optimized-300x213.jpg 300w, https:\/\/radiorevelacionfm.cl\/wp-content\/uploads\/2022\/10\/profesores-grupal-1_optimized-768x544.jpg 768w, https:\/\/radiorevelacionfm.cl\/wp-content\/uploads\/2022\/10\/profesores-grupal-1_optimized-260x185.jpg 260w, https:\/\/radiorevelacionfm.cl\/wp-content\/uploads\/2022\/10\/profesores-grupal-1_optimized-845x600.jpg 845w, https:\/\/radiorevelacionfm.cl\/wp-content\/uploads\/2022\/10\/profesores-grupal-1_optimized-705x499.jpg 705w, https:\/\/radiorevelacionfm.cl\/wp-content\/uploads\/2022\/10\/profesores-grupal-1_optimized-600x425.jpg 600w\" sizes=\"(max-width: 847px) 100vw, 847px\" \/><\/div><\/div><\/div><\/div><div class=\"flex_column av_one_full  flex_column_div av-zero-column-padding first  avia-builder-el-2  el_after_av_one_full  el_before_av_one_full  column-top-margin\" style='border-radius:0px; '><section class=\"av_textblock_section \"  itemscope=\"itemscope\" itemtype=\"https:\/\/schema.org\/BlogPosting\" itemprop=\"blogPost\" ><div class='avia_textblock  '   itemprop=\"text\" ><p style=\"text-align: center;\"><strong><span style=\"font-size: 18pt;\">Autoridades destacaron D\u00eda del Profesor y la Profesora reuni\u00e9ndose con docentes de distintas \u00e1reas y generaciones <\/span><\/strong><\/p>\n<div id=\"gtx-trans\" style=\"position: absolute; left: -50px; top: 4.31534px;\">\n<div class=\"gtx-trans-icon\"><\/div>\n<\/div>\n<\/div><\/section><\/div><div class=\"flex_column av_one_full  flex_column_div av-zero-column-padding first  avia-builder-el-4  el_after_av_one_full  el_before_av_hr  column-top-margin\" style='border-radius:0px; '><section class=\"av_textblock_section \"  itemscope=\"itemscope\" itemtype=\"https:\/\/schema.org\/BlogPosting\" itemprop=\"blogPost\" ><div class='avia_textblock  '   itemprop=\"text\" ><p class=\"v1MsoNormal\" style=\"text-align: justify;\">El Delegado Presidencial Regional de Ays\u00e9n Rodrigo Araya Morales y la Seremi de Educaci\u00f3n Isabel Garrido Casassa conmemoraron hoy el D\u00eda de las y los Profesores\u00a0 junto a docentes destacados de nuestro territorio.<\/p>\n<p class=\"v1MsoNormal\" style=\"text-align: justify;\">En la reuni\u00f3n estuvieron presentes Patricia Araya Bilbao, profesora de M\u00fasica de la Escuela Ays\u00e9n y finalista del Global Teacher Prizer Chile 2022; Paula Miranda Lincon, directora y docente de la Escuela Rural R\u00edo Blanco de Coyhaique y semifinalista del Global Teacher Prizer 2022; Rosa Pesutic Vukasovic, presidenta del Colegio de Profesores de la Regi\u00f3n de Ays\u00e9n; Doris Dinamarca Jara, presidenta de la Agrupaci\u00f3n de Profesores Normalistas de la Regi\u00f3n de Ays\u00e9n; Maciel Acu\u00f1a Jerez, directora de la Escuela Especial Espa\u00f1a de Coyhaique; David Navarro Mu\u00f1oz, director del Centro de Educaci\u00f3n Integrada para Adultos (CEIA) Josefina M\u00e9ndez de Coyhaique; y Alicia Cruz Pino, educadora de p\u00e1rvulos del Liceo Xavier Buti\u00f1a de Coyhaique<\/p>\n<p class=\"v1MsoNormal\" style=\"text-align: justify;\">Durante el encuentro en el que tambi\u00e9n estuvo presente el Jefe del Departamento Provincial de Educaci\u00f3n Coyhaique Yoal D\u00edaz Reyes, se desarroll\u00f3 un distendido di\u00e1logo marcado por el intercambio intergeneracional de los asistentes que compartieron sus vivencias personales y profesionales. El factor com\u00fan, una tremenda realizaci\u00f3n vocacional a trav\u00e9s del magisterio, la ense\u00f1anza y la formaci\u00f3n de generaciones de Ayseninos.<\/p>\n<p class=\"v1MsoNormal\" style=\"text-align: justify;\">El Delegado Presidencial Regional Rodrigo Araya destac\u00f3 la importancia de las y los profesores en el desarrollo integral de la Regi\u00f3n de Ays\u00e9n.<\/p>\n<p class=\"v1MsoNormal\" style=\"text-align: justify;\">\u201cPara nuestro Gobierno que lidera el Presidente Gabriel Boric, el relevar la labor del profesorado es una tarea permanente. Creemos que en el \u00e1mbito de la educaci\u00f3n es donde se forman los ciudadanos, donde tenemos la oportunidad de construir una sociedad solidaria, democr\u00e1tica y donde se pueden resolver los conflictos en forma adecuada y dialogante. Eso queremos potenciar durante estos a\u00f1os. Hoy hemos invitado a un grupo de profesores de distintas \u00e1reas de la educaci\u00f3n para destacar justamente eso; el papel hist\u00f3rico que tiene el profesor y la profesora en nuestra regi\u00f3n de Ays\u00e9n. Tambi\u00e9n hablamos de los desaf\u00edos que tiene nuestra educaci\u00f3n a futuro. En eso son claves los profesores y como gobierno e instituciones p\u00fablicas los queremos apoyar por el bien de nuestras y nuestros estudiantes\u201d.<\/p>\n<p class=\"v1MsoNormal\" style=\"text-align: justify;\">La Seremi de Educaci\u00f3n manifest\u00f3 que esta es una fecha para agradecer y valorar. \u201cComo lo ha se\u00f1alado en su saludo a los profesores el Presidente Gabriel Boric, tenemos un mandato como gobierno de revalorizar el rol docente en nuestra sociedad, de poner al centro al profesor y a la profesora que tienen el poder de cambiar las vidas de los ni\u00f1os, ni\u00f1as y adolescentes. Todas las personas hemos visto nuestra vida afectada para bien por un docente. Por lo tanto, hoy d\u00eda les reconocemos y deseamos que tengan un d\u00eda celebrado y lleno de gratitud por la enorme labor que realizan\u201d.<\/p>\n<p class=\"v1MsoNormal\" style=\"text-align: justify;\">A nombre de los profesores presentes, la Presidenta Regional del Colegio de Profesores de Chile Rosa Pesutic expres\u00f3:<\/p>\n<p class=\"v1MsoNormal\" style=\"text-align: justify;\">\u201cAgradecemos al Delegado Presidencial Regional y a la Seremi de Educaci\u00f3n esta invitaci\u00f3n. Fue un momento muy grato en el que un grupo de profesores de distintos \u00e1mbitos y \u00e1reas de trabajo y de distintas edades compartimos una grata conversaci\u00f3n. Un grupo representativo de toda la diversidad de educadores que existe en la regi\u00f3n. Nosotros que trabajamos en el aula no nos damos cuenta a veces de lo esenciales que somos,\u00a0 pilares de la sociedad y la base en que se funda la humanidad, pero efectivamente ser profesor y profesora es una labor muy importante porque al trabajar\u00a0 con el cuerpo, la mente y el alma de ni\u00f1os y j\u00f3venes de todas edades se logra eso que el joven pueda definir su futuro y\u00a0 tomar sus decisiones, que se transforme en\u00a0 un ser \u00fatil a la sociedad y una persona feliz con sus decisiones\u201d.<\/p>\n<\/div><\/section><\/div><div  style='height:50px' class='hr hr-invisible   avia-builder-el-6  el_after_av_one_full  el_before_av_social_share '><span class='hr-inner ' ><span class='hr-inner-style'><\/span><\/span><\/div><\/p>\n<div  class='av-social-sharing-box  avia-builder-el-7  el_after_av_hr  el_before_av_hr  '><div class='av-share-box'><h5 class='av-share-link-description av-no-toc '>Compartir esta noticia<\/h5><ul class='av-share-box-list noLightbox'><li class='av-share-link av-social-link-facebook' ><a target=\"_blank\" aria-label=\"Compartir en Facebook\" href='https:\/\/www.facebook.com\/sharer.php?u=https:\/\/radiorevelacionfm.cl\/?p=23131&#038;t=Autoridades%20destacaron%20D%C3%ADa%20del%20Profesor%20y%20la%20Profesora%20reuni%C3%A9ndose%20con%20docentes%20de%20distintas%20%C3%A1reas%20y%20generaciones' aria-hidden='false' data-av_icon='\ue8f3' data-av_iconfont='entypo-fontello' title='' data-avia-related-tooltip='Compartir en Facebook' rel=\"noopener\"><span class='avia_hidden_link_text'>Compartir en Facebook<\/span><\/a><\/li><li class='av-share-link av-social-link-twitter' ><a target=\"_blank\" aria-label=\"Compartir en Twitter\" href='https:\/\/twitter.com\/share?text=Autoridades%20destacaron%20D%C3%ADa%20del%20Profesor%20y%20la%20Profesora%20reuni%C3%A9ndose%20con%20docentes%20de%20distintas%20%C3%A1reas%20y%20generaciones&#038;url=https:\/\/radiorevelacionfm.cl\/?p=23131' aria-hidden='false' data-av_icon='\ue8f1' data-av_iconfont='entypo-fontello' title='' data-avia-related-tooltip='Compartir en Twitter' rel=\"noopener\"><span class='avia_hidden_link_text'>Compartir en Twitter<\/span><\/a><\/li><li class='av-share-link av-social-link-whatsapp' ><a target=\"_blank\" aria-label=\"Compartir en Whatsapp\" href='https:\/\/api.whatsapp.com\/send?text=https:\/\/radiorevelacionfm.cl\/?p=23131' aria-hidden='false' data-av_icon='\uf232' data-av_iconfont='entypo-fontello' title='' data-avia-related-tooltip='Compartir en Whatsapp' rel=\"noopener\"><span class='avia_hidden_link_text'>Compartir en Whatsapp<\/span><\/a><\/li><li class='av-share-link av-social-link-linkedin' ><a target=\"_blank\" aria-label=\"Compartir en LinkedIn\" href='https:\/\/linkedin.com\/shareArticle?mini=true&#038;title=Autoridades%20destacaron%20D%C3%ADa%20del%20Profesor%20y%20la%20Profesora%20reuni%C3%A9ndose%20con%20docentes%20de%20distintas%20%C3%A1reas%20y%20generaciones&#038;url=https:\/\/radiorevelacionfm.cl\/?p=23131' aria-hidden='false' data-av_icon='\ue8fc' data-av_iconfont='entypo-fontello' title='' data-avia-related-tooltip='Compartir en LinkedIn' rel=\"noopener\"><span class='avia_hidden_link_text'>Compartir en LinkedIn<\/span><\/a><\/li><li class='av-share-link av-social-link-mail' ><a  aria-label=\"Compartir por correo\" href='mailto:?subject=Autoridades%20destacaron%20D%C3%ADa%20del%20Profesor%20y%20la%20Profesora%20reuni%C3%A9ndose%20con%20docentes%20de%20distintas%20%C3%A1reas%20y%20generaciones&#038;body=https:\/\/radiorevelacionfm.cl\/?p=23131' aria-hidden='false' data-av_icon='\ue805' data-av_iconfont='entypo-fontello' title='' data-avia-related-tooltip='Compartir por correo'><span class='avia_hidden_link_text'>Compartir por correo<\/span><\/a><\/li><\/ul><\/div><\/div>\n<div  style='height:50px' class='hr hr-invisible   avia-builder-el-8  el_after_av_social_share  el_before_av_comments_list '><span class='hr-inner ' ><span class='hr-inner-style'><\/span><\/span><\/div>\n<div  class='av-buildercomment  av-blog-meta-html-info-disabled av-blog-meta-tag-disabled  '><\/div>\n","protected":false},"excerpt":{"rendered":"","protected":false},"author":1,"featured_media":23132,"comment_status":"open","ping_status":"open","sticky":false,"template":"","format":"standard","meta":{"footnotes":""},"categories":[49],"tags":[],"class_list":["post-23131","post","type-post","status-publish","format-standard","has-post-thumbnail","hentry","category-educacion"],"jetpack_featured_media_url":"https:\/\/radiorevelacionfm.cl\/wp-content\/uploads\/2022\/10\/profesores-grupal-1_optimized.jpg","_links":{"self":[{"href":"https:\/\/radiorevelacionfm.cl\/index.php?rest_route=\/wp\/v2\/posts\/23131","targetHints":{"allow":["GET"]}}],"collection":[{"href":"https:\/\/radiorevelacionfm.cl\/index.php?rest_route=\/wp\/v2\/posts"}],"about":[{"href":"https:\/\/radiorevelacionfm.cl\/index.php?rest_route=\/wp\/v2\/types\/post"}],"author":[{"embeddable":true,"href":"https:\/\/radiorevelacionfm.cl\/index.php?rest_route=\/wp\/v2\/users\/1"}],"replies":[{"embeddable":true,"href":"https:\/\/radiorevelacionfm.cl\/index.php?rest_route=%2Fwp%2Fv2%2Fcomments&post=23131"}],"version-history":[{"count":2,"href":"https:\/\/radiorevelacionfm.cl\/index.php?rest_route=\/wp\/v2\/posts\/23131\/revisions"}],"predecessor-version":[{"id":23139,"href":"https:\/\/radiorevelacionfm.cl\/index.php?rest_route=\/wp\/v2\/posts\/23131\/revisions\/23139"}],"wp:featuredmedia":[{"embeddable":true,"href":"https:\/\/radiorevelacionfm.cl\/index.php?rest_route=\/wp\/v2\/media\/23132"}],"wp:attachment":[{"href":"https:\/\/radiorevelacionfm.cl\/index.php?rest_route=%2Fwp%2Fv2%2Fmedia&parent=23131"}],"wp:term":[{"taxonomy":"category","embeddable":true,"href":"https:\/\/radiorevelacionfm.cl\/index.php?rest_route=%2Fwp%2Fv2%2Fcategories&post=23131"},{"taxonomy":"post_tag","embeddable":true,"href":"https:\/\/radiorevelacionfm.cl\/index.php?rest_route=%2Fwp%2Fv2%2Ftags&post=23131"}],"curies":[{"name":"wp","href":"https:\/\/api.w.org\/{rel}","templated":true}]}}