{"id":2312,"date":"2021-02-02T16:23:02","date_gmt":"2021-02-02T19:23:02","guid":{"rendered":"https:\/\/radiorevelacionfm.cl\/?p=2312"},"modified":"2021-02-02T16:23:02","modified_gmt":"2021-02-02T19:23:02","slug":"ximena-ordenes-y-fibra-optica-el-proyecto-es-muy-importante-para-la-region-pero-necesitamos-una-mejor-infraestructura","status":"publish","type":"post","link":"https:\/\/radiorevelacionfm.cl\/?p=2312","title":{"rendered":"Ximena \u00d3rdenes y Fibra \u00d3ptica \u201cEl proyecto es muy importante para la regi\u00f3n, pero necesitamos una mejor infraestructura\u201d"},"content":{"rendered":"<div class=\"flex_column av_one_full  flex_column_div av-zero-column-padding first  avia-builder-el-0  el_before_av_one_full  avia-builder-el-first  \" style='border-radius:0px; '><div  class='avia-image-container  av-styling-    avia-builder-el-1  avia-builder-el-no-sibling  avia-align-center '  itemprop=\"image\" itemscope=\"itemscope\" itemtype=\"https:\/\/schema.org\/ImageObject\"  ><div class='avia-image-container-inner'><div class='avia-image-overlay-wrap'><img decoding=\"async\" class='wp-image-0 avia-img-lazy-loading-not-0 avia_image' src=\"https:\/\/radiorevelacionfm.cl\/wp-content\/uploads\/2021\/02\/Senadora-Ordenes-1.png\" alt='' title=''   itemprop=\"thumbnailUrl\"  \/><\/div><\/div><\/div><\/div><div class=\"flex_column av_one_full  flex_column_div av-zero-column-padding first  avia-builder-el-2  el_after_av_one_full  el_before_av_one_full  column-top-margin\" style='border-radius:0px; '><section class=\"av_textblock_section \"  itemscope=\"itemscope\" itemtype=\"https:\/\/schema.org\/BlogPosting\" itemprop=\"blogPost\" ><div class='avia_textblock  '   itemprop=\"text\" ><p style=\"text-align: center;\"><span style=\"font-size: 18pt;\"><strong>Ximena \u00d3rdenes y Fibra \u00d3ptica \u201cEl proyecto es muy importante para la regi\u00f3n, pero necesitamos una mejor infraestructura\u201d<\/strong><\/span><\/p>\n<div id=\"gtx-trans\" style=\"position: absolute; left: -50px; top: 4.31534px;\">\n<div class=\"gtx-trans-icon\"><\/div>\n<\/div>\n<\/div><\/section><\/div><div class=\"flex_column av_one_full  flex_column_div av-zero-column-padding first  avia-builder-el-4  el_after_av_one_full  el_before_av_hr  column-top-margin\" style='border-radius:0px; '><section class=\"av_textblock_section \"  itemscope=\"itemscope\" itemtype=\"https:\/\/schema.org\/BlogPosting\" itemprop=\"blogPost\" ><div class='avia_textblock  '   itemprop=\"text\" ><p style=\"text-align: justify;\">La senadora se mostr\u00f3 preocupada por el \u201cd\u00e9bil equipamiento\u201d del tendido de cables de la fibra \u00f3ptica. \u201cEl cableado se est\u00e1 desplegando sin conocer la realidad geogr\u00e1fica, meteorol\u00f3gica de nuestra regi\u00f3n, claramente la estructura no soportar\u00e1\u201d, indic\u00f3 la parlamentaria.<\/p>\n<p style=\"text-align: justify;\">\u201cLa Fibra \u00d3ptica Austral (FOA), constituye un proyecto emblem\u00e1tico dentro de los desaf\u00edos de conectividad en territorio austral, disminuyendo con ello la brecha digital en la que se encuentran las zonas extremas. Sin embargo, su infraestructura tiene serias debilidades\u201d, se\u00f1al\u00f3 la senadora Ximena \u00d3rdenes Neira.<\/p>\n<p style=\"text-align: justify;\">Recorriendo la regi\u00f3n, la parlamentaria y vecinos han dejado en evidencia la debilidad de los tendidos de fibra \u00f3ptica en la regi\u00f3n. \u201cHemos comprobado que los postes que soportan el cableado de fibra \u00f3ptica bastante endebles, con largueros o postes de pino, entre medio de bosques y que claramente no ser\u00e1n suficiente para hacer frente al clima de nuestra regi\u00f3n\u201d, indic\u00f3 \u00d3rdenes Neira.<\/p>\n<p style=\"text-align: justify;\">En este sentido, la senadora record\u00f3: \u201ccon el diputado Alinco enviamos un oficio a la Subsecretaria de Telecomunicaciones y tambi\u00e9n a la Intendencia Regional para que se fiscalice esta situaci\u00f3n, porque lo que no podemos tolerar es que se haga una gran inversi\u00f3n para asegurar la conectividad, pero que est\u00e9 en constante riesgo por no considerar un aspecto tan fundamental como el clima de nuestra zona\u201d.<\/p>\n<p style=\"text-align: justify;\">Finalmente, la senadora Ximena \u00d3rdenes Neira recalc\u00f3 que \u201cla fiscalizaci\u00f3n es urgente, porque existe una baja altura en la que se encuentra el tendido de la red de cable de fibra \u00f3ptica, hay tramos donde el tendido pasa entremedio de \u00e1rboles, el material de los postes es de un material endeble y que no ser\u00e1 duradero en el tiempo, atendido la humedad de nuestra zona y, adem\u00e1s, el material utilizado para la fijaci\u00f3n de postes es ripio y piedras.<\/p>\n<p style=\"text-align: justify;\">Es decir, una infraestructura d\u00e9bil, deficiente para la fibra \u00f3ptica tan necesaria para Ays\u00e9n\u201d, puntualiz\u00f3.<\/p>\n<\/div><\/section><\/div><div  style='height:50px' class='hr hr-invisible   avia-builder-el-6  el_after_av_one_full  el_before_av_social_share '><span class='hr-inner ' ><span class='hr-inner-style'><\/span><\/span><\/div><\/p>\n<div  class='av-social-sharing-box  avia-builder-el-7  el_after_av_hr  el_before_av_hr  '><div class='av-share-box'><h5 class='av-share-link-description av-no-toc '>Compartir esta noticia<\/h5><ul class='av-share-box-list noLightbox'><li class='av-share-link av-social-link-facebook' ><a target=\"_blank\" aria-label=\"Compartir en Facebook\" href='https:\/\/www.facebook.com\/sharer.php?u=https:\/\/radiorevelacionfm.cl\/?p=2312&#038;t=Ximena%20%C3%93rdenes%20y%20Fibra%20%C3%93ptica%20%E2%80%9CEl%20proyecto%20es%20muy%20importante%20para%20la%20regi%C3%B3n%2C%20pero%20necesitamos%20una%20mejor%20infraestructura%E2%80%9D' aria-hidden='false' data-av_icon='\ue8f3' data-av_iconfont='entypo-fontello' title='' data-avia-related-tooltip='Compartir en Facebook' rel=\"noopener\"><span class='avia_hidden_link_text'>Compartir en Facebook<\/span><\/a><\/li><li class='av-share-link av-social-link-twitter' ><a target=\"_blank\" aria-label=\"Compartir en Twitter\" href='https:\/\/twitter.com\/share?text=Ximena%20%C3%93rdenes%20y%20Fibra%20%C3%93ptica%20%E2%80%9CEl%20proyecto%20es%20muy%20importante%20para%20la%20regi%C3%B3n%2C%20pero%20necesitamos%20una%20mejor%20infraestructura%E2%80%9D&#038;url=https:\/\/radiorevelacionfm.cl\/?p=2312' aria-hidden='false' data-av_icon='\ue8f1' data-av_iconfont='entypo-fontello' title='' data-avia-related-tooltip='Compartir en Twitter' rel=\"noopener\"><span class='avia_hidden_link_text'>Compartir en Twitter<\/span><\/a><\/li><li class='av-share-link av-social-link-whatsapp' ><a target=\"_blank\" aria-label=\"Compartir en Whatsapp\" href='https:\/\/api.whatsapp.com\/send?text=https:\/\/radiorevelacionfm.cl\/?p=2312' aria-hidden='false' data-av_icon='\uf232' data-av_iconfont='entypo-fontello' title='' data-avia-related-tooltip='Compartir en Whatsapp' rel=\"noopener\"><span class='avia_hidden_link_text'>Compartir en Whatsapp<\/span><\/a><\/li><li class='av-share-link av-social-link-linkedin' ><a target=\"_blank\" aria-label=\"Compartir en LinkedIn\" href='https:\/\/linkedin.com\/shareArticle?mini=true&#038;title=Ximena%20%C3%93rdenes%20y%20Fibra%20%C3%93ptica%20%E2%80%9CEl%20proyecto%20es%20muy%20importante%20para%20la%20regi%C3%B3n%2C%20pero%20necesitamos%20una%20mejor%20infraestructura%E2%80%9D&#038;url=https:\/\/radiorevelacionfm.cl\/?p=2312' aria-hidden='false' data-av_icon='\ue8fc' data-av_iconfont='entypo-fontello' title='' data-avia-related-tooltip='Compartir en LinkedIn' rel=\"noopener\"><span class='avia_hidden_link_text'>Compartir en LinkedIn<\/span><\/a><\/li><li class='av-share-link av-social-link-mail' ><a  aria-label=\"Compartir por correo\" href='mailto:?subject=Ximena%20%C3%93rdenes%20y%20Fibra%20%C3%93ptica%20%E2%80%9CEl%20proyecto%20es%20muy%20importante%20para%20la%20regi%C3%B3n%2C%20pero%20necesitamos%20una%20mejor%20infraestructura%E2%80%9D&#038;body=https:\/\/radiorevelacionfm.cl\/?p=2312' aria-hidden='false' data-av_icon='\ue805' data-av_iconfont='entypo-fontello' title='' data-avia-related-tooltip='Compartir por correo'><span class='avia_hidden_link_text'>Compartir por correo<\/span><\/a><\/li><\/ul><\/div><\/div>\n<div  style='height:50px' class='hr hr-invisible   avia-builder-el-8  el_after_av_social_share  el_before_av_comments_list '><span class='hr-inner ' ><span class='hr-inner-style'><\/span><\/span><\/div>\n<div  class='av-buildercomment  av-blog-meta-html-info-disabled av-blog-meta-tag-disabled  '><\/div>\n","protected":false},"excerpt":{"rendered":"","protected":false},"author":1,"featured_media":0,"comment_status":"open","ping_status":"open","sticky":false,"template":"","format":"standard","meta":{"footnotes":""},"categories":[35],"tags":[],"class_list":["post-2312","post","type-post","status-publish","format-standard","hentry","category-politica"],"jetpack_featured_media_url":"","_links":{"self":[{"href":"https:\/\/radiorevelacionfm.cl\/index.php?rest_route=\/wp\/v2\/posts\/2312","targetHints":{"allow":["GET"]}}],"collection":[{"href":"https:\/\/radiorevelacionfm.cl\/index.php?rest_route=\/wp\/v2\/posts"}],"about":[{"href":"https:\/\/radiorevelacionfm.cl\/index.php?rest_route=\/wp\/v2\/types\/post"}],"author":[{"embeddable":true,"href":"https:\/\/radiorevelacionfm.cl\/index.php?rest_route=\/wp\/v2\/users\/1"}],"replies":[{"embeddable":true,"href":"https:\/\/radiorevelacionfm.cl\/index.php?rest_route=%2Fwp%2Fv2%2Fcomments&post=2312"}],"version-history":[{"count":1,"href":"https:\/\/radiorevelacionfm.cl\/index.php?rest_route=\/wp\/v2\/posts\/2312\/revisions"}],"predecessor-version":[{"id":2314,"href":"https:\/\/radiorevelacionfm.cl\/index.php?rest_route=\/wp\/v2\/posts\/2312\/revisions\/2314"}],"wp:attachment":[{"href":"https:\/\/radiorevelacionfm.cl\/index.php?rest_route=%2Fwp%2Fv2%2Fmedia&parent=2312"}],"wp:term":[{"taxonomy":"category","embeddable":true,"href":"https:\/\/radiorevelacionfm.cl\/index.php?rest_route=%2Fwp%2Fv2%2Fcategories&post=2312"},{"taxonomy":"post_tag","embeddable":true,"href":"https:\/\/radiorevelacionfm.cl\/index.php?rest_route=%2Fwp%2Fv2%2Ftags&post=2312"}],"curies":[{"name":"wp","href":"https:\/\/api.w.org\/{rel}","templated":true}]}}