{"id":23115,"date":"2022-10-17T17:59:03","date_gmt":"2022-10-17T20:59:03","guid":{"rendered":"https:\/\/radiorevelacionfm.cl\/?p=23115"},"modified":"2022-10-17T17:59:03","modified_gmt":"2022-10-17T20:59:03","slug":"aysen-incautan-1-895-kilos-de-recurso-merluza-y-20-de-congrio-dorado-en-zona-de-pesca","status":"publish","type":"post","link":"https:\/\/radiorevelacionfm.cl\/?p=23115","title":{"rendered":"Ays\u00e9n: Incautan 1.895 kilos de recurso merluza y 20 de congrio dorado en zona de pesca"},"content":{"rendered":"<div class=\"flex_column av_one_full  flex_column_div av-zero-column-padding first  avia-builder-el-0  el_before_av_one_full  avia-builder-el-first  \" style='border-radius:0px; '><div  class='avia-image-container  av-styling-    avia-builder-el-1  avia-builder-el-no-sibling  avia-align-center '  itemprop=\"image\" itemscope=\"itemscope\" itemtype=\"https:\/\/schema.org\/ImageObject\"  ><div class='avia-image-container-inner'><div class='avia-image-overlay-wrap'><img decoding=\"async\" class='wp-image-23116 avia-img-lazy-loading-not-23116 avia_image' src=\"https:\/\/radiorevelacionfm.cl\/wp-content\/uploads\/2022\/10\/4-72-1-1.jpg\" alt='' title='4 (72) (1) (1)' height=\"600\" width=\"800\"  itemprop=\"thumbnailUrl\" srcset=\"https:\/\/radiorevelacionfm.cl\/wp-content\/uploads\/2022\/10\/4-72-1-1.jpg 800w, https:\/\/radiorevelacionfm.cl\/wp-content\/uploads\/2022\/10\/4-72-1-1-300x225.jpg 300w, https:\/\/radiorevelacionfm.cl\/wp-content\/uploads\/2022\/10\/4-72-1-1-768x576.jpg 768w, https:\/\/radiorevelacionfm.cl\/wp-content\/uploads\/2022\/10\/4-72-1-1-705x529.jpg 705w, https:\/\/radiorevelacionfm.cl\/wp-content\/uploads\/2022\/10\/4-72-1-1-600x450.jpg 600w\" sizes=\"(max-width: 800px) 100vw, 800px\" \/><\/div><\/div><\/div><\/div><div class=\"flex_column av_one_full  flex_column_div av-zero-column-padding first  avia-builder-el-2  el_after_av_one_full  el_before_av_one_full  column-top-margin\" style='border-radius:0px; '><section class=\"av_textblock_section \"  itemscope=\"itemscope\" itemtype=\"https:\/\/schema.org\/BlogPosting\" itemprop=\"blogPost\" ><div class='avia_textblock  '   itemprop=\"text\" ><p style=\"text-align: center;\"><strong><span style=\"font-size: 18pt;\">Ays\u00e9n: Incautan 1.895 kilos de recurso merluza y 20 de congrio dorado en zona de pesca<\/span><\/strong><\/p>\n<div id=\"gtx-trans\" style=\"position: absolute; left: -50px; top: 4.31534px;\">\n<div class=\"gtx-trans-icon\"><\/div>\n<\/div>\n<\/div><\/section><\/div><div class=\"flex_column av_one_full  flex_column_div av-zero-column-padding first  avia-builder-el-4  el_after_av_one_full  el_before_av_hr  column-top-margin\" style='border-radius:0px; '><section class=\"av_textblock_section \"  itemscope=\"itemscope\" itemtype=\"https:\/\/schema.org\/BlogPosting\" itemprop=\"blogPost\" ><div class='avia_textblock  '   itemprop=\"text\" ><p style=\"font-weight: 400; text-align: justify;\">En una nueva fiscalizaci\u00f3n en zona de pesca realizada entre un equipo del Servicio Nacional de Pesca y Acuicultura de Ays\u00e9n y personal de la Armada de Chile, se fiscaliz\u00f3 3 embarcaciones pertenecientes a la regi\u00f3n de Los Lagos, detectando en sus bodegas: 1.875 kg de merluza del sur y 20 kg de congrio dorado en sus bodegas.<\/p>\n<p style=\"font-weight: 400; text-align: justify;\">Los armadores de las embarcaciones provenientes de Calbuco, no se encontraban realizando faenas de pesca, sin embargo, en sus bodegas almacenaban casi dos toneladas de recursos frescos de los cuales no pudieron acreditar la zona de extracci\u00f3n, por lo que se cursaron 3 citaciones al Juzgado de Letras de Ays\u00e9n y se incaut\u00f3 el total de la carga en poder de los infractores a disposici\u00f3n de lo que determine el Magistrado.<\/p>\n<p style=\"font-weight: 400; text-align: justify;\">El operativo se realiz\u00f3 en base a an\u00e1lisis documental de las actividades extractivas realizadas en la zona y gracias a los medios desplegados por la Gobernaci\u00f3n Mar\u00edtima de Ays\u00e9n a trav\u00e9s del Patrullero de Servicio General \u201cContramaestre Ortiz\u201d, dependiente de la Quinta Zona Naval, fiscalizando as\u00ed las \u00e1reas de riesgo identificadas en la extracci\u00f3n de la merluza del sur.<\/p>\n<p style=\"font-weight: 400; text-align: justify;\">El Director Regional (S) de SERNAPESCA Ays\u00e9n, Tom\u00e1s Manriquez coment\u00f3 sobre la constante vigilancia que efect\u00faan en conjunto con la Autoridad Mar\u00edtima: \u201ccomo Sernapesca mantenemos una fiscalizaci\u00f3n permanente en zona de pesca, ya sea v\u00eda mar\u00edtima, a\u00e9rea o ambas, con el fin de resguardar que la actividad pesquera y extractiva se desarrolle en el marco de lo que establece la normativa vigente y, de este modo, cuidar la sustentabilidad de los recursos pesqueros. Si bien, estas embarcaciones de otra regi\u00f3n no se encontraban realizando faenas de pesca, no pudieron acreditar con sus GPS que las faenas de pesca se hayan realizado en la zona mar\u00edtima de Los Lagos, raz\u00f3n por la cual se curs\u00f3 la infracci\u00f3n\u00bb.<\/p>\n<\/div><\/section><\/div><div  style='height:50px' class='hr hr-invisible   avia-builder-el-6  el_after_av_one_full  el_before_av_social_share '><span class='hr-inner ' ><span class='hr-inner-style'><\/span><\/span><\/div><\/p>\n<div  class='av-social-sharing-box  avia-builder-el-7  el_after_av_hr  el_before_av_hr  '><div class='av-share-box'><h5 class='av-share-link-description av-no-toc '>Compartir esta noticia<\/h5><ul class='av-share-box-list noLightbox'><li class='av-share-link av-social-link-facebook' ><a target=\"_blank\" aria-label=\"Compartir en Facebook\" href='https:\/\/www.facebook.com\/sharer.php?u=https:\/\/radiorevelacionfm.cl\/?p=23115&#038;t=Ays%C3%A9n%3A%20Incautan%201.895%20kilos%20de%20recurso%20merluza%20y%2020%20de%20congrio%20dorado%20en%20zona%20de%20pesca' aria-hidden='false' data-av_icon='\ue8f3' data-av_iconfont='entypo-fontello' title='' data-avia-related-tooltip='Compartir en Facebook' rel=\"noopener\"><span class='avia_hidden_link_text'>Compartir en Facebook<\/span><\/a><\/li><li class='av-share-link av-social-link-twitter' ><a target=\"_blank\" aria-label=\"Compartir en Twitter\" href='https:\/\/twitter.com\/share?text=Ays%C3%A9n%3A%20Incautan%201.895%20kilos%20de%20recurso%20merluza%20y%2020%20de%20congrio%20dorado%20en%20zona%20de%20pesca&#038;url=https:\/\/radiorevelacionfm.cl\/?p=23115' aria-hidden='false' data-av_icon='\ue8f1' data-av_iconfont='entypo-fontello' title='' data-avia-related-tooltip='Compartir en Twitter' rel=\"noopener\"><span class='avia_hidden_link_text'>Compartir en Twitter<\/span><\/a><\/li><li class='av-share-link av-social-link-whatsapp' ><a target=\"_blank\" aria-label=\"Compartir en Whatsapp\" href='https:\/\/api.whatsapp.com\/send?text=https:\/\/radiorevelacionfm.cl\/?p=23115' aria-hidden='false' data-av_icon='\uf232' data-av_iconfont='entypo-fontello' title='' data-avia-related-tooltip='Compartir en Whatsapp' rel=\"noopener\"><span class='avia_hidden_link_text'>Compartir en Whatsapp<\/span><\/a><\/li><li class='av-share-link av-social-link-linkedin' ><a target=\"_blank\" aria-label=\"Compartir en LinkedIn\" href='https:\/\/linkedin.com\/shareArticle?mini=true&#038;title=Ays%C3%A9n%3A%20Incautan%201.895%20kilos%20de%20recurso%20merluza%20y%2020%20de%20congrio%20dorado%20en%20zona%20de%20pesca&#038;url=https:\/\/radiorevelacionfm.cl\/?p=23115' aria-hidden='false' data-av_icon='\ue8fc' data-av_iconfont='entypo-fontello' title='' data-avia-related-tooltip='Compartir en LinkedIn' rel=\"noopener\"><span class='avia_hidden_link_text'>Compartir en LinkedIn<\/span><\/a><\/li><li class='av-share-link av-social-link-mail' ><a  aria-label=\"Compartir por correo\" href='mailto:?subject=Ays%C3%A9n%3A%20Incautan%201.895%20kilos%20de%20recurso%20merluza%20y%2020%20de%20congrio%20dorado%20en%20zona%20de%20pesca&#038;body=https:\/\/radiorevelacionfm.cl\/?p=23115' aria-hidden='false' data-av_icon='\ue805' data-av_iconfont='entypo-fontello' title='' data-avia-related-tooltip='Compartir por correo'><span class='avia_hidden_link_text'>Compartir por correo<\/span><\/a><\/li><\/ul><\/div><\/div>\n<div  style='height:50px' class='hr hr-invisible   avia-builder-el-8  el_after_av_social_share  el_before_av_comments_list '><span class='hr-inner ' ><span class='hr-inner-style'><\/span><\/span><\/div>\n<div  class='av-buildercomment  av-blog-meta-html-info-disabled av-blog-meta-tag-disabled  '><\/div>\n","protected":false},"excerpt":{"rendered":"","protected":false},"author":1,"featured_media":23116,"comment_status":"open","ping_status":"open","sticky":false,"template":"","format":"standard","meta":{"footnotes":""},"categories":[60],"tags":[],"class_list":["post-23115","post","type-post","status-publish","format-standard","has-post-thumbnail","hentry","category-pesca"],"jetpack_featured_media_url":"https:\/\/radiorevelacionfm.cl\/wp-content\/uploads\/2022\/10\/4-72-1-1.jpg","_links":{"self":[{"href":"https:\/\/radiorevelacionfm.cl\/index.php?rest_route=\/wp\/v2\/posts\/23115","targetHints":{"allow":["GET"]}}],"collection":[{"href":"https:\/\/radiorevelacionfm.cl\/index.php?rest_route=\/wp\/v2\/posts"}],"about":[{"href":"https:\/\/radiorevelacionfm.cl\/index.php?rest_route=\/wp\/v2\/types\/post"}],"author":[{"embeddable":true,"href":"https:\/\/radiorevelacionfm.cl\/index.php?rest_route=\/wp\/v2\/users\/1"}],"replies":[{"embeddable":true,"href":"https:\/\/radiorevelacionfm.cl\/index.php?rest_route=%2Fwp%2Fv2%2Fcomments&post=23115"}],"version-history":[{"count":2,"href":"https:\/\/radiorevelacionfm.cl\/index.php?rest_route=\/wp\/v2\/posts\/23115\/revisions"}],"predecessor-version":[{"id":23118,"href":"https:\/\/radiorevelacionfm.cl\/index.php?rest_route=\/wp\/v2\/posts\/23115\/revisions\/23118"}],"wp:featuredmedia":[{"embeddable":true,"href":"https:\/\/radiorevelacionfm.cl\/index.php?rest_route=\/wp\/v2\/media\/23116"}],"wp:attachment":[{"href":"https:\/\/radiorevelacionfm.cl\/index.php?rest_route=%2Fwp%2Fv2%2Fmedia&parent=23115"}],"wp:term":[{"taxonomy":"category","embeddable":true,"href":"https:\/\/radiorevelacionfm.cl\/index.php?rest_route=%2Fwp%2Fv2%2Fcategories&post=23115"},{"taxonomy":"post_tag","embeddable":true,"href":"https:\/\/radiorevelacionfm.cl\/index.php?rest_route=%2Fwp%2Fv2%2Ftags&post=23115"}],"curies":[{"name":"wp","href":"https:\/\/api.w.org\/{rel}","templated":true}]}}