{"id":23109,"date":"2022-10-17T17:43:11","date_gmt":"2022-10-17T20:43:11","guid":{"rendered":"https:\/\/radiorevelacionfm.cl\/?p=23109"},"modified":"2022-10-17T17:43:11","modified_gmt":"2022-10-17T20:43:11","slug":"colegio-medico-y-hospital-regional-coyhaique-organizan-1cicletada-pedalea-por-sus-vidas","status":"publish","type":"post","link":"https:\/\/radiorevelacionfm.cl\/?p=23109","title":{"rendered":"Colegio M\u00e9dico y Hospital Regional Coyhaique organizan 1\u00b0Cicletada \u201cPedalea por sus vidas\u201d"},"content":{"rendered":"<div class=\"flex_column av_one_full  flex_column_div av-zero-column-padding first  avia-builder-el-0  el_before_av_one_full  avia-builder-el-first  \" style='border-radius:0px; '><div  class='avia-image-container  av-styling-    avia-builder-el-1  avia-builder-el-no-sibling  avia-align-center '  itemprop=\"image\" itemscope=\"itemscope\" itemtype=\"https:\/\/schema.org\/ImageObject\"  ><div class='avia-image-container-inner'><div class='avia-image-overlay-wrap'><img decoding=\"async\" class='wp-image-23112 avia-img-lazy-loading-not-23112 avia_image' src=\"https:\/\/radiorevelacionfm.cl\/wp-content\/uploads\/2022\/10\/cicletada-foto_optimized-1.jpg\" alt='' title='cicletada-foto_optimized (1)' height=\"636\" width=\"1130\"  itemprop=\"thumbnailUrl\" srcset=\"https:\/\/radiorevelacionfm.cl\/wp-content\/uploads\/2022\/10\/cicletada-foto_optimized-1.jpg 1130w, https:\/\/radiorevelacionfm.cl\/wp-content\/uploads\/2022\/10\/cicletada-foto_optimized-1-300x169.jpg 300w, https:\/\/radiorevelacionfm.cl\/wp-content\/uploads\/2022\/10\/cicletada-foto_optimized-1-1030x580.jpg 1030w, https:\/\/radiorevelacionfm.cl\/wp-content\/uploads\/2022\/10\/cicletada-foto_optimized-1-768x432.jpg 768w, https:\/\/radiorevelacionfm.cl\/wp-content\/uploads\/2022\/10\/cicletada-foto_optimized-1-705x397.jpg 705w, https:\/\/radiorevelacionfm.cl\/wp-content\/uploads\/2022\/10\/cicletada-foto_optimized-1-600x338.jpg 600w\" sizes=\"(max-width: 1130px) 100vw, 1130px\" \/><\/div><\/div><\/div><\/div><div class=\"flex_column av_one_full  flex_column_div av-zero-column-padding first  avia-builder-el-2  el_after_av_one_full  el_before_av_one_full  column-top-margin\" style='border-radius:0px; '><section class=\"av_textblock_section \"  itemscope=\"itemscope\" itemtype=\"https:\/\/schema.org\/BlogPosting\" itemprop=\"blogPost\" ><div class='avia_textblock  '   itemprop=\"text\" ><p style=\"text-align: center;\"><span style=\"font-size: 18pt;\"><strong>Colegio M\u00e9dico y Hospital Regional Coyhaique organizan 1\u00b0Cicletada \u201cPedalea por sus vidas\u201d<\/strong><\/span><\/p>\n<div id=\"gtx-trans\" style=\"position: absolute; left: -50px; top: 4.31534px;\">\n<div class=\"gtx-trans-icon\"><\/div>\n<\/div>\n<\/div><\/section><\/div><div class=\"flex_column av_one_full  flex_column_div av-zero-column-padding first  avia-builder-el-4  el_after_av_one_full  el_before_av_hr  column-top-margin\" style='border-radius:0px; '><section class=\"av_textblock_section \"  itemscope=\"itemscope\" itemtype=\"https:\/\/schema.org\/BlogPosting\" itemprop=\"blogPost\" ><div class='avia_textblock  '   itemprop=\"text\" ><p style=\"text-align: justify;\">Descontaminar la ciudad, incentivar la vida saludable y descongestionar el atochado parque automotriz de nuestra comuna, son parte de los objetivos de la 1\u00b0Cicletada \u201cPedalea por sus vidas\u201d, iniciativa organizada por el Colegio M\u00e9dico y el Hospital Regional Coyhaique, con la colaboraci\u00f3n de la Agrupaci\u00f3n Cicleayque.<\/p>\n<p style=\"text-align: justify;\">La actividad est\u00e1 inspirada en la iniciativa \u201cRide for their lives\u201d, instancia que promueve la colaboraci\u00f3n de los profesionales de la salud al rededor del mundo transmitiendo el mensaje de la importancia del v\u00ednculo entre la Crisis Clim\u00e1tica y la Salud a partir de tres pilares: mejorar la pr\u00e1ctica de la sostenibilidad; educarse a s\u00ed mismos y a los pacientes sobre el v\u00ednculo de la crisis clim\u00e1tica y los malos resultados de salud; y abogar ante los responsables de la formulaci\u00f3n de pol\u00edticas p\u00fablicas relacionadas con salud, sostenibilidad y medio ambiente.<\/p>\n<p style=\"text-align: justify;\">\u201cEsta campa\u00f1a global naci\u00f3 en Inglaterra, y busca incentivarnos a cambiar nuestra manera de vivir a una forma m\u00e1s sustentable, por el futuro de nuestros ni\u00f1os y ni\u00f1as\u201d, explic\u00f3 Alejandra Born, m\u00e9dico del HRC y miembro del Comit\u00e9 de Salud y Sustentabilidad del Colegio M\u00e9dico Regional Ays\u00e9n.<\/p>\n<p style=\"text-align: justify;\">La Dra. Born agreg\u00f3 que \u201cen el marco de nuestro compromiso con la salud y sustentabilidad, como Colegio M\u00e9dico queremos invitarlos a participar de esta cicletada, que se realizar\u00e1 este jueves 20 a partir de las 17.45 horas. Los esperamos a todas y todos\u201d.<\/p>\n<p style=\"text-align: justify;\">En tanto, Jaime L\u00f3pez, director del HRC, destac\u00f3 el desarrollo de estas iniciativas, que apuntan a la responsabilidad social que tienen los trabajadores de salud dentro de la comunidad, en este caso, incentivando la vida saludable y libre de contaminaci\u00f3n.<\/p>\n<p style=\"text-align: justify;\">\u201cM\u00e1s all\u00e1 de ser un medio de transporte y recreacional, la bicicleta nos permite entrar en contacto con la naturaleza, disfrutando del trayecto. Con los problemas ambientales que tiene Coyhaique, el tener instancias que difundan el uso del medio de transporte que tiene la mayor eficiencia energ\u00e9tica, hace necesario que como funcionarios de salud estemos presentes y motivando a que tengamos una mayor cantidad de ciclistas en nuestra comuna\u201d, afirm\u00f3 el director del HRC.<\/p>\n<p style=\"text-align: justify;\">Por su parte, Florencia Ben\u00edtez, miembro de la Agrupaci\u00f3n Cicleayque, destac\u00f3 esta iniciativa liderada por equipos de salud, puesto que es una nueva manera de acercar el uso de la bicicleta a la comunidad, sobre todo considerando el gran n\u00famero de funcionarios que tiene el sector salud en la regi\u00f3n. En efecto, s\u00f3lo en el HRC trabajan m\u00e1s de 1.200 personas, donde adem\u00e1s hay un evidente colapso de los estacionamientos circundantes al centro hospitalario.<\/p>\n<p style=\"text-align: justify;\">\u201cComo agrupaci\u00f3n creemos que la bicicleta tiene un tremendo potencial, sobre todo en esta ciudad donde las distancias son cortas. As\u00ed podemos desincentivar el uso del autom\u00f3vil y limitar la cantidad de veh\u00edculos que hay en la comuna. Hemos visto a trav\u00e9s de las cicletadas que organizamos, que han tenido muy buen efecto, y se desmitifican ciertos temas como las pendientes o el grado de dificultad\u201d, precis\u00f3 Florencia Ben\u00edtez.<\/p>\n<\/div><\/section><\/div><div  style='height:50px' class='hr hr-invisible   avia-builder-el-6  el_after_av_one_full  el_before_av_social_share '><span class='hr-inner ' ><span class='hr-inner-style'><\/span><\/span><\/div><\/p>\n<div  class='av-social-sharing-box  avia-builder-el-7  el_after_av_hr  el_before_av_hr  '><div class='av-share-box'><h5 class='av-share-link-description av-no-toc '>Compartir esta noticia<\/h5><ul class='av-share-box-list noLightbox'><li class='av-share-link av-social-link-facebook' ><a target=\"_blank\" aria-label=\"Compartir en Facebook\" href='https:\/\/www.facebook.com\/sharer.php?u=https:\/\/radiorevelacionfm.cl\/?p=23109&#038;t=Colegio%20M%C3%A9dico%20y%20Hospital%20Regional%20Coyhaique%20organizan%201%C2%B0Cicletada%20%E2%80%9CPedalea%20por%20sus%20vidas%E2%80%9D' aria-hidden='false' data-av_icon='\ue8f3' data-av_iconfont='entypo-fontello' title='' data-avia-related-tooltip='Compartir en Facebook' rel=\"noopener\"><span class='avia_hidden_link_text'>Compartir en Facebook<\/span><\/a><\/li><li class='av-share-link av-social-link-twitter' ><a target=\"_blank\" aria-label=\"Compartir en Twitter\" href='https:\/\/twitter.com\/share?text=Colegio%20M%C3%A9dico%20y%20Hospital%20Regional%20Coyhaique%20organizan%201%C2%B0Cicletada%20%E2%80%9CPedalea%20por%20sus%20vidas%E2%80%9D&#038;url=https:\/\/radiorevelacionfm.cl\/?p=23109' aria-hidden='false' data-av_icon='\ue8f1' data-av_iconfont='entypo-fontello' title='' data-avia-related-tooltip='Compartir en Twitter' rel=\"noopener\"><span class='avia_hidden_link_text'>Compartir en Twitter<\/span><\/a><\/li><li class='av-share-link av-social-link-whatsapp' ><a target=\"_blank\" aria-label=\"Compartir en Whatsapp\" href='https:\/\/api.whatsapp.com\/send?text=https:\/\/radiorevelacionfm.cl\/?p=23109' aria-hidden='false' data-av_icon='\uf232' data-av_iconfont='entypo-fontello' title='' data-avia-related-tooltip='Compartir en Whatsapp' rel=\"noopener\"><span class='avia_hidden_link_text'>Compartir en Whatsapp<\/span><\/a><\/li><li class='av-share-link av-social-link-linkedin' ><a target=\"_blank\" aria-label=\"Compartir en LinkedIn\" href='https:\/\/linkedin.com\/shareArticle?mini=true&#038;title=Colegio%20M%C3%A9dico%20y%20Hospital%20Regional%20Coyhaique%20organizan%201%C2%B0Cicletada%20%E2%80%9CPedalea%20por%20sus%20vidas%E2%80%9D&#038;url=https:\/\/radiorevelacionfm.cl\/?p=23109' aria-hidden='false' data-av_icon='\ue8fc' data-av_iconfont='entypo-fontello' title='' data-avia-related-tooltip='Compartir en LinkedIn' rel=\"noopener\"><span class='avia_hidden_link_text'>Compartir en LinkedIn<\/span><\/a><\/li><li class='av-share-link av-social-link-mail' ><a  aria-label=\"Compartir por correo\" href='mailto:?subject=Colegio%20M%C3%A9dico%20y%20Hospital%20Regional%20Coyhaique%20organizan%201%C2%B0Cicletada%20%E2%80%9CPedalea%20por%20sus%20vidas%E2%80%9D&#038;body=https:\/\/radiorevelacionfm.cl\/?p=23109' aria-hidden='false' data-av_icon='\ue805' data-av_iconfont='entypo-fontello' title='' data-avia-related-tooltip='Compartir por correo'><span class='avia_hidden_link_text'>Compartir por correo<\/span><\/a><\/li><\/ul><\/div><\/div>\n<div  style='height:50px' class='hr hr-invisible   avia-builder-el-8  el_after_av_social_share  el_before_av_comments_list '><span class='hr-inner ' ><span class='hr-inner-style'><\/span><\/span><\/div>\n<div  class='av-buildercomment  av-blog-meta-html-info-disabled av-blog-meta-tag-disabled  '><\/div>\n","protected":false},"excerpt":{"rendered":"","protected":false},"author":1,"featured_media":23112,"comment_status":"open","ping_status":"open","sticky":false,"template":"","format":"standard","meta":{"footnotes":""},"categories":[46],"tags":[],"class_list":["post-23109","post","type-post","status-publish","format-standard","has-post-thumbnail","hentry","category-salud"],"jetpack_featured_media_url":"https:\/\/radiorevelacionfm.cl\/wp-content\/uploads\/2022\/10\/cicletada-foto_optimized-1.jpg","_links":{"self":[{"href":"https:\/\/radiorevelacionfm.cl\/index.php?rest_route=\/wp\/v2\/posts\/23109","targetHints":{"allow":["GET"]}}],"collection":[{"href":"https:\/\/radiorevelacionfm.cl\/index.php?rest_route=\/wp\/v2\/posts"}],"about":[{"href":"https:\/\/radiorevelacionfm.cl\/index.php?rest_route=\/wp\/v2\/types\/post"}],"author":[{"embeddable":true,"href":"https:\/\/radiorevelacionfm.cl\/index.php?rest_route=\/wp\/v2\/users\/1"}],"replies":[{"embeddable":true,"href":"https:\/\/radiorevelacionfm.cl\/index.php?rest_route=%2Fwp%2Fv2%2Fcomments&post=23109"}],"version-history":[{"count":2,"href":"https:\/\/radiorevelacionfm.cl\/index.php?rest_route=\/wp\/v2\/posts\/23109\/revisions"}],"predecessor-version":[{"id":23114,"href":"https:\/\/radiorevelacionfm.cl\/index.php?rest_route=\/wp\/v2\/posts\/23109\/revisions\/23114"}],"wp:featuredmedia":[{"embeddable":true,"href":"https:\/\/radiorevelacionfm.cl\/index.php?rest_route=\/wp\/v2\/media\/23112"}],"wp:attachment":[{"href":"https:\/\/radiorevelacionfm.cl\/index.php?rest_route=%2Fwp%2Fv2%2Fmedia&parent=23109"}],"wp:term":[{"taxonomy":"category","embeddable":true,"href":"https:\/\/radiorevelacionfm.cl\/index.php?rest_route=%2Fwp%2Fv2%2Fcategories&post=23109"},{"taxonomy":"post_tag","embeddable":true,"href":"https:\/\/radiorevelacionfm.cl\/index.php?rest_route=%2Fwp%2Fv2%2Ftags&post=23109"}],"curies":[{"name":"wp","href":"https:\/\/api.w.org\/{rel}","templated":true}]}}