{"id":23099,"date":"2022-10-17T14:54:11","date_gmt":"2022-10-17T17:54:11","guid":{"rendered":"https:\/\/radiorevelacionfm.cl\/?p=23099"},"modified":"2022-10-17T14:54:11","modified_gmt":"2022-10-17T17:54:11","slug":"corte-confirma-fallo-que-absolvio-a-acusado-de-incendio-en-puerto-aysen","status":"publish","type":"post","link":"https:\/\/radiorevelacionfm.cl\/?p=23099","title":{"rendered":"Corte confirma fallo que absolvi\u00f3 a acusado de incendio en Puerto Ays\u00e9n"},"content":{"rendered":"<div class=\"flex_column av_one_full  flex_column_div av-zero-column-padding first  avia-builder-el-0  el_before_av_one_full  avia-builder-el-first  \" style='border-radius:0px; '><div  class='avia-image-container  av-styling-    avia-builder-el-1  avia-builder-el-no-sibling  avia-align-center '  itemprop=\"image\" itemscope=\"itemscope\" itemtype=\"https:\/\/schema.org\/ImageObject\"  ><div class='avia-image-container-inner'><div class='avia-image-overlay-wrap'><img decoding=\"async\" class='wp-image-16644 avia-img-lazy-loading-not-16644 avia_image' src=\"https:\/\/radiorevelacionfm.cl\/wp-content\/uploads\/2022\/05\/Corte-de-Apelaciones-1-1.jpg\" alt='' title='Corte de Apelaciones (1) (1)' height=\"600\" width=\"900\"  itemprop=\"thumbnailUrl\" srcset=\"https:\/\/radiorevelacionfm.cl\/wp-content\/uploads\/2022\/05\/Corte-de-Apelaciones-1-1.jpg 900w, https:\/\/radiorevelacionfm.cl\/wp-content\/uploads\/2022\/05\/Corte-de-Apelaciones-1-1-300x200.jpg 300w, https:\/\/radiorevelacionfm.cl\/wp-content\/uploads\/2022\/05\/Corte-de-Apelaciones-1-1-768x512.jpg 768w, https:\/\/radiorevelacionfm.cl\/wp-content\/uploads\/2022\/05\/Corte-de-Apelaciones-1-1-705x470.jpg 705w, https:\/\/radiorevelacionfm.cl\/wp-content\/uploads\/2022\/05\/Corte-de-Apelaciones-1-1-600x400.jpg 600w\" sizes=\"(max-width: 900px) 100vw, 900px\" \/><\/div><\/div><\/div><\/div><div class=\"flex_column av_one_full  flex_column_div av-zero-column-padding first  avia-builder-el-2  el_after_av_one_full  el_before_av_one_full  column-top-margin\" style='border-radius:0px; '><section class=\"av_textblock_section \"  itemscope=\"itemscope\" itemtype=\"https:\/\/schema.org\/BlogPosting\" itemprop=\"blogPost\" ><div class='avia_textblock  '   itemprop=\"text\" ><p style=\"text-align: center;\"><span style=\"font-size: 18pt;\"><strong>Corte confirma fallo que absolvi\u00f3 a acusado de incendio en Puerto Ays\u00e9n<\/strong><\/span><\/p>\n<div id=\"gtx-trans\" style=\"position: absolute; left: -50px; top: 4.31534px;\">\n<div class=\"gtx-trans-icon\"><\/div>\n<\/div>\n<\/div><\/section><\/div><div class=\"flex_column av_one_full  flex_column_div av-zero-column-padding first  avia-builder-el-4  el_after_av_one_full  el_before_av_hr  column-top-margin\" style='border-radius:0px; '><section class=\"av_textblock_section \"  itemscope=\"itemscope\" itemtype=\"https:\/\/schema.org\/BlogPosting\" itemprop=\"blogPost\" ><div class='avia_textblock  '   itemprop=\"text\" ><p class=\"v1MsoNormal\" style=\"text-align: justify;\">La Corte de Apelaciones de Coyhaique rechaz\u00f3 el recurso de nulidad interpuesto en contra de la sentencia que decret\u00f3 la absoluci\u00f3n, por falta de pruebas, de Patricio Andr\u00e9s S\u00e1ez Cravero, sindicado por el Ministerio P\u00fablico como autor del delito de incendio. Il\u00edcito supuestamente perpetrado en agosto del a\u00f1o pasado, en la comuna de Puerto Ays\u00e9n.<\/p>\n<p class=\"v1MsoNormal\" style=\"text-align: justify;\">En fallo un\u00e1nime\u00a0(causa rol 179-2022), la Primera Sala del tribunal de alzada \u2013integrada por los\u00a0ministros Pedro Castro Espinoza, Jos\u00e9 Ignacio Mora Trujillo y Natalia Rencoret Oliva\u2013descart\u00f3\u00a0infracci\u00f3n de derecho en la sentencia impugnada, dictada por el\u00a0Tribunal de Juicio Oral en lo Penal de Coyhaique.<\/p>\n<p class=\"v1MsoNormal\" style=\"text-align: justify;\">\u00ab(&#8230;) en la sentencia recurrida se ha efectuado una valoraci\u00f3n de toda la prueba producida, de acuerdo a la l\u00f3gica y, espec\u00edficamente, el principio de la no contradicci\u00f3n, para absolver al acusado Patricio Andr\u00e9s S\u00e1ez Cravero, de responsabilidad por la imputaci\u00f3n que le efectuara el Ministerio P\u00fablico, en un delito de incendio, previsto y sancionado en el art\u00edculo 475 n\u00famero 1 del C\u00f3digo Penal, en grado de consumado, porque el fallo en cuesti\u00f3n ha explicitado que no se ha acreditado el hecho que habr\u00eda tenido lugar el d\u00eda 3 de agosto de 2021, en la comuna de Puerto Ays\u00e9n, ni la participaci\u00f3n culpable del acusado, lo que tiene una raz\u00f3n de ser u obedece a una raz\u00f3n determinada, seg\u00fan la prueba rendida en autos\u00bb, sostiene el fallo.<\/p>\n<p class=\"v1MsoNormal\" style=\"text-align: justify;\">Por tanto, se resuelve que:\u00a0\u00ab<b>SE RECHAZA<\/b>, sin costas, el recurso de nulidad planteado en la presentaci\u00f3n de fecha 1 de septiembre de 2022 por Estefan\u00eda Leiva Cabezas, Fiscal Adjunto de la Fiscal\u00eda Local de Ays\u00e9n, por la causal que aleg\u00f3, en contra de la sentencia definitiva, de fecha 22 de agosto de 2022, del Tribunal Oral en lo Penal de Coyhaique, por la que se absuelve al acusado al acusado Patricio Andr\u00e9s S\u00e1ez Cravero, de la acusaci\u00f3n deducida en su contra, que le imput\u00f3 responsabilidad, en calidad de autor, en un delito de incendio, previsto y sancionado en el art\u00edculo 475 n\u00famero 1 del C\u00f3digo penal, en grado de consumado, que habr\u00eda acaecido en la madrugada del d\u00eda 3 de agosto de 2021, en la comuna de Puerto Ays\u00e9n, decidi\u00e9ndose, en consecuencia, que esta no es nula\u00bb.<\/p>\n<\/div><\/section><\/div><div  style='height:50px' class='hr hr-invisible   avia-builder-el-6  el_after_av_one_full  el_before_av_social_share '><span class='hr-inner ' ><span class='hr-inner-style'><\/span><\/span><\/div><\/p>\n<div  class='av-social-sharing-box  avia-builder-el-7  el_after_av_hr  el_before_av_hr  '><div class='av-share-box'><h5 class='av-share-link-description av-no-toc '>Compartir esta noticia<\/h5><ul class='av-share-box-list noLightbox'><li class='av-share-link av-social-link-facebook' ><a target=\"_blank\" aria-label=\"Compartir en Facebook\" href='https:\/\/www.facebook.com\/sharer.php?u=https:\/\/radiorevelacionfm.cl\/?p=23099&#038;t=Corte%20confirma%20fallo%20que%20absolvi%C3%B3%20a%20acusado%20de%20incendio%20en%20Puerto%20Ays%C3%A9n' aria-hidden='false' data-av_icon='\ue8f3' data-av_iconfont='entypo-fontello' title='' data-avia-related-tooltip='Compartir en Facebook' rel=\"noopener\"><span class='avia_hidden_link_text'>Compartir en Facebook<\/span><\/a><\/li><li class='av-share-link av-social-link-twitter' ><a target=\"_blank\" aria-label=\"Compartir en Twitter\" href='https:\/\/twitter.com\/share?text=Corte%20confirma%20fallo%20que%20absolvi%C3%B3%20a%20acusado%20de%20incendio%20en%20Puerto%20Ays%C3%A9n&#038;url=https:\/\/radiorevelacionfm.cl\/?p=23099' aria-hidden='false' data-av_icon='\ue8f1' data-av_iconfont='entypo-fontello' title='' data-avia-related-tooltip='Compartir en Twitter' rel=\"noopener\"><span class='avia_hidden_link_text'>Compartir en Twitter<\/span><\/a><\/li><li class='av-share-link av-social-link-whatsapp' ><a target=\"_blank\" aria-label=\"Compartir en Whatsapp\" href='https:\/\/api.whatsapp.com\/send?text=https:\/\/radiorevelacionfm.cl\/?p=23099' aria-hidden='false' data-av_icon='\uf232' data-av_iconfont='entypo-fontello' title='' data-avia-related-tooltip='Compartir en Whatsapp' rel=\"noopener\"><span class='avia_hidden_link_text'>Compartir en Whatsapp<\/span><\/a><\/li><li class='av-share-link av-social-link-linkedin' ><a target=\"_blank\" aria-label=\"Compartir en LinkedIn\" href='https:\/\/linkedin.com\/shareArticle?mini=true&#038;title=Corte%20confirma%20fallo%20que%20absolvi%C3%B3%20a%20acusado%20de%20incendio%20en%20Puerto%20Ays%C3%A9n&#038;url=https:\/\/radiorevelacionfm.cl\/?p=23099' aria-hidden='false' data-av_icon='\ue8fc' data-av_iconfont='entypo-fontello' title='' data-avia-related-tooltip='Compartir en LinkedIn' rel=\"noopener\"><span class='avia_hidden_link_text'>Compartir en LinkedIn<\/span><\/a><\/li><li class='av-share-link av-social-link-mail' ><a  aria-label=\"Compartir por correo\" href='mailto:?subject=Corte%20confirma%20fallo%20que%20absolvi%C3%B3%20a%20acusado%20de%20incendio%20en%20Puerto%20Ays%C3%A9n&#038;body=https:\/\/radiorevelacionfm.cl\/?p=23099' aria-hidden='false' data-av_icon='\ue805' data-av_iconfont='entypo-fontello' title='' data-avia-related-tooltip='Compartir por correo'><span class='avia_hidden_link_text'>Compartir por correo<\/span><\/a><\/li><\/ul><\/div><\/div>\n<div  style='height:50px' class='hr hr-invisible   avia-builder-el-8  el_after_av_social_share  el_before_av_comments_list '><span class='hr-inner ' ><span class='hr-inner-style'><\/span><\/span><\/div>\n<div  class='av-buildercomment  av-blog-meta-html-info-disabled av-blog-meta-tag-disabled  '><\/div>\n","protected":false},"excerpt":{"rendered":"","protected":false},"author":1,"featured_media":16644,"comment_status":"open","ping_status":"open","sticky":false,"template":"","format":"standard","meta":{"footnotes":""},"categories":[55],"tags":[],"class_list":["post-23099","post","type-post","status-publish","format-standard","has-post-thumbnail","hentry","category-justicia"],"jetpack_featured_media_url":"https:\/\/radiorevelacionfm.cl\/wp-content\/uploads\/2022\/05\/Corte-de-Apelaciones-1-1.jpg","_links":{"self":[{"href":"https:\/\/radiorevelacionfm.cl\/index.php?rest_route=\/wp\/v2\/posts\/23099","targetHints":{"allow":["GET"]}}],"collection":[{"href":"https:\/\/radiorevelacionfm.cl\/index.php?rest_route=\/wp\/v2\/posts"}],"about":[{"href":"https:\/\/radiorevelacionfm.cl\/index.php?rest_route=\/wp\/v2\/types\/post"}],"author":[{"embeddable":true,"href":"https:\/\/radiorevelacionfm.cl\/index.php?rest_route=\/wp\/v2\/users\/1"}],"replies":[{"embeddable":true,"href":"https:\/\/radiorevelacionfm.cl\/index.php?rest_route=%2Fwp%2Fv2%2Fcomments&post=23099"}],"version-history":[{"count":2,"href":"https:\/\/radiorevelacionfm.cl\/index.php?rest_route=\/wp\/v2\/posts\/23099\/revisions"}],"predecessor-version":[{"id":23101,"href":"https:\/\/radiorevelacionfm.cl\/index.php?rest_route=\/wp\/v2\/posts\/23099\/revisions\/23101"}],"wp:featuredmedia":[{"embeddable":true,"href":"https:\/\/radiorevelacionfm.cl\/index.php?rest_route=\/wp\/v2\/media\/16644"}],"wp:attachment":[{"href":"https:\/\/radiorevelacionfm.cl\/index.php?rest_route=%2Fwp%2Fv2%2Fmedia&parent=23099"}],"wp:term":[{"taxonomy":"category","embeddable":true,"href":"https:\/\/radiorevelacionfm.cl\/index.php?rest_route=%2Fwp%2Fv2%2Fcategories&post=23099"},{"taxonomy":"post_tag","embeddable":true,"href":"https:\/\/radiorevelacionfm.cl\/index.php?rest_route=%2Fwp%2Fv2%2Ftags&post=23099"}],"curies":[{"name":"wp","href":"https:\/\/api.w.org\/{rel}","templated":true}]}}