{"id":23091,"date":"2022-10-17T13:17:03","date_gmt":"2022-10-17T16:17:03","guid":{"rendered":"https:\/\/radiorevelacionfm.cl\/?p=23091"},"modified":"2022-10-17T13:17:03","modified_gmt":"2022-10-17T16:17:03","slug":"vecinos-de-la-comuna-de-coyhaique-recibieron-el-titulo-de-su-propiedad","status":"publish","type":"post","link":"https:\/\/radiorevelacionfm.cl\/?p=23091","title":{"rendered":"Vecinos de la comuna de Coyhaique recibieron el t\u00edtulo de su propiedad"},"content":{"rendered":"<div class=\"flex_column av_one_full  flex_column_div av-zero-column-padding first  avia-builder-el-0  el_before_av_one_full  avia-builder-el-first  \" style='border-radius:0px; '><div  class='avia-image-container  av-styling-    avia-builder-el-1  avia-builder-el-no-sibling  avia-align-center '  itemprop=\"image\" itemscope=\"itemscope\" itemtype=\"https:\/\/schema.org\/ImageObject\"  ><div class='avia-image-container-inner'><div class='avia-image-overlay-wrap'><img decoding=\"async\" class='wp-image-23092 avia-img-lazy-loading-not-23092 avia_image' src=\"https:\/\/radiorevelacionfm.cl\/wp-content\/uploads\/2022\/10\/9-14-1_optimized-1.jpg\" alt='' title='9-(14)-(1)_optimized (1)' height=\"600\" width=\"1189\"  itemprop=\"thumbnailUrl\" srcset=\"https:\/\/radiorevelacionfm.cl\/wp-content\/uploads\/2022\/10\/9-14-1_optimized-1.jpg 1189w, https:\/\/radiorevelacionfm.cl\/wp-content\/uploads\/2022\/10\/9-14-1_optimized-1-300x151.jpg 300w, https:\/\/radiorevelacionfm.cl\/wp-content\/uploads\/2022\/10\/9-14-1_optimized-1-1030x520.jpg 1030w, https:\/\/radiorevelacionfm.cl\/wp-content\/uploads\/2022\/10\/9-14-1_optimized-1-768x388.jpg 768w, https:\/\/radiorevelacionfm.cl\/wp-content\/uploads\/2022\/10\/9-14-1_optimized-1-705x356.jpg 705w, https:\/\/radiorevelacionfm.cl\/wp-content\/uploads\/2022\/10\/9-14-1_optimized-1-600x303.jpg 600w\" sizes=\"(max-width: 1189px) 100vw, 1189px\" \/><\/div><\/div><\/div><\/div><div class=\"flex_column av_one_full  flex_column_div av-zero-column-padding first  avia-builder-el-2  el_after_av_one_full  el_before_av_one_full  column-top-margin\" style='border-radius:0px; '><section class=\"av_textblock_section \"  itemscope=\"itemscope\" itemtype=\"https:\/\/schema.org\/BlogPosting\" itemprop=\"blogPost\" ><div class='avia_textblock  '   itemprop=\"text\" ><p style=\"text-align: center;\"><span style=\"font-size: 18pt;\"><strong>Vecinos de la comuna de Coyhaique recibieron el t\u00edtulo de su propiedad<\/strong><\/span><\/p>\n<p><em>\u00a0<\/em><\/p>\n<div id=\"gtx-trans\" style=\"position: absolute; left: -50px; top: 4.31534px;\">\n<div class=\"gtx-trans-icon\"><\/div>\n<\/div>\n<\/div><\/section><\/div><div class=\"flex_column av_one_full  flex_column_div av-zero-column-padding first  avia-builder-el-4  el_after_av_one_full  el_before_av_hr  column-top-margin\" style='border-radius:0px; '><section class=\"av_textblock_section \"  itemscope=\"itemscope\" itemtype=\"https:\/\/schema.org\/BlogPosting\" itemprop=\"blogPost\" ><div class='avia_textblock  '   itemprop=\"text\" ><p style=\"text-align: justify;\">Seis nuevos propietarios de la comuna de Coyhaique fueron convocados por la Seremi de Bienes Nacionales a compartir un desayuno, oportunidad en la que recibieron las carpetas con las escrituras p\u00fablicas, ya inscritas en el Conservador de Bienes Ra\u00edces, documentaci\u00f3n definitiva que acredita legalmente la propiedad sobre un inmueble.<\/p>\n<p style=\"text-align: justify;\">Esta actividad, como describe la Seremi Irina Morend Valdebenito, permite conocer a los usuarios m\u00e1s all\u00e1 de los antecedentes expuestos en un expediente de tramitaci\u00f3n. \u00abHemos convocado a un nuevo grupo de usuarios, que han culminado exitosamente el proceso de saneamiento, para conocerlos, compartir sus historias de vida y saber c\u00f3mo han habitado en la regi\u00f3n. El saneamiento es una tarea exclusiva del Ministerio de Bienes Nacionales y nos faculta, a trav\u00e9s de un Decreto Ley, a regularizar la propiedad ra\u00edz en propiedad privada\u201d, explic\u00f3 la autoridad.<\/p>\n<p style=\"text-align: justify;\"><strong>Nuestros usuarios <\/strong><\/p>\n<p style=\"text-align: justify;\">Sonia Medina,\u00a0 quien regulariz\u00f3 su sitio ubicado en la Poblaci\u00f3n Pedro Aguirre Cerda de Coyhaique, nos cont\u00f3 lo complejo que le result\u00f3 esclarecer la posesi\u00f3n de su terreno, \u201cdespu\u00e9s de haber caminado tanto logr\u00e9 recibir mi t\u00edtulo que tanto esper\u00e9, tuve miedo de perderlo y gracias a Bienes Nacionales pude recuperar mi sitio\u201d.<\/p>\n<p style=\"text-align: justify;\">Al igual que Sonia, Judith Contreras de Villa Frei, vivi\u00f3 por mucho tiempo en la incertidumbre, ya que no ten\u00eda certeza de que lo que compr\u00f3 podr\u00eda ser reclamado por otra persona. \u201cNosotros compramos, pero no ten\u00edamos el t\u00edtulo, estuvimos siempre muy pendientes de que alguien m\u00e1s reclame nuestro terreno, por suerte la persona que nos vendi\u00f3 fue justa, logrando a trav\u00e9s de la Seremi ser due\u00f1os definitivamente\u201d.<\/p>\n<p style=\"text-align: justify;\"><strong>Saneamiento de la propiedad ra\u00edz (labor de la Unidad de Regularizaci\u00f3n de la Seremi de Bienes Nacionales) <\/strong><\/p>\n<p style=\"text-align: justify;\">El Ministerio de Bienes Nacionales, dentro del ejercicio de sus competencias administrativas, se encuentra facultado para la aplicaci\u00f3n del procedimiento de saneamiento de la posesi\u00f3n y constituci\u00f3n del dominio de la peque\u00f1a propiedad ra\u00edz que se encuentra establecido en el Decreto Ley N\u00b0 2.695, de 1979, respecto de aquellas personas naturales o jur\u00eddicas que carezcan de t\u00edtulos de dominio o los tengan imperfectos, aplic\u00e1ndose tanto en casos de propiedades urbana como rural.<\/p>\n<p style=\"text-align: justify;\"><strong>\u00bfC\u00f3mo se origina la irregularidad?\u00a0<\/strong><\/p>\n<p style=\"text-align: justify;\">Cuando se produce una transferencia mal efectuada o inconclusa, es decir, existe un t\u00edtulo, pero \u00e9ste es imperfecto.<\/p>\n<p style=\"text-align: justify;\">Ejemplos:<\/p>\n<p style=\"text-align: justify;\">\u27a2 Se firma una escritura de compraventa privada o la venta se efect\u00faa por un simple acuerdo de palabra.<\/p>\n<p style=\"text-align: justify;\">\u27a2 Simple situaci\u00f3n de hecho: posesi\u00f3n material de un inmueble sin documento o t\u00edtulo que la avale.<\/p>\n<p style=\"text-align: justify;\">\u27a2\u00a0Resultado: Existe un poseedor material pero jur\u00eddicamente no es due\u00f1o.<\/p>\n<p style=\"text-align: justify;\"><strong>\u00bfCu\u00e1les son los requisitos para ingresar al proceso de regularizaci\u00f3n (Persona Natural)?<\/strong><\/p>\n<p style=\"text-align: justify;\"><strong>\u00a0<\/strong>1.-\u00a0Posesi\u00f3n material del inmueble por al menos 5 a\u00f1os, de forma pac\u00edfica, continua y exclusiva.<\/p>\n<p style=\"text-align: justify;\">2.-\u00a0Acreditaci\u00f3n de no existencia de juicio pendiente.<\/p>\n<p style=\"text-align: justify;\">4.-\u00a0Aval\u00fao m\u00e1ximo de 380 UTM para inmuebles urbanos, y 800 UTM para inmuebles rurales.<\/p>\n<p style=\"text-align: justify;\">5.-\u00a0Delimitaci\u00f3n clara de los deslindes de la propiedad.<\/p>\n<p style=\"text-align: justify;\">6.-\u00a0Existencia de actos de posesi\u00f3n (pago de contribuciones, cercado, plantaciones, siembras, construcciones elaboradas, etc.).<\/p>\n<\/div><\/section><\/div><div  style='height:50px' class='hr hr-invisible   avia-builder-el-6  el_after_av_one_full  el_before_av_social_share '><span class='hr-inner ' ><span class='hr-inner-style'><\/span><\/span><\/div><\/p>\n<div  class='av-social-sharing-box  avia-builder-el-7  el_after_av_hr  el_before_av_hr  '><div class='av-share-box'><h5 class='av-share-link-description av-no-toc '>Compartir esta noticia<\/h5><ul class='av-share-box-list noLightbox'><li class='av-share-link av-social-link-facebook' ><a target=\"_blank\" aria-label=\"Compartir en Facebook\" href='https:\/\/www.facebook.com\/sharer.php?u=https:\/\/radiorevelacionfm.cl\/?p=23091&#038;t=Vecinos%20de%20la%20comuna%20de%20Coyhaique%20recibieron%20el%20t%C3%ADtulo%20de%20su%20propiedad' aria-hidden='false' data-av_icon='\ue8f3' data-av_iconfont='entypo-fontello' title='' data-avia-related-tooltip='Compartir en Facebook' rel=\"noopener\"><span class='avia_hidden_link_text'>Compartir en Facebook<\/span><\/a><\/li><li class='av-share-link av-social-link-twitter' ><a target=\"_blank\" aria-label=\"Compartir en Twitter\" href='https:\/\/twitter.com\/share?text=Vecinos%20de%20la%20comuna%20de%20Coyhaique%20recibieron%20el%20t%C3%ADtulo%20de%20su%20propiedad&#038;url=https:\/\/radiorevelacionfm.cl\/?p=23091' aria-hidden='false' data-av_icon='\ue8f1' data-av_iconfont='entypo-fontello' title='' data-avia-related-tooltip='Compartir en Twitter' rel=\"noopener\"><span class='avia_hidden_link_text'>Compartir en Twitter<\/span><\/a><\/li><li class='av-share-link av-social-link-whatsapp' ><a target=\"_blank\" aria-label=\"Compartir en Whatsapp\" href='https:\/\/api.whatsapp.com\/send?text=https:\/\/radiorevelacionfm.cl\/?p=23091' aria-hidden='false' data-av_icon='\uf232' data-av_iconfont='entypo-fontello' title='' data-avia-related-tooltip='Compartir en Whatsapp' rel=\"noopener\"><span class='avia_hidden_link_text'>Compartir en Whatsapp<\/span><\/a><\/li><li class='av-share-link av-social-link-linkedin' ><a target=\"_blank\" aria-label=\"Compartir en LinkedIn\" href='https:\/\/linkedin.com\/shareArticle?mini=true&#038;title=Vecinos%20de%20la%20comuna%20de%20Coyhaique%20recibieron%20el%20t%C3%ADtulo%20de%20su%20propiedad&#038;url=https:\/\/radiorevelacionfm.cl\/?p=23091' aria-hidden='false' data-av_icon='\ue8fc' data-av_iconfont='entypo-fontello' title='' data-avia-related-tooltip='Compartir en LinkedIn' rel=\"noopener\"><span class='avia_hidden_link_text'>Compartir en LinkedIn<\/span><\/a><\/li><li class='av-share-link av-social-link-mail' ><a  aria-label=\"Compartir por correo\" href='mailto:?subject=Vecinos%20de%20la%20comuna%20de%20Coyhaique%20recibieron%20el%20t%C3%ADtulo%20de%20su%20propiedad&#038;body=https:\/\/radiorevelacionfm.cl\/?p=23091' aria-hidden='false' data-av_icon='\ue805' data-av_iconfont='entypo-fontello' title='' data-avia-related-tooltip='Compartir por correo'><span class='avia_hidden_link_text'>Compartir por correo<\/span><\/a><\/li><\/ul><\/div><\/div>\n<div  style='height:50px' class='hr hr-invisible   avia-builder-el-8  el_after_av_social_share  el_before_av_comments_list '><span class='hr-inner ' ><span class='hr-inner-style'><\/span><\/span><\/div>\n<div  class='av-buildercomment  av-blog-meta-html-info-disabled av-blog-meta-tag-disabled  '><\/div>\n","protected":false},"excerpt":{"rendered":"","protected":false},"author":1,"featured_media":23092,"comment_status":"open","ping_status":"open","sticky":false,"template":"","format":"standard","meta":{"footnotes":""},"categories":[38],"tags":[],"class_list":["post-23091","post","type-post","status-publish","format-standard","has-post-thumbnail","hentry","category-regional"],"jetpack_featured_media_url":"https:\/\/radiorevelacionfm.cl\/wp-content\/uploads\/2022\/10\/9-14-1_optimized-1.jpg","_links":{"self":[{"href":"https:\/\/radiorevelacionfm.cl\/index.php?rest_route=\/wp\/v2\/posts\/23091","targetHints":{"allow":["GET"]}}],"collection":[{"href":"https:\/\/radiorevelacionfm.cl\/index.php?rest_route=\/wp\/v2\/posts"}],"about":[{"href":"https:\/\/radiorevelacionfm.cl\/index.php?rest_route=\/wp\/v2\/types\/post"}],"author":[{"embeddable":true,"href":"https:\/\/radiorevelacionfm.cl\/index.php?rest_route=\/wp\/v2\/users\/1"}],"replies":[{"embeddable":true,"href":"https:\/\/radiorevelacionfm.cl\/index.php?rest_route=%2Fwp%2Fv2%2Fcomments&post=23091"}],"version-history":[{"count":2,"href":"https:\/\/radiorevelacionfm.cl\/index.php?rest_route=\/wp\/v2\/posts\/23091\/revisions"}],"predecessor-version":[{"id":23094,"href":"https:\/\/radiorevelacionfm.cl\/index.php?rest_route=\/wp\/v2\/posts\/23091\/revisions\/23094"}],"wp:featuredmedia":[{"embeddable":true,"href":"https:\/\/radiorevelacionfm.cl\/index.php?rest_route=\/wp\/v2\/media\/23092"}],"wp:attachment":[{"href":"https:\/\/radiorevelacionfm.cl\/index.php?rest_route=%2Fwp%2Fv2%2Fmedia&parent=23091"}],"wp:term":[{"taxonomy":"category","embeddable":true,"href":"https:\/\/radiorevelacionfm.cl\/index.php?rest_route=%2Fwp%2Fv2%2Fcategories&post=23091"},{"taxonomy":"post_tag","embeddable":true,"href":"https:\/\/radiorevelacionfm.cl\/index.php?rest_route=%2Fwp%2Fv2%2Ftags&post=23091"}],"curies":[{"name":"wp","href":"https:\/\/api.w.org\/{rel}","templated":true}]}}