{"id":2309,"date":"2021-02-02T15:55:43","date_gmt":"2021-02-02T18:55:43","guid":{"rendered":"https:\/\/radiorevelacionfm.cl\/?p=2309"},"modified":"2021-02-02T15:55:43","modified_gmt":"2021-02-02T18:55:43","slug":"conaf-aysen-te-invita-a-sonar-como-proteger-los-humedales","status":"publish","type":"post","link":"https:\/\/radiorevelacionfm.cl\/?p=2309","title":{"rendered":"Conaf Ays\u00e9n te invita a so\u00f1ar c\u00f3mo proteger los humedales"},"content":{"rendered":"<div class=\"flex_column av_one_full  flex_column_div av-zero-column-padding first  avia-builder-el-0  el_before_av_one_full  avia-builder-el-first  \" style='border-radius:0px; '><div  class='avia-image-container  av-styling-    avia-builder-el-1  avia-builder-el-no-sibling  avia-align-center '  itemprop=\"image\" itemscope=\"itemscope\" itemtype=\"https:\/\/schema.org\/ImageObject\"  ><div class='avia-image-container-inner'><div class='avia-image-overlay-wrap'><img decoding=\"async\" class='wp-image-0 avia-img-lazy-loading-not-0 avia_image' src=\"https:\/\/radiorevelacionfm.cl\/wp-content\/uploads\/2021\/02\/HUMEDALES_1-1.jpg\" alt='' title=''   itemprop=\"thumbnailUrl\"  \/><\/div><\/div><\/div><\/div><div class=\"flex_column av_one_full  flex_column_div av-zero-column-padding first  avia-builder-el-2  el_after_av_one_full  el_before_av_one_full  column-top-margin\" style='border-radius:0px; '><section class=\"av_textblock_section \"  itemscope=\"itemscope\" itemtype=\"https:\/\/schema.org\/BlogPosting\" itemprop=\"blogPost\" ><div class='avia_textblock  '   itemprop=\"text\" ><p style=\"text-align: center;\"><strong><span style=\"font-size: 18pt;\">Conaf Ays\u00e9n te invita a so\u00f1ar c\u00f3mo proteger los humedales<\/span><\/strong><\/p>\n<div id=\"gtx-trans\" style=\"position: absolute; left: -50px; top: 4.31534px;\">\n<div class=\"gtx-trans-icon\"><\/div>\n<\/div>\n<\/div><\/section><\/div><div class=\"flex_column av_one_full  flex_column_div av-zero-column-padding first  avia-builder-el-4  el_after_av_one_full  el_before_av_hr  column-top-margin\" style='border-radius:0px; '><section class=\"av_textblock_section \"  itemscope=\"itemscope\" itemtype=\"https:\/\/schema.org\/BlogPosting\" itemprop=\"blogPost\" ><div class='avia_textblock  '   itemprop=\"text\" ><p style=\"font-weight: 400; text-align: justify;\">En el contexto de la celebraci\u00f3n\u00a0 del D\u00eda Mundial de los Humedales, la Corporaci\u00f3n Nacional Forestal (CONAF) Regi\u00f3n de Ays\u00e9n, hizo un llamado a la comunidad regional a so\u00f1ar y planificar personalmente como proteger\u00edan un humedad de su entorno.<\/p>\n<p style=\"font-weight: 400; text-align: justify;\">La invitaci\u00f3n es\u00a0a proteger un humedal de tu entorno a trav\u00e9s de tu imaginaci\u00f3n. Es un llamado a la comunidad a cocrear y una vez que se env\u00eden las iniciativas por partes de las personas interesadas, se realizar\u00e1 una publicaci\u00f3n con todas las creaciones presentadas por comuna para su difusi\u00f3n, con la correspondiente identificaci\u00f3n de cada autor, autora o autores y t\u00edtulo de la obra, y ser\u00e1n publicada en diferentes portales o p\u00e1ginas web de CONAF e instituciones colaboradoras.<\/p>\n<p style=\"font-weight: 400; text-align: justify;\">Posteriormente se entregar\u00e1 un dossier digital a los alcaldes de las distintas municipalidades de las iniciativas correspondientes a su comuna, para dar a conocer los sue\u00f1os de la comunidad en relaci\u00f3n a la protecci\u00f3n de los humedales de cada comuna.<\/p>\n<p style=\"font-weight: 400; text-align: justify;\">Cabe recordar que un humedal es un ecosistema, tanto naturales como artificiales, que se hallan permanente o temporalmente inundados, ya sea por aguas dulces, salobres o salinas, estancadas o corrientes, y que incluyen regiones ribere\u00f1as, costeras o marinas, que no excedan los seis metros de profundidad. Por lo mismo, son grandes reservorios de biodiversidad y son, por ejemplo, importantes para aves migratorias, muchas de las cuales se encuentran en categor\u00edas de peligro.<\/p>\n<p style=\"font-weight: 400; text-align: justify;\">Para conocer las bases para participar, pueden ingresar al siguiente link:<\/p>\n<p style=\"font-weight: 400; text-align: justify;\"><a href=\"https:\/\/www.conaf.cl\/wp-content\/uploads\/2021\/01\/BASES-Iniciativa-D%C3%ADa-de-los-humedales-CONAF-Region-de-Aysen.pdf\" data-saferedirecturl=\"https:\/\/www.google.com\/url?q=https:\/\/www.conaf.cl\/wp-content\/uploads\/2021\/01\/BASES-Iniciativa-D%25C3%25ADa-de-los-humedales-CONAF-Region-de-Aysen.pdf&amp;source=gmail&amp;ust=1612371568382000&amp;usg=AFQjCNFTSqovPK262WWnX5XHKYiw6GZNAw\">https:\/\/www.conaf.cl\/wp-content\/uploads\/2021\/01\/BASES-Iniciativa-D%C3%ADa-de-los-humedales-CONAF-Region-de-Aysen.pdf<\/a><\/p>\n<\/div><\/section><\/div><div  style='height:50px' class='hr hr-invisible   avia-builder-el-6  el_after_av_one_full  el_before_av_social_share '><span class='hr-inner ' ><span class='hr-inner-style'><\/span><\/span><\/div><\/p>\n<div  class='av-social-sharing-box  avia-builder-el-7  el_after_av_hr  el_before_av_hr  '><div class='av-share-box'><h5 class='av-share-link-description av-no-toc '>Compartir esta noticia<\/h5><ul class='av-share-box-list noLightbox'><li class='av-share-link av-social-link-facebook' ><a target=\"_blank\" aria-label=\"Compartir en Facebook\" href='https:\/\/www.facebook.com\/sharer.php?u=https:\/\/radiorevelacionfm.cl\/?p=2309&#038;t=Conaf%20Ays%C3%A9n%20te%20invita%20a%20so%C3%B1ar%20c%C3%B3mo%20proteger%20los%20humedales' aria-hidden='false' data-av_icon='\ue8f3' data-av_iconfont='entypo-fontello' title='' data-avia-related-tooltip='Compartir en Facebook' rel=\"noopener\"><span class='avia_hidden_link_text'>Compartir en Facebook<\/span><\/a><\/li><li class='av-share-link av-social-link-twitter' ><a target=\"_blank\" aria-label=\"Compartir en Twitter\" href='https:\/\/twitter.com\/share?text=Conaf%20Ays%C3%A9n%20te%20invita%20a%20so%C3%B1ar%20c%C3%B3mo%20proteger%20los%20humedales&#038;url=https:\/\/radiorevelacionfm.cl\/?p=2309' aria-hidden='false' data-av_icon='\ue8f1' data-av_iconfont='entypo-fontello' title='' data-avia-related-tooltip='Compartir en Twitter' rel=\"noopener\"><span class='avia_hidden_link_text'>Compartir en Twitter<\/span><\/a><\/li><li class='av-share-link av-social-link-whatsapp' ><a target=\"_blank\" aria-label=\"Compartir en Whatsapp\" href='https:\/\/api.whatsapp.com\/send?text=https:\/\/radiorevelacionfm.cl\/?p=2309' aria-hidden='false' data-av_icon='\uf232' data-av_iconfont='entypo-fontello' title='' data-avia-related-tooltip='Compartir en Whatsapp' rel=\"noopener\"><span class='avia_hidden_link_text'>Compartir en Whatsapp<\/span><\/a><\/li><li class='av-share-link av-social-link-linkedin' ><a target=\"_blank\" aria-label=\"Compartir en LinkedIn\" href='https:\/\/linkedin.com\/shareArticle?mini=true&#038;title=Conaf%20Ays%C3%A9n%20te%20invita%20a%20so%C3%B1ar%20c%C3%B3mo%20proteger%20los%20humedales&#038;url=https:\/\/radiorevelacionfm.cl\/?p=2309' aria-hidden='false' data-av_icon='\ue8fc' data-av_iconfont='entypo-fontello' title='' data-avia-related-tooltip='Compartir en LinkedIn' rel=\"noopener\"><span class='avia_hidden_link_text'>Compartir en LinkedIn<\/span><\/a><\/li><li class='av-share-link av-social-link-mail' ><a  aria-label=\"Compartir por correo\" href='mailto:?subject=Conaf%20Ays%C3%A9n%20te%20invita%20a%20so%C3%B1ar%20c%C3%B3mo%20proteger%20los%20humedales&#038;body=https:\/\/radiorevelacionfm.cl\/?p=2309' aria-hidden='false' data-av_icon='\ue805' data-av_iconfont='entypo-fontello' title='' data-avia-related-tooltip='Compartir por correo'><span class='avia_hidden_link_text'>Compartir por correo<\/span><\/a><\/li><\/ul><\/div><\/div>\n<div  style='height:50px' class='hr hr-invisible   avia-builder-el-8  el_after_av_social_share  el_before_av_comments_list '><span class='hr-inner ' ><span class='hr-inner-style'><\/span><\/span><\/div>\n<div  class='av-buildercomment  av-blog-meta-html-info-disabled av-blog-meta-tag-disabled  '><\/div>\n","protected":false},"excerpt":{"rendered":"","protected":false},"author":1,"featured_media":0,"comment_status":"open","ping_status":"open","sticky":false,"template":"","format":"standard","meta":{"footnotes":""},"categories":[39],"tags":[],"class_list":["post-2309","post","type-post","status-publish","format-standard","hentry","category-medio-ambiente"],"jetpack_featured_media_url":"","_links":{"self":[{"href":"https:\/\/radiorevelacionfm.cl\/index.php?rest_route=\/wp\/v2\/posts\/2309","targetHints":{"allow":["GET"]}}],"collection":[{"href":"https:\/\/radiorevelacionfm.cl\/index.php?rest_route=\/wp\/v2\/posts"}],"about":[{"href":"https:\/\/radiorevelacionfm.cl\/index.php?rest_route=\/wp\/v2\/types\/post"}],"author":[{"embeddable":true,"href":"https:\/\/radiorevelacionfm.cl\/index.php?rest_route=\/wp\/v2\/users\/1"}],"replies":[{"embeddable":true,"href":"https:\/\/radiorevelacionfm.cl\/index.php?rest_route=%2Fwp%2Fv2%2Fcomments&post=2309"}],"version-history":[{"count":1,"href":"https:\/\/radiorevelacionfm.cl\/index.php?rest_route=\/wp\/v2\/posts\/2309\/revisions"}],"predecessor-version":[{"id":2311,"href":"https:\/\/radiorevelacionfm.cl\/index.php?rest_route=\/wp\/v2\/posts\/2309\/revisions\/2311"}],"wp:attachment":[{"href":"https:\/\/radiorevelacionfm.cl\/index.php?rest_route=%2Fwp%2Fv2%2Fmedia&parent=2309"}],"wp:term":[{"taxonomy":"category","embeddable":true,"href":"https:\/\/radiorevelacionfm.cl\/index.php?rest_route=%2Fwp%2Fv2%2Fcategories&post=2309"},{"taxonomy":"post_tag","embeddable":true,"href":"https:\/\/radiorevelacionfm.cl\/index.php?rest_route=%2Fwp%2Fv2%2Ftags&post=2309"}],"curies":[{"name":"wp","href":"https:\/\/api.w.org\/{rel}","templated":true}]}}