{"id":23087,"date":"2022-10-17T10:09:46","date_gmt":"2022-10-17T13:09:46","guid":{"rendered":"https:\/\/radiorevelacionfm.cl\/?p=23087"},"modified":"2022-10-17T10:09:46","modified_gmt":"2022-10-17T13:09:46","slug":"la-morchella-sera-protagonista-de-taller-practico-en-villa-ortega","status":"publish","type":"post","link":"https:\/\/radiorevelacionfm.cl\/?p=23087","title":{"rendered":"La Morchella ser\u00e1 protagonista de taller pr\u00e1ctico en Villa Ortega"},"content":{"rendered":"<div class=\"flex_column av_one_full  flex_column_div av-zero-column-padding first  avia-builder-el-0  el_before_av_one_full  avia-builder-el-first  \" style='border-radius:0px; '><div  class='avia-image-container  av-styling-    avia-builder-el-1  avia-builder-el-no-sibling  avia-align-center '  itemprop=\"image\" itemscope=\"itemscope\" itemtype=\"https:\/\/schema.org\/ImageObject\"  ><div class='avia-image-container-inner'><div class='avia-image-overlay-wrap'><img decoding=\"async\" class='wp-image-23088 avia-img-lazy-loading-not-23088 avia_image' src=\"https:\/\/radiorevelacionfm.cl\/wp-content\/uploads\/2022\/10\/Morchella-2-1.jpg\" alt='' title='Morchella 2 (1)' height=\"616\" width=\"720\"  itemprop=\"thumbnailUrl\" srcset=\"https:\/\/radiorevelacionfm.cl\/wp-content\/uploads\/2022\/10\/Morchella-2-1.jpg 720w, https:\/\/radiorevelacionfm.cl\/wp-content\/uploads\/2022\/10\/Morchella-2-1-300x257.jpg 300w, https:\/\/radiorevelacionfm.cl\/wp-content\/uploads\/2022\/10\/Morchella-2-1-705x603.jpg 705w, https:\/\/radiorevelacionfm.cl\/wp-content\/uploads\/2022\/10\/Morchella-2-1-600x513.jpg 600w\" sizes=\"(max-width: 720px) 100vw, 720px\" \/><\/div><\/div><\/div><\/div><div class=\"flex_column av_one_full  flex_column_div av-zero-column-padding first  avia-builder-el-2  el_after_av_one_full  el_before_av_one_full  column-top-margin\" style='border-radius:0px; '><section class=\"av_textblock_section \"  itemscope=\"itemscope\" itemtype=\"https:\/\/schema.org\/BlogPosting\" itemprop=\"blogPost\" ><div class='avia_textblock  '   itemprop=\"text\" ><p style=\"text-align: center;\"><strong><span style=\"font-size: 18pt;\">La Morchella ser\u00e1 protagonista de taller pr\u00e1ctico en Villa Ortega<\/span><\/strong><\/p>\n<div id=\"gtx-trans\" style=\"position: absolute; left: -50px; top: 4.31534px;\">\n<div class=\"gtx-trans-icon\"><\/div>\n<\/div>\n<\/div><\/section><\/div><div class=\"flex_column av_one_full  flex_column_div av-zero-column-padding first  avia-builder-el-4  el_after_av_one_full  el_before_av_hr  column-top-margin\" style='border-radius:0px; '><section class=\"av_textblock_section \"  itemscope=\"itemscope\" itemtype=\"https:\/\/schema.org\/BlogPosting\" itemprop=\"blogPost\" ><div class='avia_textblock  '   itemprop=\"text\" ><p style=\"text-align: justify;\">Este s\u00e1bado 22 de octubre desde las 10 de la ma\u00f1ana, hasta las 14 horas aproximadamente, se llevar\u00e1 a cabo esta actividad que busca acercar este rico hongo silvestre comestible a quienes quieran aprender m\u00e1s, en cuanto a su identificaci\u00f3n, recolecci\u00f3n cocina y preservaci\u00f3n.<\/p>\n<p style=\"text-align: justify;\">\u201cEl hongo <em>Morchella<\/em> conocido regionalmente como Morilla o Murilla, despierta mucho inter\u00e9s ya que es considerado un excelente comestible. Lamentablemente en ocasiones no se recolecta de la forma correcta o se consume de forma inadecuada, por lo que compartir t\u00e9cnicas de recolecci\u00f3n respetuosa o ayudar a una correcta identificaci\u00f3n resultan ser grandes herramientas para disfrutar sin da\u00f1arla y sin correr riesgos para nuestra salud\u201d, destac\u00f3 la recolectora y divulgadora cient\u00edfica Dinelly Soto de Hongos de Ays\u00e9n.<\/p>\n<p style=\"text-align: justify;\">Por su parte la recolectora, campesina y artesana de Mi Taller Che de Villa Ortega, Marcela Ag\u00fcero coment\u00f3, \u201cla invitaci\u00f3n a esta experiencia va a resultar muy interesante. Lo que queremos es que se conozca un poco m\u00e1s de la Morilla o Morchella, que es un recurso que hace mucho tiempo se recolecta en los campos ayseninos por la gente de los pueblos y los campesinos en general. Esperamos acercar un poco m\u00e1s la ciencia y aprender en terreno, recolectar y finalmente poder degustarlos, es una invitaci\u00f3n a todas y todos quienes se quieran sumar a estas nuevas experiencias innovadoras de turismo, esperando aprender, disfrutar y pasarlo bien en torno a este hongo maravilloso y por supuesto, nuestros bosques\u201d.<\/p>\n<p style=\"text-align: justify;\">La Morilla es una especie comestible cosmopolita con gran valor gastron\u00f3mico que se desarrolla tambi\u00e9n en los bosques de nuestra regi\u00f3n, resulta ser muy apetecida en la cocina dado su rico sabor y aroma, adem\u00e1s de su llamativa forma de colmenilla. Se recolecta en muchos lugares del pa\u00eds resultando ser parte de las econom\u00edas familiares campesinas, realizadas mayoritariamente por mujeres.<\/p>\n<p style=\"text-align: justify;\">El taller tiene un costo de 40 mil pesos por persona, donde las y los ni\u00f1os hasta 14 a\u00f1os no pagan. Incluye una completa presentaci\u00f3n introductoria al Reino Fungi, para luego salir a terreno y explicar ah\u00ed, muchas de las consideraciones necesarias para recolectar de forma adecuada, distinguirla de especies t\u00f3xicas como el chicharr\u00f3n de monte (<em>Gyromitra actarctica<\/em>), por ejemplo, y preservarlas de forma adecuada. El taller culminar\u00e1 con una rica degustaci\u00f3n entre los participantes e incluye excelente material digital post taller.<\/p>\n<\/div><\/section><\/div><div  style='height:50px' class='hr hr-invisible   avia-builder-el-6  el_after_av_one_full  el_before_av_social_share '><span class='hr-inner ' ><span class='hr-inner-style'><\/span><\/span><\/div><\/p>\n<div  class='av-social-sharing-box  avia-builder-el-7  el_after_av_hr  el_before_av_hr  '><div class='av-share-box'><h5 class='av-share-link-description av-no-toc '>Compartir esta noticia<\/h5><ul class='av-share-box-list noLightbox'><li class='av-share-link av-social-link-facebook' ><a target=\"_blank\" aria-label=\"Compartir en Facebook\" href='https:\/\/www.facebook.com\/sharer.php?u=https:\/\/radiorevelacionfm.cl\/?p=23087&#038;t=La%20Morchella%20ser%C3%A1%20protagonista%20de%20taller%20pr%C3%A1ctico%20en%20Villa%20Ortega' aria-hidden='false' data-av_icon='\ue8f3' data-av_iconfont='entypo-fontello' title='' data-avia-related-tooltip='Compartir en Facebook' rel=\"noopener\"><span class='avia_hidden_link_text'>Compartir en Facebook<\/span><\/a><\/li><li class='av-share-link av-social-link-twitter' ><a target=\"_blank\" aria-label=\"Compartir en Twitter\" href='https:\/\/twitter.com\/share?text=La%20Morchella%20ser%C3%A1%20protagonista%20de%20taller%20pr%C3%A1ctico%20en%20Villa%20Ortega&#038;url=https:\/\/radiorevelacionfm.cl\/?p=23087' aria-hidden='false' data-av_icon='\ue8f1' data-av_iconfont='entypo-fontello' title='' data-avia-related-tooltip='Compartir en Twitter' rel=\"noopener\"><span class='avia_hidden_link_text'>Compartir en Twitter<\/span><\/a><\/li><li class='av-share-link av-social-link-whatsapp' ><a target=\"_blank\" aria-label=\"Compartir en Whatsapp\" href='https:\/\/api.whatsapp.com\/send?text=https:\/\/radiorevelacionfm.cl\/?p=23087' aria-hidden='false' data-av_icon='\uf232' data-av_iconfont='entypo-fontello' title='' data-avia-related-tooltip='Compartir en Whatsapp' rel=\"noopener\"><span class='avia_hidden_link_text'>Compartir en Whatsapp<\/span><\/a><\/li><li class='av-share-link av-social-link-linkedin' ><a target=\"_blank\" aria-label=\"Compartir en LinkedIn\" href='https:\/\/linkedin.com\/shareArticle?mini=true&#038;title=La%20Morchella%20ser%C3%A1%20protagonista%20de%20taller%20pr%C3%A1ctico%20en%20Villa%20Ortega&#038;url=https:\/\/radiorevelacionfm.cl\/?p=23087' aria-hidden='false' data-av_icon='\ue8fc' data-av_iconfont='entypo-fontello' title='' data-avia-related-tooltip='Compartir en LinkedIn' rel=\"noopener\"><span class='avia_hidden_link_text'>Compartir en LinkedIn<\/span><\/a><\/li><li class='av-share-link av-social-link-mail' ><a  aria-label=\"Compartir por correo\" href='mailto:?subject=La%20Morchella%20ser%C3%A1%20protagonista%20de%20taller%20pr%C3%A1ctico%20en%20Villa%20Ortega&#038;body=https:\/\/radiorevelacionfm.cl\/?p=23087' aria-hidden='false' data-av_icon='\ue805' data-av_iconfont='entypo-fontello' title='' data-avia-related-tooltip='Compartir por correo'><span class='avia_hidden_link_text'>Compartir por correo<\/span><\/a><\/li><\/ul><\/div><\/div>\n<div  style='height:50px' class='hr hr-invisible   avia-builder-el-8  el_after_av_social_share  el_before_av_comments_list '><span class='hr-inner ' ><span class='hr-inner-style'><\/span><\/span><\/div>\n<div  class='av-buildercomment  av-blog-meta-html-info-disabled av-blog-meta-tag-disabled  '><\/div>\n","protected":false},"excerpt":{"rendered":"","protected":false},"author":1,"featured_media":23088,"comment_status":"open","ping_status":"open","sticky":false,"template":"","format":"standard","meta":{"footnotes":""},"categories":[38],"tags":[],"class_list":["post-23087","post","type-post","status-publish","format-standard","has-post-thumbnail","hentry","category-regional"],"jetpack_featured_media_url":"https:\/\/radiorevelacionfm.cl\/wp-content\/uploads\/2022\/10\/Morchella-2-1.jpg","_links":{"self":[{"href":"https:\/\/radiorevelacionfm.cl\/index.php?rest_route=\/wp\/v2\/posts\/23087","targetHints":{"allow":["GET"]}}],"collection":[{"href":"https:\/\/radiorevelacionfm.cl\/index.php?rest_route=\/wp\/v2\/posts"}],"about":[{"href":"https:\/\/radiorevelacionfm.cl\/index.php?rest_route=\/wp\/v2\/types\/post"}],"author":[{"embeddable":true,"href":"https:\/\/radiorevelacionfm.cl\/index.php?rest_route=\/wp\/v2\/users\/1"}],"replies":[{"embeddable":true,"href":"https:\/\/radiorevelacionfm.cl\/index.php?rest_route=%2Fwp%2Fv2%2Fcomments&post=23087"}],"version-history":[{"count":2,"href":"https:\/\/radiorevelacionfm.cl\/index.php?rest_route=\/wp\/v2\/posts\/23087\/revisions"}],"predecessor-version":[{"id":23090,"href":"https:\/\/radiorevelacionfm.cl\/index.php?rest_route=\/wp\/v2\/posts\/23087\/revisions\/23090"}],"wp:featuredmedia":[{"embeddable":true,"href":"https:\/\/radiorevelacionfm.cl\/index.php?rest_route=\/wp\/v2\/media\/23088"}],"wp:attachment":[{"href":"https:\/\/radiorevelacionfm.cl\/index.php?rest_route=%2Fwp%2Fv2%2Fmedia&parent=23087"}],"wp:term":[{"taxonomy":"category","embeddable":true,"href":"https:\/\/radiorevelacionfm.cl\/index.php?rest_route=%2Fwp%2Fv2%2Fcategories&post=23087"},{"taxonomy":"post_tag","embeddable":true,"href":"https:\/\/radiorevelacionfm.cl\/index.php?rest_route=%2Fwp%2Fv2%2Ftags&post=23087"}],"curies":[{"name":"wp","href":"https:\/\/api.w.org\/{rel}","templated":true}]}}