{"id":23083,"date":"2022-10-17T10:00:31","date_gmt":"2022-10-17T13:00:31","guid":{"rendered":"https:\/\/radiorevelacionfm.cl\/?p=23083"},"modified":"2022-10-17T10:00:31","modified_gmt":"2022-10-17T13:00:31","slug":"200-familias-de-ensenada-valle-simpson-hoy-cuentan-con-agua-potable","status":"publish","type":"post","link":"https:\/\/radiorevelacionfm.cl\/?p=23083","title":{"rendered":"200 familias de Ensenada Valle Simpson hoy cuentan con agua potable"},"content":{"rendered":"<div class=\"flex_column av_one_full  flex_column_div av-zero-column-padding first  avia-builder-el-0  el_before_av_one_full  avia-builder-el-first  \" style='border-radius:0px; '><div  class='avia-image-container  av-styling-    avia-builder-el-1  avia-builder-el-no-sibling  avia-align-center '  itemprop=\"image\" itemscope=\"itemscope\" itemtype=\"https:\/\/schema.org\/ImageObject\"  ><div class='avia-image-container-inner'><div class='avia-image-overlay-wrap'><img decoding=\"async\" class='wp-image-23084 avia-img-lazy-loading-not-23084 avia_image' src=\"https:\/\/radiorevelacionfm.cl\/wp-content\/uploads\/2022\/10\/IMG-20221015-WA0014-1-1.jpg\" alt='' title='IMG-20221015-WA0014 (1) (1)' height=\"600\" width=\"900\"  itemprop=\"thumbnailUrl\" srcset=\"https:\/\/radiorevelacionfm.cl\/wp-content\/uploads\/2022\/10\/IMG-20221015-WA0014-1-1.jpg 900w, https:\/\/radiorevelacionfm.cl\/wp-content\/uploads\/2022\/10\/IMG-20221015-WA0014-1-1-300x200.jpg 300w, https:\/\/radiorevelacionfm.cl\/wp-content\/uploads\/2022\/10\/IMG-20221015-WA0014-1-1-768x512.jpg 768w, https:\/\/radiorevelacionfm.cl\/wp-content\/uploads\/2022\/10\/IMG-20221015-WA0014-1-1-705x470.jpg 705w, https:\/\/radiorevelacionfm.cl\/wp-content\/uploads\/2022\/10\/IMG-20221015-WA0014-1-1-600x400.jpg 600w\" sizes=\"(max-width: 900px) 100vw, 900px\" \/><\/div><\/div><\/div><\/div><div class=\"flex_column av_one_full  flex_column_div av-zero-column-padding first  avia-builder-el-2  el_after_av_one_full  el_before_av_one_full  column-top-margin\" style='border-radius:0px; '><section class=\"av_textblock_section \"  itemscope=\"itemscope\" itemtype=\"https:\/\/schema.org\/BlogPosting\" itemprop=\"blogPost\" ><div class='avia_textblock  '   itemprop=\"text\" ><p style=\"text-align: center;\"><strong><span style=\"font-size: 18pt;\">200 familias de Ensenada Valle Simpson hoy cuentan con agua potable<\/span><\/strong><\/p>\n<div id=\"gtx-trans\" style=\"position: absolute; left: -50px; top: 4.31534px;\">\n<div class=\"gtx-trans-icon\"><\/div>\n<\/div>\n<\/div><\/section><\/div><div class=\"flex_column av_one_full  flex_column_div av-zero-column-padding first  avia-builder-el-4  el_after_av_one_full  el_before_av_hr  column-top-margin\" style='border-radius:0px; '><section class=\"av_textblock_section \"  itemscope=\"itemscope\" itemtype=\"https:\/\/schema.org\/BlogPosting\" itemprop=\"blogPost\" ><div class='avia_textblock  '   itemprop=\"text\" ><p style=\"text-align: justify;\">Este fin de semana pobladores, hijos y nietos de colonos, vecinas y vecinos de Ensenada Valle Simpson se trasladaron hasta el estanque met\u00e1lico elevado ubicado en este sector para inaugurar el nuevo Servicio Sanitario Rural de la localidad junto a la Gobernadora Regional Andrea Mac\u00edas, al Delegado Presidencial Regional Rodrigo Araya Morales, el Secretario Regional Ministerial de Obras P\u00fablicas Patricio Sanhueza, el Director Regional de Obras Hidr\u00e1ulicas del MOP Francisco Real, \u00a0el Subdirector de Servicios Sanitarios Rurales del MOP Pablo Rojas, la Diputada Marcia Raphael, los Consejeros Regionales \u00a0Marisol Mart\u00ednez y Rocco Martiniello y \u00a0las Concejalas por la comuna de Coyhaique Alejandra Aguilar y Ana Mar\u00eda Navarrete, entre las m\u00e1s de sesenta personas que se reunieron para celebrar este importante momento para todas las familias del sector.<\/p>\n<p style=\"text-align: justify;\">Consultado al respecto, el presidente de la Junta de Vecinos y del Comit\u00e9 del Servicio Sanitario Rural de Ensenada Valle Simpson, Luis Montecinos C\u00e9sped agradeci\u00f3 esta obra y agreg\u00f3 \u201choy d\u00eda ya vemos concluida esta obra que era una gran necesidad para la comunidad de Ensenada Valle Simpson. Comenzamos con 149 arranques y hoy tenemos 200 familias que hoy quedan con agua. Este es un proyecto en el que llevamos seis a\u00f1os trabajando y anhelando esta gran necesidad. Muchos vecinos ya no ten\u00edan agua, se les hab\u00edan secado sus pozos y aunque en un principio no aceptaban el tema del Servicio Sanitario Rural ex APR, hoy d\u00eda ya se sumaron todos y vemos concretado este sue\u00f1o para la comunidad creciente de Ensenada Valle Simpson. Esta gran obra e inversi\u00f3n que se ha hecho en la regi\u00f3n se ha proyectado para m\u00e1s vecinos de la localidad, as\u00ed que tenemos proyecci\u00f3n por lo menos para 20 a\u00f1os, as\u00ed que estamos muy contentos con el Estado de Chile por esta gran obra que se inaugur\u00f3 hoy d\u00eda y que beneficia a esta comunidad de Ensenada Valle Simpson\u201d.<\/p>\n<p style=\"text-align: justify;\">En la ceremonia, el Delegado Presidencial Regional Rodrigo Araya Morales resalt\u00f3 que para el gobierno del presidente Gabriel Boric el desarrollo de los territorios es fundamental, y agreg\u00f3 \u201cEl tema de la habitabilidad por supuesto que es muy importante. Esta gran inversi\u00f3n que se ha hecho en la comunidad de Ensenada Valle Simpson que involucr\u00f3 $2.700 millones para 200 familias que ahora cuentan con agua potable, es una muestra de la importancia de las pol\u00edticas del Estado. Ellos comenzaron este proyecto y a asociarse por el a\u00f1o 2015 para solicitar esta ayuda. Es transcendental la persistencia y la capacidad organizativa que han tenido los vecinos para llevar a cabo este proyecto, pero tambi\u00e9n tienen un importante desaf\u00edo, c\u00f3mo sigue esta asociatividad y organizaci\u00f3n para mantener esta administraci\u00f3n del Servicio Sanitario Rural. Nosotros como gobierno vamos a prestar toda la ayuda posible para que esto se mantenga en el tiempo, pero tambi\u00e9n destacar que es eje estrat\u00e9gico para nosotros y as\u00ed est\u00e1 reflejado en el presupuesto que hemos presentado al Parlamento para su aprobaci\u00f3n el a\u00f1o 2023, la seguridad social la que involucra muchos aspectos, entre ellos el acceso justamente a tener agua potable, que es un derecho para todas las personas\u201d.<\/p>\n<p style=\"text-align: justify;\">A esta ocasi\u00f3n, se sum\u00f3 el vecino del sector, acordeonista e integrante del grupo Mate Amargo Manuel \u201cLito\u201d Oyarzo acompa\u00f1ado en la guitarra por el Subdirector Regional de Servicios Sanitarios Rurales de la Direcci\u00f3n de Obras Hidr\u00e1ulicas del MOP Pablo Rojas, quienes amenizaron el acto oficial con la interpretaci\u00f3n de m\u00fasica regional, la que dio pie para que Anselmo Lagos Mu\u00f1oz, quien vive en Ensenada Valle Simpson desde hace 62 a\u00f1os, nos comentara c\u00f3mo eran las cosas en aquellos a\u00f1os cuando no hab\u00eda agua potable en el sector. \u201cAntes era muy dif\u00edcil, en el campo nosotros ten\u00edamos un pozo que estaba a 100 metros de la casa y ten\u00edamos que subir el cerro con baldecitos todos los d\u00edas y en invierno era bien complicado, claro que ten\u00edamos hartos m\u00fasculos y hac\u00edamos harto ejercicio, era bien complicado antes. Y ahora con esto es un sue\u00f1o realmente, es algo que nosotros ve\u00edamos los comentarios de los colonos y dec\u00edan que alguna vez podr\u00eda haber agua potable, pero era algo que se pensaba, que era imposible. Nosotros ten\u00edamos un pozo que tiene la edad m\u00eda y que nunca se hab\u00eda secado, pero el a\u00f1o pasado se sec\u00f3, as\u00ed que ahora con esto, es un gran avance, es una comodidad para todas las personas. Tener ag\u00fcita en la casa es algo esencial, que nos da otra calidad de vida. Entonces, gracias a eso nosotros estamos muy contentos aqu\u00ed, toda la comunidad\u201d<\/p>\n<p style=\"text-align: justify;\">En esta oportunidad, junto con inaugurar esta importante obra, tambi\u00e9n se hizo el descubrimiento de la placa recordatoria que se mantendr\u00e1 en su estructura y se firm\u00f3 el Acta de Entrega para la explotaci\u00f3n de la nueva infraestructura que permitir\u00e1 el abastecimiento de agua potable a las y los vecinos en sus hogares junto con dar constancia del trabajo conjunto realizado entre el Estado y la comunidad en beneficio de todas y todos los y las vecinas de Ensenada Valle Simpson.<\/p>\n<p style=\"text-align: justify;\">Sobre el particular, el Secretario Regional Ministerial de Obras P\u00fablicas Patricio Sanhueza Ulloa indic\u00f3: \u201cEs momento de gran alegr\u00eda, es un momento para festejar todo el trabajo que la comunidad ha desarrollado. Hay una gran participaci\u00f3n de las personas, lo que tambi\u00e9n nos alegra mucho y va en l\u00ednea con lo que nosotros como gobierno de Gabriel Boric queremos promover, que es que la comunidad organizada sea quien articule su propio desarrollo y por supuesto nosotros como Estado y como Ministerio de Obras P\u00fablicas tambi\u00e9n estaremos ah\u00ed para contribuir a ello. Es tambi\u00e9n importante resaltar que estamos haciendo carne un proyecto de Agua Potable Rural que va en la l\u00ednea de lo que nosotros como gobierno pretendemos, que es avanzar en el derecho al agua como un derecho humano y no como un bien de consumo y queremos avanzar tambi\u00e9n en la l\u00ednea del gobierno de seguir potenciando y materializando todas estas obras que van en beneficio de las y los vecinos y que tienen tambi\u00e9n relaci\u00f3n con el presupuesto del a\u00f1o 2023 en el \u00e1rea de seguridad social el que est\u00e1 claramente vinculado con el agua, as\u00ed que muy alegre de poder acompa\u00f1ar a los vecinos en este momento. Nosotros seguimos desarrollando 30 dise\u00f1os m\u00e1s los que pretendemos materializar muchos de ellos el pr\u00f3ximo a\u00f1o 2023, as\u00ed que muchas felicidades a los nuevos y nuevas usuarios de agua\u201d.<\/p>\n<p style=\"text-align: justify;\">Al finalizar el acto, la Gobernadora Regional Andrea Mac\u00edas, afirm\u00f3 estar muy contenta de poder acompa\u00f1ar este hito inaugurando el Servicio Sanitario Rural (ex-APR) m\u00e1s grande que se ha hecho en la regi\u00f3n de Ays\u00e9n, y se\u00f1al\u00f3 \u201cDestaco el trabajo del Ministerio de Obras P\u00fablicas a trav\u00e9s de la Subdirecci\u00f3n de Servicios Sanitarios Rurales, pero tambi\u00e9n destaco el trabajo de la comunidad quienes tras seis a\u00f1os de reuniones, trabajo y mucho compromiso ven coronar este gran sue\u00f1o que fue contar con agua potable al interior de sus propios domicilios. Son m\u00e1s de 200 familias que se benefician. Un proyecto que adem\u00e1s fue ejecutado pensando que van a llegar m\u00e1s familias al lugar y eso tambi\u00e9n indica\u00a0 la necesidad de seguir avanzando en todo lo que tiene que ver con Servicios Sanitarios Rurales, as\u00ed que como Gobierno Regional y su Concejo agradecemos la invitaci\u00f3n y tambi\u00e9n esperamos poder seguir trabajando de manera conjunta para que los recursos sectoriales puedan ser tambi\u00e9n trabajados con una mirada regional, priorizando sobre todo aquellos asentamientos humanos que se han visto m\u00e1s postergados\u201d.<\/p>\n<\/div><\/section><\/div><div  style='height:50px' class='hr hr-invisible   avia-builder-el-6  el_after_av_one_full  el_before_av_social_share '><span class='hr-inner ' ><span class='hr-inner-style'><\/span><\/span><\/div><\/p>\n<div  class='av-social-sharing-box  avia-builder-el-7  el_after_av_hr  el_before_av_hr  '><div class='av-share-box'><h5 class='av-share-link-description av-no-toc '>Compartir esta noticia<\/h5><ul class='av-share-box-list noLightbox'><li class='av-share-link av-social-link-facebook' ><a target=\"_blank\" aria-label=\"Compartir en Facebook\" href='https:\/\/www.facebook.com\/sharer.php?u=https:\/\/radiorevelacionfm.cl\/?p=23083&#038;t=200%20familias%20de%20Ensenada%20Valle%20Simpson%20hoy%20cuentan%20con%20agua%20potable' aria-hidden='false' data-av_icon='\ue8f3' data-av_iconfont='entypo-fontello' title='' data-avia-related-tooltip='Compartir en Facebook' rel=\"noopener\"><span class='avia_hidden_link_text'>Compartir en Facebook<\/span><\/a><\/li><li class='av-share-link av-social-link-twitter' ><a target=\"_blank\" aria-label=\"Compartir en Twitter\" href='https:\/\/twitter.com\/share?text=200%20familias%20de%20Ensenada%20Valle%20Simpson%20hoy%20cuentan%20con%20agua%20potable&#038;url=https:\/\/radiorevelacionfm.cl\/?p=23083' aria-hidden='false' data-av_icon='\ue8f1' data-av_iconfont='entypo-fontello' title='' data-avia-related-tooltip='Compartir en Twitter' rel=\"noopener\"><span class='avia_hidden_link_text'>Compartir en Twitter<\/span><\/a><\/li><li class='av-share-link av-social-link-whatsapp' ><a target=\"_blank\" aria-label=\"Compartir en Whatsapp\" href='https:\/\/api.whatsapp.com\/send?text=https:\/\/radiorevelacionfm.cl\/?p=23083' aria-hidden='false' data-av_icon='\uf232' data-av_iconfont='entypo-fontello' title='' data-avia-related-tooltip='Compartir en Whatsapp' rel=\"noopener\"><span class='avia_hidden_link_text'>Compartir en Whatsapp<\/span><\/a><\/li><li class='av-share-link av-social-link-linkedin' ><a target=\"_blank\" aria-label=\"Compartir en LinkedIn\" href='https:\/\/linkedin.com\/shareArticle?mini=true&#038;title=200%20familias%20de%20Ensenada%20Valle%20Simpson%20hoy%20cuentan%20con%20agua%20potable&#038;url=https:\/\/radiorevelacionfm.cl\/?p=23083' aria-hidden='false' data-av_icon='\ue8fc' data-av_iconfont='entypo-fontello' title='' data-avia-related-tooltip='Compartir en LinkedIn' rel=\"noopener\"><span class='avia_hidden_link_text'>Compartir en LinkedIn<\/span><\/a><\/li><li class='av-share-link av-social-link-mail' ><a  aria-label=\"Compartir por correo\" href='mailto:?subject=200%20familias%20de%20Ensenada%20Valle%20Simpson%20hoy%20cuentan%20con%20agua%20potable&#038;body=https:\/\/radiorevelacionfm.cl\/?p=23083' aria-hidden='false' data-av_icon='\ue805' data-av_iconfont='entypo-fontello' title='' data-avia-related-tooltip='Compartir por correo'><span class='avia_hidden_link_text'>Compartir por correo<\/span><\/a><\/li><\/ul><\/div><\/div>\n<div  style='height:50px' class='hr hr-invisible   avia-builder-el-8  el_after_av_social_share  el_before_av_comments_list '><span class='hr-inner ' ><span class='hr-inner-style'><\/span><\/span><\/div>\n<div  class='av-buildercomment  av-blog-meta-html-info-disabled av-blog-meta-tag-disabled  '><\/div>\n","protected":false},"excerpt":{"rendered":"","protected":false},"author":1,"featured_media":23084,"comment_status":"open","ping_status":"open","sticky":false,"template":"","format":"standard","meta":{"footnotes":""},"categories":[38],"tags":[],"class_list":["post-23083","post","type-post","status-publish","format-standard","has-post-thumbnail","hentry","category-regional"],"jetpack_featured_media_url":"https:\/\/radiorevelacionfm.cl\/wp-content\/uploads\/2022\/10\/IMG-20221015-WA0014-1-1.jpg","_links":{"self":[{"href":"https:\/\/radiorevelacionfm.cl\/index.php?rest_route=\/wp\/v2\/posts\/23083","targetHints":{"allow":["GET"]}}],"collection":[{"href":"https:\/\/radiorevelacionfm.cl\/index.php?rest_route=\/wp\/v2\/posts"}],"about":[{"href":"https:\/\/radiorevelacionfm.cl\/index.php?rest_route=\/wp\/v2\/types\/post"}],"author":[{"embeddable":true,"href":"https:\/\/radiorevelacionfm.cl\/index.php?rest_route=\/wp\/v2\/users\/1"}],"replies":[{"embeddable":true,"href":"https:\/\/radiorevelacionfm.cl\/index.php?rest_route=%2Fwp%2Fv2%2Fcomments&post=23083"}],"version-history":[{"count":2,"href":"https:\/\/radiorevelacionfm.cl\/index.php?rest_route=\/wp\/v2\/posts\/23083\/revisions"}],"predecessor-version":[{"id":23086,"href":"https:\/\/radiorevelacionfm.cl\/index.php?rest_route=\/wp\/v2\/posts\/23083\/revisions\/23086"}],"wp:featuredmedia":[{"embeddable":true,"href":"https:\/\/radiorevelacionfm.cl\/index.php?rest_route=\/wp\/v2\/media\/23084"}],"wp:attachment":[{"href":"https:\/\/radiorevelacionfm.cl\/index.php?rest_route=%2Fwp%2Fv2%2Fmedia&parent=23083"}],"wp:term":[{"taxonomy":"category","embeddable":true,"href":"https:\/\/radiorevelacionfm.cl\/index.php?rest_route=%2Fwp%2Fv2%2Fcategories&post=23083"},{"taxonomy":"post_tag","embeddable":true,"href":"https:\/\/radiorevelacionfm.cl\/index.php?rest_route=%2Fwp%2Fv2%2Ftags&post=23083"}],"curies":[{"name":"wp","href":"https:\/\/api.w.org\/{rel}","templated":true}]}}