{"id":23079,"date":"2022-10-16T19:25:17","date_gmt":"2022-10-16T22:25:17","guid":{"rendered":"https:\/\/radiorevelacionfm.cl\/?p=23079"},"modified":"2022-10-16T19:25:17","modified_gmt":"2022-10-16T22:25:17","slug":"gremios-productivos-de-aysen-dialogan-con-subsecretaria-de-economia-sobre-desarrollo-sostenible-y-reactivacion","status":"publish","type":"post","link":"https:\/\/radiorevelacionfm.cl\/?p=23079","title":{"rendered":"Gremios productivos de Ays\u00e9n dialogan con subsecretaria de Econom\u00eda sobre desarrollo sostenible y reactivaci\u00f3n"},"content":{"rendered":"<div class=\"flex_column av_one_full  flex_column_div av-zero-column-padding first  avia-builder-el-0  el_before_av_one_full  avia-builder-el-first  \" style='border-radius:0px; '><div  class='avia-image-container  av-styling-    avia-builder-el-1  avia-builder-el-no-sibling  avia-align-center '  itemprop=\"image\" itemscope=\"itemscope\" itemtype=\"https:\/\/schema.org\/ImageObject\"  ><div class='avia-image-container-inner'><div class='avia-image-overlay-wrap'><img decoding=\"async\" class='wp-image-23080 avia-img-lazy-loading-not-23080 avia_image' src=\"https:\/\/radiorevelacionfm.cl\/wp-content\/uploads\/2022\/10\/img_3689-1_optimized.jpg\" alt='' title='img_3689-(1)_optimized' height=\"600\" width=\"1268\"  itemprop=\"thumbnailUrl\" srcset=\"https:\/\/radiorevelacionfm.cl\/wp-content\/uploads\/2022\/10\/img_3689-1_optimized.jpg 1268w, https:\/\/radiorevelacionfm.cl\/wp-content\/uploads\/2022\/10\/img_3689-1_optimized-300x142.jpg 300w, https:\/\/radiorevelacionfm.cl\/wp-content\/uploads\/2022\/10\/img_3689-1_optimized-1030x487.jpg 1030w, https:\/\/radiorevelacionfm.cl\/wp-content\/uploads\/2022\/10\/img_3689-1_optimized-768x363.jpg 768w, https:\/\/radiorevelacionfm.cl\/wp-content\/uploads\/2022\/10\/img_3689-1_optimized-705x334.jpg 705w, https:\/\/radiorevelacionfm.cl\/wp-content\/uploads\/2022\/10\/img_3689-1_optimized-600x284.jpg 600w\" sizes=\"(max-width: 1268px) 100vw, 1268px\" \/><\/div><\/div><\/div><\/div><div class=\"flex_column av_one_full  flex_column_div av-zero-column-padding first  avia-builder-el-2  el_after_av_one_full  el_before_av_one_full  column-top-margin\" style='border-radius:0px; '><section class=\"av_textblock_section \"  itemscope=\"itemscope\" itemtype=\"https:\/\/schema.org\/BlogPosting\" itemprop=\"blogPost\" ><div class='avia_textblock  '   itemprop=\"text\" ><p style=\"text-align: center;\"><strong><span style=\"font-size: 18pt;\">Gremios productivos de Ays\u00e9n dialogan con subsecretaria de Econom\u00eda sobre desarrollo sostenible y reactivaci\u00f3n<\/span><\/strong><\/p>\n<div id=\"gtx-trans\" style=\"position: absolute; left: -50px; top: 4.31534px;\">\n<div class=\"gtx-trans-icon\"><\/div>\n<\/div>\n<\/div><\/section><\/div><div class=\"flex_column av_one_full  flex_column_div av-zero-column-padding first  avia-builder-el-4  el_after_av_one_full  el_before_av_hr  column-top-margin\" style='border-radius:0px; '><section class=\"av_textblock_section \"  itemscope=\"itemscope\" itemtype=\"https:\/\/schema.org\/BlogPosting\" itemprop=\"blogPost\" ><div class='avia_textblock  '   itemprop=\"text\" ><p style=\"font-weight: 400; text-align: justify;\">Hacia un nuevo Modelo de Desarrollo Productivo Sostenible se denomin\u00f3 el conversatorio que reuni\u00f3 en Coyhaique a la subsecretaria de Econom\u00eda, Javiera Petersen, Delegado Rodrigo Araya y seremi Rosa Machac\u00e1n, con m\u00e1s de 20 representantes de gremios productivos del comercio, construcci\u00f3n, pesca y ganader\u00eda, entre otros actores del sector pol\u00edtico y econ\u00f3mico regional.<\/p>\n<p style=\"font-weight: 400; text-align: justify;\">El nuevo programa presupuestario Desarrollo Productivo Sostenible tiene como desaf\u00edos estrat\u00e9gicos la Descarbonizaci\u00f3n Justa, Resiliencia a la crisis clim\u00e1tica y sus impactos socioambientales y Diversificaci\u00f3n productiva sustentable, teniendo como ejes transversales la equidad de g\u00e9nero, descentralizaci\u00f3n, transici\u00f3n ambiental justa y trabajo decente.<\/p>\n<p style=\"font-weight: 400; text-align: justify;\">En este sentido, la subsecretaria Petersen manifest\u00f3 que el di\u00e1logo permanente entre el sector p\u00fablico y privado, con dise\u00f1o propio y pertinencia territorial, es fundamental.<\/p>\n<p style=\"font-weight: 400; text-align: justify;\">\u201cConversar no solamente los desaf\u00edos de mediano y largo plazo, sino que tambi\u00e9n los de corto plazo que tiene la regi\u00f3n en materia econ\u00f3mica. Hay un \u00e1nimo muy colaborativo de que todos y todas puedan estar sentados en un mismo espacio, instituciones p\u00fablicas, Gobierno Regional, privados, para despertar la vocaci\u00f3n productiva de la regi\u00f3n, que tiene mucha, y avanzar en conjunto. Todo esto est\u00e1 bastante alineado con los objetivos que como Gobierno nos hemos puesto, para avanzar a este nuevo Modelo de Desarrollo Productivo Sostenible\u201d, expres\u00f3.<\/p>\n<p style=\"font-weight: 400; text-align: justify;\">Por su parte, el Delegado Rodrigo Araya dijo que el di\u00e1logo constante con los diferentes sectores del territorio \u201cpermite promover de manera activa y transparente el trabajo que desarrolla el Gobierno, con foco en la seguridad ciudadana, seguridad social y seguridad econ\u00f3mica, expresada en el Proyecto de Ley de Presupuesto 2023, con sus respectivos \u00e9nfasis y prioridades regionales\u201d.<\/p>\n<p style=\"font-weight: 400; text-align: justify;\"><strong>Apreciaciones de los gremios productivos<\/strong><\/p>\n<p style=\"font-weight: 400; text-align: justify;\">Gonzalo Silva, director regional del Consejo del Salm\u00f3n, consider\u00f3 relevante la posibilidad de di\u00e1logo conjunto entre los actores pol\u00edticos y econ\u00f3micos de la regi\u00f3n.<\/p>\n<p style=\"font-weight: 400; text-align: justify;\">\u201cMuy importante e interesante conocer el nuevo modelo de desarrollo que est\u00e1 planteando el Gobierno, adem\u00e1s la instancia de conversar con gremios y presentarlo. Ac\u00e1 los gremios manifestaron que est\u00e1n disponibles para seguir avanzando, espec\u00edficamente en la Regi\u00f3n de Ays\u00e9n se manifestaron las necesidades que tiene cada gremio y cada rubro para reactivar la econom\u00eda, as\u00ed que todo fue recogido por la subsecretaria, as\u00ed es que estamos esperanzados en que esto avance de la mejor forma\u201d, indic\u00f3.<\/p>\n<p style=\"font-weight: 400; text-align: justify;\">Alejandra Alert, presidente de la C\u00e1mara de la Construcci\u00f3n y presidente de la Multigremial de Ays\u00e9n, consider\u00f3 relevante la instancia para conocer la perspectiva de mediano y largo plazo, como tambi\u00e9n expresar las prioridades regionales inmediatas.<\/p>\n<p style=\"font-weight: 400; text-align: justify;\">\u201cEs hoy d\u00eda que necesitamos concretar con medidas r\u00e1pidas, efectivas, que permitan que todos nuestros sectores productivos y la C\u00e1mara de Comercio, pueda reactivar sus proyectos, generar mano de obra, incorporar a la comunidad en todo este desarrollo, esperando reactivar, saliendo del impacto que tuvo la pandemia, el movimiento social, as\u00ed es que agradecida de haber sido invitada y esperar que se venga otra reuni\u00f3n para seguir conversando y aplicando aquellas cosas que nos comprometimos a abordar hoy d\u00eda\u201d, se\u00f1al\u00f3.<\/p>\n<p style=\"font-weight: 400; text-align: justify;\">La presidenta de la Comisi\u00f3n de Presupuesto e Inversiones del Consejo Regional, Paula Acu\u00f1a, coincidi\u00f3 en la valoraci\u00f3n de la instancia. \u201cSe identifica un diagn\u00f3stico que es com\u00fan, tanto en el mundo privado como p\u00fablico, con respecto a la inversi\u00f3n y productividad de la Regi\u00f3n de Ays\u00e9n, que es un gran desaf\u00edo. Por ende, valoramos haber sido invitados con la subsecretaria y toda la disposici\u00f3n al di\u00e1logo que tiene hoy d\u00eda el Gobierno, para generar medidas en el mediano y largo plazo. Como bien dijo la subsecretaria, el largo plazo se empieza a construir desde hoy, con mesas de di\u00e1logo del mundo p\u00fablico y privado para mejorar las condiciones, que permitan el desarrollo real de la Regi\u00f3n de Ays\u00e9n\u201d, concluy\u00f3.<\/p>\n<p style=\"font-weight: 400; text-align: justify;\">En el conversatorio Hacia un nuevo Modelo de Desarrollo Productivo Sostenible participaron tambi\u00e9n el alcalde de Cisnes, Francisco Roncagliolo, consejero Omar Mu\u00f1oz, las concejalas Yorka Cheuqui\u00e1n y Alejandra Aguilar, representantes de Ogana, C\u00e1mara de Comercio de Coyhaique, SalmonChile, Centro de Investigaci\u00f3n en Ecosistemas de la Patagonia (CIEP) y seremis y directivos del Gabinete Regional, entre otros.<\/p>\n<\/div><\/section><\/div><div  style='height:50px' class='hr hr-invisible   avia-builder-el-6  el_after_av_one_full  el_before_av_social_share '><span class='hr-inner ' ><span class='hr-inner-style'><\/span><\/span><\/div><\/p>\n<div  class='av-social-sharing-box  avia-builder-el-7  el_after_av_hr  el_before_av_hr  '><div class='av-share-box'><h5 class='av-share-link-description av-no-toc '>Compartir esta noticia<\/h5><ul class='av-share-box-list noLightbox'><li class='av-share-link av-social-link-facebook' ><a target=\"_blank\" aria-label=\"Compartir en Facebook\" href='https:\/\/www.facebook.com\/sharer.php?u=https:\/\/radiorevelacionfm.cl\/?p=23079&#038;t=Gremios%20productivos%20de%20Ays%C3%A9n%20dialogan%20con%20subsecretaria%20de%20Econom%C3%ADa%20sobre%20desarrollo%20sostenible%20y%20reactivaci%C3%B3n' aria-hidden='false' data-av_icon='\ue8f3' data-av_iconfont='entypo-fontello' title='' data-avia-related-tooltip='Compartir en Facebook' rel=\"noopener\"><span class='avia_hidden_link_text'>Compartir en Facebook<\/span><\/a><\/li><li class='av-share-link av-social-link-twitter' ><a target=\"_blank\" aria-label=\"Compartir en Twitter\" href='https:\/\/twitter.com\/share?text=Gremios%20productivos%20de%20Ays%C3%A9n%20dialogan%20con%20subsecretaria%20de%20Econom%C3%ADa%20sobre%20desarrollo%20sostenible%20y%20reactivaci%C3%B3n&#038;url=https:\/\/radiorevelacionfm.cl\/?p=23079' aria-hidden='false' data-av_icon='\ue8f1' data-av_iconfont='entypo-fontello' title='' data-avia-related-tooltip='Compartir en Twitter' rel=\"noopener\"><span class='avia_hidden_link_text'>Compartir en Twitter<\/span><\/a><\/li><li class='av-share-link av-social-link-whatsapp' ><a target=\"_blank\" aria-label=\"Compartir en Whatsapp\" href='https:\/\/api.whatsapp.com\/send?text=https:\/\/radiorevelacionfm.cl\/?p=23079' aria-hidden='false' data-av_icon='\uf232' data-av_iconfont='entypo-fontello' title='' data-avia-related-tooltip='Compartir en Whatsapp' rel=\"noopener\"><span class='avia_hidden_link_text'>Compartir en Whatsapp<\/span><\/a><\/li><li class='av-share-link av-social-link-linkedin' ><a target=\"_blank\" aria-label=\"Compartir en LinkedIn\" href='https:\/\/linkedin.com\/shareArticle?mini=true&#038;title=Gremios%20productivos%20de%20Ays%C3%A9n%20dialogan%20con%20subsecretaria%20de%20Econom%C3%ADa%20sobre%20desarrollo%20sostenible%20y%20reactivaci%C3%B3n&#038;url=https:\/\/radiorevelacionfm.cl\/?p=23079' aria-hidden='false' data-av_icon='\ue8fc' data-av_iconfont='entypo-fontello' title='' data-avia-related-tooltip='Compartir en LinkedIn' rel=\"noopener\"><span class='avia_hidden_link_text'>Compartir en LinkedIn<\/span><\/a><\/li><li class='av-share-link av-social-link-mail' ><a  aria-label=\"Compartir por correo\" href='mailto:?subject=Gremios%20productivos%20de%20Ays%C3%A9n%20dialogan%20con%20subsecretaria%20de%20Econom%C3%ADa%20sobre%20desarrollo%20sostenible%20y%20reactivaci%C3%B3n&#038;body=https:\/\/radiorevelacionfm.cl\/?p=23079' aria-hidden='false' data-av_icon='\ue805' data-av_iconfont='entypo-fontello' title='' data-avia-related-tooltip='Compartir por correo'><span class='avia_hidden_link_text'>Compartir por correo<\/span><\/a><\/li><\/ul><\/div><\/div>\n<div  style='height:50px' class='hr hr-invisible   avia-builder-el-8  el_after_av_social_share  el_before_av_comments_list '><span class='hr-inner ' ><span class='hr-inner-style'><\/span><\/span><\/div>\n<div  class='av-buildercomment  av-blog-meta-html-info-disabled av-blog-meta-tag-disabled  '><\/div>\n","protected":false},"excerpt":{"rendered":"","protected":false},"author":1,"featured_media":23080,"comment_status":"open","ping_status":"open","sticky":false,"template":"","format":"standard","meta":{"footnotes":""},"categories":[37],"tags":[],"class_list":["post-23079","post","type-post","status-publish","format-standard","has-post-thumbnail","hentry","category-economia"],"jetpack_featured_media_url":"https:\/\/radiorevelacionfm.cl\/wp-content\/uploads\/2022\/10\/img_3689-1_optimized.jpg","_links":{"self":[{"href":"https:\/\/radiorevelacionfm.cl\/index.php?rest_route=\/wp\/v2\/posts\/23079","targetHints":{"allow":["GET"]}}],"collection":[{"href":"https:\/\/radiorevelacionfm.cl\/index.php?rest_route=\/wp\/v2\/posts"}],"about":[{"href":"https:\/\/radiorevelacionfm.cl\/index.php?rest_route=\/wp\/v2\/types\/post"}],"author":[{"embeddable":true,"href":"https:\/\/radiorevelacionfm.cl\/index.php?rest_route=\/wp\/v2\/users\/1"}],"replies":[{"embeddable":true,"href":"https:\/\/radiorevelacionfm.cl\/index.php?rest_route=%2Fwp%2Fv2%2Fcomments&post=23079"}],"version-history":[{"count":2,"href":"https:\/\/radiorevelacionfm.cl\/index.php?rest_route=\/wp\/v2\/posts\/23079\/revisions"}],"predecessor-version":[{"id":23082,"href":"https:\/\/radiorevelacionfm.cl\/index.php?rest_route=\/wp\/v2\/posts\/23079\/revisions\/23082"}],"wp:featuredmedia":[{"embeddable":true,"href":"https:\/\/radiorevelacionfm.cl\/index.php?rest_route=\/wp\/v2\/media\/23080"}],"wp:attachment":[{"href":"https:\/\/radiorevelacionfm.cl\/index.php?rest_route=%2Fwp%2Fv2%2Fmedia&parent=23079"}],"wp:term":[{"taxonomy":"category","embeddable":true,"href":"https:\/\/radiorevelacionfm.cl\/index.php?rest_route=%2Fwp%2Fv2%2Fcategories&post=23079"},{"taxonomy":"post_tag","embeddable":true,"href":"https:\/\/radiorevelacionfm.cl\/index.php?rest_route=%2Fwp%2Fv2%2Ftags&post=23079"}],"curies":[{"name":"wp","href":"https:\/\/api.w.org\/{rel}","templated":true}]}}