{"id":23075,"date":"2022-10-16T18:09:38","date_gmt":"2022-10-16T21:09:38","guid":{"rendered":"https:\/\/radiorevelacionfm.cl\/?p=23075"},"modified":"2022-10-16T18:09:38","modified_gmt":"2022-10-16T21:09:38","slug":"con-encuentro-en-valle-simpson-celebraron-dia-internacional-de-la-mujer-rural-y-dia-mundial-de-la-alimentacion","status":"publish","type":"post","link":"https:\/\/radiorevelacionfm.cl\/?p=23075","title":{"rendered":"Con encuentro en Valle Simpson celebraron D\u00eda Internacional de la Mujer Rural y D\u00eda Mundial de la Alimentaci\u00f3n"},"content":{"rendered":"<div class=\"flex_column av_one_full  flex_column_div av-zero-column-padding first  avia-builder-el-0  el_before_av_one_full  avia-builder-el-first  \" style='border-radius:0px; '><div  class='avia-image-container  av-styling-    avia-builder-el-1  avia-builder-el-no-sibling  avia-align-center '  itemprop=\"image\" itemscope=\"itemscope\" itemtype=\"https:\/\/schema.org\/ImageObject\"  ><div class='avia-image-container-inner'><div class='avia-image-overlay-wrap'><img decoding=\"async\" class='wp-image-23076 avia-img-lazy-loading-not-23076 avia_image' src=\"https:\/\/radiorevelacionfm.cl\/wp-content\/uploads\/2022\/10\/img_3744-1_optimized-1.jpg\" alt='' title='img_3744-(1)_optimized (1)' height=\"600\" width=\"938\"  itemprop=\"thumbnailUrl\" srcset=\"https:\/\/radiorevelacionfm.cl\/wp-content\/uploads\/2022\/10\/img_3744-1_optimized-1.jpg 938w, https:\/\/radiorevelacionfm.cl\/wp-content\/uploads\/2022\/10\/img_3744-1_optimized-1-300x192.jpg 300w, https:\/\/radiorevelacionfm.cl\/wp-content\/uploads\/2022\/10\/img_3744-1_optimized-1-768x491.jpg 768w, https:\/\/radiorevelacionfm.cl\/wp-content\/uploads\/2022\/10\/img_3744-1_optimized-1-705x451.jpg 705w, https:\/\/radiorevelacionfm.cl\/wp-content\/uploads\/2022\/10\/img_3744-1_optimized-1-600x384.jpg 600w\" sizes=\"(max-width: 938px) 100vw, 938px\" \/><\/div><\/div><\/div><\/div><div class=\"flex_column av_one_full  flex_column_div av-zero-column-padding first  avia-builder-el-2  el_after_av_one_full  el_before_av_one_full  column-top-margin\" style='border-radius:0px; '><section class=\"av_textblock_section \"  itemscope=\"itemscope\" itemtype=\"https:\/\/schema.org\/BlogPosting\" itemprop=\"blogPost\" ><div class='avia_textblock  '   itemprop=\"text\" ><p style=\"text-align: center;\"><strong><span style=\"font-size: 18pt;\">Con encuentro en Valle Simpson celebraron D\u00eda Internacional de la Mujer Rural y D\u00eda Mundial de la Alimentaci\u00f3n<\/span><\/strong><\/p>\n<div id=\"gtx-trans\" style=\"position: absolute; left: -50px; top: 4.31534px;\">\n<div class=\"gtx-trans-icon\"><\/div>\n<\/div>\n<\/div><\/section><\/div><div class=\"flex_column av_one_full  flex_column_div av-zero-column-padding first  avia-builder-el-4  el_after_av_one_full  el_before_av_hr  column-top-margin\" style='border-radius:0px; '><section class=\"av_textblock_section \"  itemscope=\"itemscope\" itemtype=\"https:\/\/schema.org\/BlogPosting\" itemprop=\"blogPost\" ><div class='avia_textblock  '   itemprop=\"text\" ><p style=\"font-weight: 400; text-align: justify;\">En la localidad de Valle Simpson, en el predio de la agricultora Flor Troncoso, la Agrupaci\u00f3n Cultural y Productiva de la Patagonia celebr\u00f3 este fin de semana el D\u00eda Internacional de la Mujeres Rurales y D\u00eda Mundial de la Alimentaci\u00f3n, instaurado cada 15 y 16 de octubre, respectivamente.<\/p>\n<p style=\"font-weight: 400; text-align: justify;\">La agrupaci\u00f3n re\u00fane a 15 productoras campesinas de sectores rurales de Coyhaique, agrupadas en esta organizaci\u00f3n desde el a\u00f1o 2020, con el objetivo de fortalecer tanto el desarrollo personal como productivo a trav\u00e9s del trabajo colectivo.<\/p>\n<p style=\"font-weight: 400; text-align: justify;\">En la ceremonia participaron el Delegado Presidencial Regional, Rodrigo Araya, el seremi de Agricultura, Alan Espinoza, seremi de Gobierno, Tatiana Pl\u00e1, el director regional (s) de INDAP, Ricardo Konig, la jefa de \u00e1rea INDAP Coyhaique, Carmen Gloria S\u00e1ez, y la directora de la Escuela de Valle Simpson, Paz Foitzick, entre otros invitados.<\/p>\n<p style=\"font-weight: 400; text-align: justify;\">La presidenta de la Agrupaci\u00f3n, Josefina Ovando Godoy, destac\u00f3 la evoluci\u00f3n que han tenido las mujeres campesinas en aspectos sociales, econ\u00f3micos, culturales y pol\u00edticos, aparejado a un mayor reconocimiento de la contribuci\u00f3n que realizan a la seguridad alimentaria y desarrollo local.<\/p>\n<p style=\"font-weight: 400; text-align: justify;\">\u201cLa importancia de estar con nuestro Seremi, el Delegado, resalta el valor al trabajo que nosotros estamos haciendo y le da valor tambi\u00e9n a la soberan\u00eda alimentaria, pues entendemos lo importante de tener una alimentaci\u00f3n sana. Como decimos en nuestra agrupaci\u00f3n, con sabor, con olor, realmente comer una un alimento sano\u201d, indic\u00f3.<\/p>\n<p style=\"font-weight: 400; text-align: justify;\">El Delegado Rodrigo Araya reafirm\u00f3 el respaldo integral del Gobierno a las mujeres rurales. \u201cDesde el punto de vista del Estado, sigamos trabajando para que todos nuestros programas e instrumentos, a trav\u00e9s del Ministerio de Agricultura, de Educaci\u00f3n, de Econom\u00eda, de todas las \u00e1reas, tambi\u00e9n les ayude y las potencie para que puedan seguir trabajando y puedan seguir sumando cada vez m\u00e1s mujeres que se dediquen a la alimentaci\u00f3n en el mundo rural\u201d, subray\u00f3.<\/p>\n<p style=\"font-weight: 400; text-align: justify;\">El seremi Alan Espinoza destac\u00f3 que los lineamientos estrat\u00e9gicos del Ministerio de Agricultura resaltan el rol de la mujer en la agricultura familiar campesina.<\/p>\n<p style=\"font-weight: 400; text-align: justify;\">\u201cEstamos muy contentos de poder estar ac\u00e1 compartiendo, celebrando un d\u00eda que es muy relevante, el d\u00eda de nuestra mujer rural, el d\u00eda en que nosotros tenemos la posibilidad de conocer, compartir en torno a la importancia de nuestras mujeres en la seguridad y soberan\u00eda alimentaria para nuestra regi\u00f3n y pa\u00eds\u201d, sostuvo.<\/p>\n<p style=\"font-weight: 400; text-align: justify;\">Por su parte, Flor Troncoso valor\u00f3 el reconocimiento al rol de las mujeres en la soberan\u00eda y seguridad alimentaria.<\/p>\n<p style=\"font-weight: 400; text-align: justify;\">\u201cNosotras ya hace como 14 \u00f3 15 a\u00f1os que estamos participando en feria como mujeres rurales. Seguimos con las ense\u00f1anzas de nuestra familia que han ido quedando de familia en familia y con lo que ahora viene, la soberan\u00eda alimentaria\u201d.<\/p>\n<p style=\"font-weight: 400; text-align: justify;\">Seg\u00fan cifras del Censo 2017 un 20% de la poblaci\u00f3n regional vive en el campo y el 45% de esta poblaci\u00f3n rural son mujeres. En la regi\u00f3n existen en la actualidad siete organizaciones de mujeres rurales desde Lago Verde hasta Villa O\u2019Higgins, enfocadas en entregar valor agregado a la producci\u00f3n silvoagropecuaria, incorporando nuevos rubros a la matriz de producci\u00f3n como el hortofrut\u00edcola, la apicultura, turismo rural y artesan\u00edas, como v\u00eda para generar nuevos ingresos en directo beneficio de sus familias.<\/p>\n<\/div><\/section><\/div><div  style='height:50px' class='hr hr-invisible   avia-builder-el-6  el_after_av_one_full  el_before_av_social_share '><span class='hr-inner ' ><span class='hr-inner-style'><\/span><\/span><\/div><\/p>\n<div  class='av-social-sharing-box  avia-builder-el-7  el_after_av_hr  el_before_av_hr  '><div class='av-share-box'><h5 class='av-share-link-description av-no-toc '>Compartir esta noticia<\/h5><ul class='av-share-box-list noLightbox'><li class='av-share-link av-social-link-facebook' ><a target=\"_blank\" aria-label=\"Compartir en Facebook\" href='https:\/\/www.facebook.com\/sharer.php?u=https:\/\/radiorevelacionfm.cl\/?p=23075&#038;t=Con%20encuentro%20en%20Valle%20Simpson%20celebraron%20D%C3%ADa%20Internacional%20de%20la%20Mujer%20Rural%20y%20D%C3%ADa%20Mundial%20de%20la%20Alimentaci%C3%B3n' aria-hidden='false' data-av_icon='\ue8f3' data-av_iconfont='entypo-fontello' title='' data-avia-related-tooltip='Compartir en Facebook' rel=\"noopener\"><span class='avia_hidden_link_text'>Compartir en Facebook<\/span><\/a><\/li><li class='av-share-link av-social-link-twitter' ><a target=\"_blank\" aria-label=\"Compartir en Twitter\" href='https:\/\/twitter.com\/share?text=Con%20encuentro%20en%20Valle%20Simpson%20celebraron%20D%C3%ADa%20Internacional%20de%20la%20Mujer%20Rural%20y%20D%C3%ADa%20Mundial%20de%20la%20Alimentaci%C3%B3n&#038;url=https:\/\/radiorevelacionfm.cl\/?p=23075' aria-hidden='false' data-av_icon='\ue8f1' data-av_iconfont='entypo-fontello' title='' data-avia-related-tooltip='Compartir en Twitter' rel=\"noopener\"><span class='avia_hidden_link_text'>Compartir en Twitter<\/span><\/a><\/li><li class='av-share-link av-social-link-whatsapp' ><a target=\"_blank\" aria-label=\"Compartir en Whatsapp\" href='https:\/\/api.whatsapp.com\/send?text=https:\/\/radiorevelacionfm.cl\/?p=23075' aria-hidden='false' data-av_icon='\uf232' data-av_iconfont='entypo-fontello' title='' data-avia-related-tooltip='Compartir en Whatsapp' rel=\"noopener\"><span class='avia_hidden_link_text'>Compartir en Whatsapp<\/span><\/a><\/li><li class='av-share-link av-social-link-linkedin' ><a target=\"_blank\" aria-label=\"Compartir en LinkedIn\" href='https:\/\/linkedin.com\/shareArticle?mini=true&#038;title=Con%20encuentro%20en%20Valle%20Simpson%20celebraron%20D%C3%ADa%20Internacional%20de%20la%20Mujer%20Rural%20y%20D%C3%ADa%20Mundial%20de%20la%20Alimentaci%C3%B3n&#038;url=https:\/\/radiorevelacionfm.cl\/?p=23075' aria-hidden='false' data-av_icon='\ue8fc' data-av_iconfont='entypo-fontello' title='' data-avia-related-tooltip='Compartir en LinkedIn' rel=\"noopener\"><span class='avia_hidden_link_text'>Compartir en LinkedIn<\/span><\/a><\/li><li class='av-share-link av-social-link-mail' ><a  aria-label=\"Compartir por correo\" href='mailto:?subject=Con%20encuentro%20en%20Valle%20Simpson%20celebraron%20D%C3%ADa%20Internacional%20de%20la%20Mujer%20Rural%20y%20D%C3%ADa%20Mundial%20de%20la%20Alimentaci%C3%B3n&#038;body=https:\/\/radiorevelacionfm.cl\/?p=23075' aria-hidden='false' data-av_icon='\ue805' data-av_iconfont='entypo-fontello' title='' data-avia-related-tooltip='Compartir por correo'><span class='avia_hidden_link_text'>Compartir por correo<\/span><\/a><\/li><\/ul><\/div><\/div>\n<div  style='height:50px' class='hr hr-invisible   avia-builder-el-8  el_after_av_social_share  el_before_av_comments_list '><span class='hr-inner ' ><span class='hr-inner-style'><\/span><\/span><\/div>\n<div  class='av-buildercomment  av-blog-meta-html-info-disabled av-blog-meta-tag-disabled  '><\/div>\n","protected":false},"excerpt":{"rendered":"","protected":false},"author":1,"featured_media":23076,"comment_status":"open","ping_status":"open","sticky":false,"template":"","format":"standard","meta":{"footnotes":""},"categories":[38],"tags":[],"class_list":["post-23075","post","type-post","status-publish","format-standard","has-post-thumbnail","hentry","category-regional"],"jetpack_featured_media_url":"https:\/\/radiorevelacionfm.cl\/wp-content\/uploads\/2022\/10\/img_3744-1_optimized-1.jpg","_links":{"self":[{"href":"https:\/\/radiorevelacionfm.cl\/index.php?rest_route=\/wp\/v2\/posts\/23075","targetHints":{"allow":["GET"]}}],"collection":[{"href":"https:\/\/radiorevelacionfm.cl\/index.php?rest_route=\/wp\/v2\/posts"}],"about":[{"href":"https:\/\/radiorevelacionfm.cl\/index.php?rest_route=\/wp\/v2\/types\/post"}],"author":[{"embeddable":true,"href":"https:\/\/radiorevelacionfm.cl\/index.php?rest_route=\/wp\/v2\/users\/1"}],"replies":[{"embeddable":true,"href":"https:\/\/radiorevelacionfm.cl\/index.php?rest_route=%2Fwp%2Fv2%2Fcomments&post=23075"}],"version-history":[{"count":2,"href":"https:\/\/radiorevelacionfm.cl\/index.php?rest_route=\/wp\/v2\/posts\/23075\/revisions"}],"predecessor-version":[{"id":23078,"href":"https:\/\/radiorevelacionfm.cl\/index.php?rest_route=\/wp\/v2\/posts\/23075\/revisions\/23078"}],"wp:featuredmedia":[{"embeddable":true,"href":"https:\/\/radiorevelacionfm.cl\/index.php?rest_route=\/wp\/v2\/media\/23076"}],"wp:attachment":[{"href":"https:\/\/radiorevelacionfm.cl\/index.php?rest_route=%2Fwp%2Fv2%2Fmedia&parent=23075"}],"wp:term":[{"taxonomy":"category","embeddable":true,"href":"https:\/\/radiorevelacionfm.cl\/index.php?rest_route=%2Fwp%2Fv2%2Fcategories&post=23075"},{"taxonomy":"post_tag","embeddable":true,"href":"https:\/\/radiorevelacionfm.cl\/index.php?rest_route=%2Fwp%2Fv2%2Ftags&post=23075"}],"curies":[{"name":"wp","href":"https:\/\/api.w.org\/{rel}","templated":true}]}}