{"id":23071,"date":"2022-10-16T14:45:39","date_gmt":"2022-10-16T17:45:39","guid":{"rendered":"https:\/\/radiorevelacionfm.cl\/?p=23071"},"modified":"2022-10-16T14:45:39","modified_gmt":"2022-10-16T17:45:39","slug":"destacan-nueva-plataforma-chileavanzando-cl-con-127-medidas-y-beneficios-durante-estos-primeros-siete-meses-de-gobierno","status":"publish","type":"post","link":"https:\/\/radiorevelacionfm.cl\/?p=23071","title":{"rendered":"Destacan nueva plataforma ChileAvanzando.cl con 127 medidas y beneficios durante estos primeros siete meses de Gobierno"},"content":{"rendered":"<div class=\"flex_column av_one_full  flex_column_div av-zero-column-padding first  avia-builder-el-0  el_before_av_one_full  avia-builder-el-first  \" style='border-radius:0px; '><div  class='avia-image-container  av-styling-    avia-builder-el-1  avia-builder-el-no-sibling  avia-align-center '  itemprop=\"image\" itemscope=\"itemscope\" itemtype=\"https:\/\/schema.org\/ImageObject\"  ><div class='avia-image-container-inner'><div class='avia-image-overlay-wrap'><img decoding=\"async\" class='wp-image-23072 avia-img-lazy-loading-not-23072 avia_image' src=\"https:\/\/radiorevelacionfm.cl\/wp-content\/uploads\/2022\/10\/16-oct-f1-1_optimized-1.jpeg\" alt='' title='16-oct-f1-(1)_optimized (1)' height=\"600\" width=\"800\"  itemprop=\"thumbnailUrl\" srcset=\"https:\/\/radiorevelacionfm.cl\/wp-content\/uploads\/2022\/10\/16-oct-f1-1_optimized-1.jpeg 800w, https:\/\/radiorevelacionfm.cl\/wp-content\/uploads\/2022\/10\/16-oct-f1-1_optimized-1-300x225.jpeg 300w, https:\/\/radiorevelacionfm.cl\/wp-content\/uploads\/2022\/10\/16-oct-f1-1_optimized-1-768x576.jpeg 768w, https:\/\/radiorevelacionfm.cl\/wp-content\/uploads\/2022\/10\/16-oct-f1-1_optimized-1-705x529.jpeg 705w, https:\/\/radiorevelacionfm.cl\/wp-content\/uploads\/2022\/10\/16-oct-f1-1_optimized-1-600x450.jpeg 600w\" sizes=\"(max-width: 800px) 100vw, 800px\" \/><\/div><\/div><\/div><\/div><div class=\"flex_column av_one_full  flex_column_div av-zero-column-padding first  avia-builder-el-2  el_after_av_one_full  el_before_av_one_full  column-top-margin\" style='border-radius:0px; '><section class=\"av_textblock_section \"  itemscope=\"itemscope\" itemtype=\"https:\/\/schema.org\/BlogPosting\" itemprop=\"blogPost\" ><div class='avia_textblock  '   itemprop=\"text\" ><p style=\"text-align: center;\"><strong><span style=\"font-size: 18pt;\">Destacan nueva plataforma ChileAvanzando.cl con 127 medidas y beneficios durante estos primeros siete meses de Gobierno<\/span><\/strong><\/p>\n<div id=\"gtx-trans\" style=\"position: absolute; left: -50px; top: 4.31534px;\">\n<div class=\"gtx-trans-icon\"><\/div>\n<\/div>\n<\/div><\/section><\/div><div class=\"flex_column av_one_full  flex_column_div av-zero-column-padding first  avia-builder-el-4  el_after_av_one_full  el_before_av_hr  column-top-margin\" style='border-radius:0px; '><section class=\"av_textblock_section \"  itemscope=\"itemscope\" itemtype=\"https:\/\/schema.org\/BlogPosting\" itemprop=\"blogPost\" ><div class='avia_textblock  '   itemprop=\"text\" ><p class=\"v1gmail-MsoBodyText\" style=\"text-align: justify;\"><span lang=\"ES\" style=\"font-size: 12pt; font-family: georgia, palatino, serif;\">En el marco de la presentaci\u00f3n de su primer Proyecto de Ley de Presupuesto, el Gobierno lanz\u00f3 la plataforma <a href=\"http:\/\/chileavanzando.cl\/\" target=\"_blank\" rel=\"noopener noreferrer\">chileavanzando.cl<\/a>, en la que todas las personas podr\u00e1n conocer 127 avances y beneficios desarrollados -de los cuales 13 se encuentran en tr\u00e1mite- durante los primeros 7 meses de su gesti\u00f3n.<\/span><\/p>\n<p class=\"v1gmail-MsoBodyText\" style=\"text-align: justify;\"><span lang=\"ES\" style=\"font-size: 12pt; font-family: georgia, palatino, serif;\">Al respecto, la Vocera Tatiana Pl\u00e1 \u00c1lvarez, se\u00f1al\u00f3 que el objetivo es que la mayor cantidad de personas puedan conocer todos los avances y beneficios entregados por el Gobierno del Presidente Gabriel Boric que est\u00e1n disponibles, y verificar si pueden acceder a ellos.<\/span><\/p>\n<p class=\"v1gmail-MsoBodyText\" style=\"text-align: justify;\"><span lang=\"ES\" style=\"font-size: 12pt; font-family: georgia, palatino, serif;\">\u00abCon esta iniciativa queremos promover el acceso, de manera activa y transparente, de toda\u00a0la ciudadan\u00eda a la\u00a0informaci\u00f3n detallada de estas medidas, y que se mantenga al tanto del\u00a0trabajo\u00a0que\u00a0se\u00a0est\u00e1\u00a0realizando\u00bb, explic\u00f3.<\/span><\/p>\n<p class=\"v1gmail-MsoBodyText\" style=\"text-align: justify;\"><span lang=\"ES\" style=\"font-size: 12pt; font-family: georgia, palatino, serif;\">\u00abDel mismo modo -a\u00f1adi\u00f3 Pl\u00e1 \u00c1lvarez-, queremos que todas las personas a las que le corresponde un beneficio, puedan acceder a \u00e9l, y no se queden fuera. Por ejemplo, el IFE Laboral o la recientemente aprobada extensi\u00f3n del Postnatal de Emergencia. Y es que para seguir avanzando en m\u00e1s medidas enfocadas en las personas, nuestro Gobierno present\u00f3 un presupuesto con foco en la seguridad ciudadana, la seguridad social y la seguridad econ\u00f3mica, en l\u00ednea con las principales preocupaciones de la ciudadan\u00eda\u00bb.<\/span><\/p>\n<p class=\"v1gmail-MsoBodyText\" style=\"text-align: justify;\"><span lang=\"ES\" style=\"font-size: 12pt; font-family: georgia, palatino, serif;\">El sitio Chileavanzando.cl se encuentra disponible desde el s\u00e1bado 15 de octubre y en \u00e9l se pueden revisar los avances del Gobierno por meses o por categor\u00edas, como seguridad, econom\u00eda, beneficios, calidad de vida, salud, trabajo, educaci\u00f3n y medio ambiente.<\/span><\/p>\n<p class=\"v1gmail-MsoBodyText\" style=\"text-align: justify;\"><span lang=\"ES\" style=\"font-size: 12pt; font-family: georgia, palatino, serif;\">\u00abA trav\u00e9s de esta plataforma se podr\u00e1 acceder a los sitios Web de ministerios o servicios,\u00a0para que las personas postulen y\/o aclaren todas sus dudas\u00a0respecto\u00a0a\u00a0los\u00a0beneficios\u00a0impulsados\u00a0por\u00a0el\u00a0Gobierno\u00a0en\u00a0estos\u00a07\u00a0meses\u00bb, agreg\u00f3 la Vocera de Gobierno en la regi\u00f3n.<\/span><\/p>\n<p class=\"v1gmail-MsoBodyText\" style=\"text-align: justify;\"><span style=\"font-family: georgia, palatino, serif; font-size: 12pt;\"><strong><span lang=\"ES\">Programas destacados<\/span><\/strong><\/span><\/p>\n<p class=\"v1gmail-MsoBodyText\" style=\"text-align: justify;\"><span style=\"font-size: 12pt; font-family: georgia, palatino, serif;\"><span lang=\"ES\">Entre los principales\u00a0programas\u00a0destacados se encuentran el\u00a0<\/span><span lang=\"ES\">Copago\u00a0Cero<\/span><span lang=\"ES\"> (desde septiembre de 2022, las personas beneficiarias de Fonasa de los tramos C y D ya tienen gratuidad en todas sus atenciones en el sistema p\u00fablico de salud), el Plan de Recuperaci\u00f3n Inclusiva <\/span><span lang=\"ES\">Chile Apoya <\/span><span lang=\"ES\">(inicialmente contemplaba 21 medidas de apoyo a las personas, y posteriormente se sumaron otras iniciativas como el Bono Chile Apoya Invierno, de $120.000, o la reciente extensi\u00f3n del Postnatal de Emergencia),\u00a0<\/span><span lang=\"ES\">Chile\u00a0para\u00a0Todas<\/span><span lang=\"ES\">\u00a0(que busca para las chilenas una vida digna y\u00a0libre de violencia, con acciones interministeriales que dan respuestas a las necesidades de\u00a0las mujeres,\u00a0para as\u00ed lograr un avance efectivo en igualdad y justicia desde una perspectiva\u00a0de\u00a0g\u00e9nero),\u00a0<\/span><span lang=\"ES\">\u00abSiembra por Chile\u00bb, <\/span><span lang=\"ES\">(un plan de medidas para aportar a la reactivaci\u00f3n econ\u00f3mica del pa\u00eds, la mitigaci\u00f3n de precios, la generaci\u00f3n de empleos y la seguridad alimentaria de sus habitantes, con foco especial de inversi\u00f3n en la Agricultura Familiar Campesina (AFC) e Ind\u00edgena a trav\u00e9s del Ministerio de Agricultura y servicios como INDAP.<\/span><\/span><\/p>\n<p class=\"v1gmail-MsoBodyText\" style=\"text-align: justify;\"><span style=\"font-size: 12pt; font-family: georgia, palatino, serif;\">En cuanto a las medidas que actualmente se encuentran en tr\u00e1mite, cabe mencionar la\u00a0<span lang=\"ES\">Reforma\u00a0Tributaria<\/span><span lang=\"ES\">, la reactivaci\u00f3n del proyecto\u00a0de\u00a0<\/span><span lang=\"ES\">40\u00a0Horas<\/span><span lang=\"ES\">,\u00a0(con\u00a0indicaciones\u00a0que\u00a0permiten\u00a0materializar la reducci\u00f3n de la jornada laboral, la conciliaci\u00f3n del trabajo y la familia, la\u00a0modernizaci\u00f3n de las normas laborales, gradualidad en la implementaci\u00f3n y apoyar a las\u00a0micro\u00a0y\u00a0peque\u00f1as\u00a0empresas), el Proyecto\u00a0de\u00a0<\/span><span lang=\"ES\">Ley\u00a0de\u00a0Presupuesto\u00a02023<\/span><span lang=\"ES\">, la incorporaci\u00f3n de Indicaciones\u00a0al\u00a0<\/span><span lang=\"ES\">Proyecto\u00a0de\u00a0Ley\u00a0del\u00a0Ministerio\u00a0de\u00a0Seguridad\u00a0P\u00fablica<\/span><span lang=\"ES\">\u00a0y el\u00a0<\/span><span lang=\"ES\">Nuevo\u00a0FOGAPE<\/span><span lang=\"ES\">, que busca facilitar el acceso a financiamiento a las micro, peque\u00f1as y medianas empresas que no han contado con apoyo en Fogapes anteriores.\u00a0<\/span><\/span><\/p>\n<p class=\"v1gmail-MsoBodyText\" style=\"text-align: justify;\"><span style=\"font-size: 12pt; font-family: georgia, palatino, serif;\"><span lang=\"ES\">Por \u00faltimo, pero no menos importantes se encuentran otras medidas como el\u00a0<\/span><span lang=\"ES\">Plan de Reforzamiento Policial <\/span><span lang=\"ES\">que se est\u00e1 implementando desde mayo y que busca que la ciudadan\u00eda recupere los espacios p\u00fablicos que han sido arrebatados por la delincuencia; un hist\u00f3rico <\/span><span lang=\"ES\">aumento\u00a0del\u00a0sueldo\u00a0m\u00ednimo\u00a0a\u00a0$400.000<\/span><span lang=\"ES\">\u00a0<\/span><span lang=\"ES\">pesos (el m\u00e1s grande desde hace 29 a\u00f1os); el <\/span><span lang=\"ES\">Inicio\u00a0del\u00a0cierre\u00a0de\u00a0las\u00a0operaciones\u00a0de\u00a0la\u00a0fundici\u00f3n\u00a0Codelco\u00a0Ventanas<\/span><span lang=\"ES\">; la implementaci\u00f3n del\u00a0<\/span><span lang=\"ES\">Plan\u00a0de\u00a0Emergencia\u00a0Habitacional<\/span><span lang=\"ES\">\u00a0y la\u00a0<\/span><span lang=\"ES\">extensi\u00f3n\u00a0del<\/span><span lang=\"ES\">\u00a0<\/span><span lang=\"ES\">IFE\u00a0Laboral\u00a0Apoya<\/span><span lang=\"ES\">\u00a0hasta diciembre, para apoyar el retorno al\u00a0empleo\u00a0formal\u00a0de\u00a0las\u00a0y\u00a0los\u00a0trabajadores.<\/span><\/span><\/p>\n<\/div><\/section><\/div><div  style='height:50px' class='hr hr-invisible   avia-builder-el-6  el_after_av_one_full  el_before_av_social_share '><span class='hr-inner ' ><span class='hr-inner-style'><\/span><\/span><\/div><\/p>\n<div  class='av-social-sharing-box  avia-builder-el-7  el_after_av_hr  el_before_av_hr  '><div class='av-share-box'><h5 class='av-share-link-description av-no-toc '>Compartir esta noticia<\/h5><ul class='av-share-box-list noLightbox'><li class='av-share-link av-social-link-facebook' ><a target=\"_blank\" aria-label=\"Compartir en Facebook\" href='https:\/\/www.facebook.com\/sharer.php?u=https:\/\/radiorevelacionfm.cl\/?p=23071&#038;t=Destacan%20nueva%20plataforma%20ChileAvanzando.cl%20con%20127%20medidas%20y%20beneficios%20durante%20estos%20primeros%20siete%20meses%20de%20Gobierno' aria-hidden='false' data-av_icon='\ue8f3' data-av_iconfont='entypo-fontello' title='' data-avia-related-tooltip='Compartir en Facebook' rel=\"noopener\"><span class='avia_hidden_link_text'>Compartir en Facebook<\/span><\/a><\/li><li class='av-share-link av-social-link-twitter' ><a target=\"_blank\" aria-label=\"Compartir en Twitter\" href='https:\/\/twitter.com\/share?text=Destacan%20nueva%20plataforma%20ChileAvanzando.cl%20con%20127%20medidas%20y%20beneficios%20durante%20estos%20primeros%20siete%20meses%20de%20Gobierno&#038;url=https:\/\/radiorevelacionfm.cl\/?p=23071' aria-hidden='false' data-av_icon='\ue8f1' data-av_iconfont='entypo-fontello' title='' data-avia-related-tooltip='Compartir en Twitter' rel=\"noopener\"><span class='avia_hidden_link_text'>Compartir en Twitter<\/span><\/a><\/li><li class='av-share-link av-social-link-whatsapp' ><a target=\"_blank\" aria-label=\"Compartir en Whatsapp\" href='https:\/\/api.whatsapp.com\/send?text=https:\/\/radiorevelacionfm.cl\/?p=23071' aria-hidden='false' data-av_icon='\uf232' data-av_iconfont='entypo-fontello' title='' data-avia-related-tooltip='Compartir en Whatsapp' rel=\"noopener\"><span class='avia_hidden_link_text'>Compartir en Whatsapp<\/span><\/a><\/li><li class='av-share-link av-social-link-linkedin' ><a target=\"_blank\" aria-label=\"Compartir en LinkedIn\" href='https:\/\/linkedin.com\/shareArticle?mini=true&#038;title=Destacan%20nueva%20plataforma%20ChileAvanzando.cl%20con%20127%20medidas%20y%20beneficios%20durante%20estos%20primeros%20siete%20meses%20de%20Gobierno&#038;url=https:\/\/radiorevelacionfm.cl\/?p=23071' aria-hidden='false' data-av_icon='\ue8fc' data-av_iconfont='entypo-fontello' title='' data-avia-related-tooltip='Compartir en LinkedIn' rel=\"noopener\"><span class='avia_hidden_link_text'>Compartir en LinkedIn<\/span><\/a><\/li><li class='av-share-link av-social-link-mail' ><a  aria-label=\"Compartir por correo\" href='mailto:?subject=Destacan%20nueva%20plataforma%20ChileAvanzando.cl%20con%20127%20medidas%20y%20beneficios%20durante%20estos%20primeros%20siete%20meses%20de%20Gobierno&#038;body=https:\/\/radiorevelacionfm.cl\/?p=23071' aria-hidden='false' data-av_icon='\ue805' data-av_iconfont='entypo-fontello' title='' data-avia-related-tooltip='Compartir por correo'><span class='avia_hidden_link_text'>Compartir por correo<\/span><\/a><\/li><\/ul><\/div><\/div>\n<div  style='height:50px' class='hr hr-invisible   avia-builder-el-8  el_after_av_social_share  el_before_av_comments_list '><span class='hr-inner ' ><span class='hr-inner-style'><\/span><\/span><\/div>\n<div  class='av-buildercomment  av-blog-meta-html-info-disabled av-blog-meta-tag-disabled  '><\/div>\n","protected":false},"excerpt":{"rendered":"","protected":false},"author":1,"featured_media":23072,"comment_status":"open","ping_status":"open","sticky":false,"template":"","format":"standard","meta":{"footnotes":""},"categories":[38],"tags":[],"class_list":["post-23071","post","type-post","status-publish","format-standard","has-post-thumbnail","hentry","category-regional"],"jetpack_featured_media_url":"https:\/\/radiorevelacionfm.cl\/wp-content\/uploads\/2022\/10\/16-oct-f1-1_optimized-1.jpeg","_links":{"self":[{"href":"https:\/\/radiorevelacionfm.cl\/index.php?rest_route=\/wp\/v2\/posts\/23071","targetHints":{"allow":["GET"]}}],"collection":[{"href":"https:\/\/radiorevelacionfm.cl\/index.php?rest_route=\/wp\/v2\/posts"}],"about":[{"href":"https:\/\/radiorevelacionfm.cl\/index.php?rest_route=\/wp\/v2\/types\/post"}],"author":[{"embeddable":true,"href":"https:\/\/radiorevelacionfm.cl\/index.php?rest_route=\/wp\/v2\/users\/1"}],"replies":[{"embeddable":true,"href":"https:\/\/radiorevelacionfm.cl\/index.php?rest_route=%2Fwp%2Fv2%2Fcomments&post=23071"}],"version-history":[{"count":2,"href":"https:\/\/radiorevelacionfm.cl\/index.php?rest_route=\/wp\/v2\/posts\/23071\/revisions"}],"predecessor-version":[{"id":23074,"href":"https:\/\/radiorevelacionfm.cl\/index.php?rest_route=\/wp\/v2\/posts\/23071\/revisions\/23074"}],"wp:featuredmedia":[{"embeddable":true,"href":"https:\/\/radiorevelacionfm.cl\/index.php?rest_route=\/wp\/v2\/media\/23072"}],"wp:attachment":[{"href":"https:\/\/radiorevelacionfm.cl\/index.php?rest_route=%2Fwp%2Fv2%2Fmedia&parent=23071"}],"wp:term":[{"taxonomy":"category","embeddable":true,"href":"https:\/\/radiorevelacionfm.cl\/index.php?rest_route=%2Fwp%2Fv2%2Fcategories&post=23071"},{"taxonomy":"post_tag","embeddable":true,"href":"https:\/\/radiorevelacionfm.cl\/index.php?rest_route=%2Fwp%2Fv2%2Ftags&post=23071"}],"curies":[{"name":"wp","href":"https:\/\/api.w.org\/{rel}","templated":true}]}}