{"id":2306,"date":"2021-02-02T13:14:34","date_gmt":"2021-02-02T16:14:34","guid":{"rendered":"https:\/\/radiorevelacionfm.cl\/?p=2306"},"modified":"2021-02-02T13:14:34","modified_gmt":"2021-02-02T16:14:34","slug":"barbara-hernandez-la-sirena-del-hielo-la-region-de-aysen-es-uno-de-mis-lugares-favoritos-para-entrenar-y-la-llevo-en-el-corazon","status":"publish","type":"post","link":"https:\/\/radiorevelacionfm.cl\/?p=2306","title":{"rendered":"B\u00e1rbara Hern\u00e1ndez \u00abLa Sirena del Hielo\u00bb: \u00abLa regi\u00f3n de Ays\u00e9n es uno de mis lugares favoritos para entrenar y la llevo en el coraz\u00f3n\u00bb"},"content":{"rendered":"<div class=\"flex_column av_one_full  flex_column_div av-zero-column-padding first  avia-builder-el-0  el_before_av_one_full  avia-builder-el-first  \" style='border-radius:0px; '><div  class='avia-image-container  av-styling-    avia-builder-el-1  avia-builder-el-no-sibling  avia-align-center '  itemprop=\"image\" itemscope=\"itemscope\" itemtype=\"https:\/\/schema.org\/ImageObject\"  ><div class='avia-image-container-inner'><div class='avia-image-overlay-wrap'><img decoding=\"async\" class='wp-image-2307 avia-img-lazy-loading-not-2307 avia_image' src=\"https:\/\/radiorevelacionfm.cl\/wp-content\/uploads\/2021\/02\/3-6-1.jpg\" alt='' title='3 (6) (1)' height=\"818\" width=\"1227\"  itemprop=\"thumbnailUrl\" srcset=\"https:\/\/radiorevelacionfm.cl\/wp-content\/uploads\/2021\/02\/3-6-1.jpg 1227w, https:\/\/radiorevelacionfm.cl\/wp-content\/uploads\/2021\/02\/3-6-1-300x200.jpg 300w, https:\/\/radiorevelacionfm.cl\/wp-content\/uploads\/2021\/02\/3-6-1-1030x687.jpg 1030w, https:\/\/radiorevelacionfm.cl\/wp-content\/uploads\/2021\/02\/3-6-1-768x512.jpg 768w, https:\/\/radiorevelacionfm.cl\/wp-content\/uploads\/2021\/02\/3-6-1-705x470.jpg 705w, https:\/\/radiorevelacionfm.cl\/wp-content\/uploads\/2021\/02\/3-6-1-600x400.jpg 600w\" sizes=\"(max-width: 1227px) 100vw, 1227px\" \/><\/div><\/div><\/div><\/div><div class=\"flex_column av_one_full  flex_column_div av-zero-column-padding first  avia-builder-el-2  el_after_av_one_full  el_before_av_one_full  column-top-margin\" style='border-radius:0px; '><section class=\"av_textblock_section \"  itemscope=\"itemscope\" itemtype=\"https:\/\/schema.org\/BlogPosting\" itemprop=\"blogPost\" ><div class='avia_textblock  '   itemprop=\"text\" ><p style=\"text-align: center;\"><span style=\"font-size: 18pt;\"><strong>B\u00e1rbara Hern\u00e1ndez \u00abLa Sirena del Hielo\u00bb: \u00abLa regi\u00f3n de Ays\u00e9n es uno de mis lugares favoritos para entrenar y la llevo en el coraz\u00f3n\u00bb<\/strong><\/span><\/p>\n<div id=\"gtx-trans\" style=\"position: absolute; left: -50px; top: 4.31534px;\">\n<div class=\"gtx-trans-icon\"><\/div>\n<\/div>\n<\/div><\/section><\/div><div class=\"flex_column av_one_full  flex_column_div av-zero-column-padding first  avia-builder-el-4  el_after_av_one_full  el_before_av_hr  column-top-margin\" style='border-radius:0px; '><section class=\"av_textblock_section \"  itemscope=\"itemscope\" itemtype=\"https:\/\/schema.org\/BlogPosting\" itemprop=\"blogPost\" ><div class='avia_textblock  '   itemprop=\"text\" ><p style=\"font-weight: 400; text-align: justify;\"><em>La nadadora chilena y campeona mundial realiz\u00f3 hist\u00f3rico nado en las fr\u00edas aguas del Glaciar Leones, \u00a0puerta de entrada a Campo de Hielo Norte, en nueva traves\u00eda en territorio Patag\u00f3nico.<\/em><\/p>\n<p style=\"font-weight: 400; text-align: justify;\">La pandemia no detiene a la campeona mundial de nado en aguas g\u00e9lidas qui\u00e9n por una semana se traslad\u00f3 hasta nuestra regi\u00f3n, con el objetivo de entrenar en un ambiente que oscila entre los 0 a 5\u00b0C y de esta forma prepararse para los nuevos desaf\u00edos que incluyen el reto de los \u00abSiete Mares\u00bb, una ultra marat\u00f3n de nataci\u00f3n que abarca canales de todo el mundo.<\/p>\n<p style=\"font-weight: 400; text-align: justify;\">Al respecto B\u00e1rbara Hern\u00e1ndez se\u00f1al\u00f3\u00a0 \u00aba la regi\u00f3n de Ays\u00e9n le debo mucho, los or\u00edgenes de la \u00abSirena del Hielo\u00bb est\u00e1n ac\u00e1 y una parte de mi est\u00e1 el lago General Carrera, en los Campos de Hielo Sur y Norte y es un privilegio contar con el apoyo de los operadores tur\u00edsticos locales\u00bb, asimismo continu\u00f3 \u00abesta visita a la regi\u00f3n se enmarca en la preparaci\u00f3n para dos grandes desaf\u00edos que tengo este a\u00f1o y adem\u00e1s me permite estar en condiciones para realizar un nado ic\u00f3nico de aproximadamente dos kil\u00f3metros en la Ant\u00e1rtica que ser\u00e1 un tremendo desaf\u00edo que espero ir concretando en el mes de enero del 2022\u00bb, puntualiz\u00f3 la nadadora nacional.<\/p>\n<p style=\"font-weight: 400; text-align: justify;\">Respecto al viaje a la regi\u00f3n de la \u00abSirena del Hielo\u00bb, el Seremi del Deporte Rodrigo Cubilla Retamal, coment\u00f3 \u00abpara nuestra regi\u00f3n es un honor que esta destacada deportista que\u00a0ha contribuido en resaltar la marca pa\u00eds nos visite ya \u00a0que a trav\u00e9s de sus logros nuestro pa\u00eds sale al mundo como destino tur\u00edstico y como un lugar privilegiado para practicar deportes al aire libre, \u00a0no olvidemos que B\u00e1rbara junto a otros deportistas del Team Chile, forma parte de la campa\u00f1a\u00a0<strong>\u00abBienvenido al Turismo Aventura\u00bb,<\/strong>\u00a0que busca fomentar el turismo en el pa\u00eds, por lo que a nombre\u00a0del Presidente Sebasti\u00e1n Pi\u00f1era y de la Ministra Cecilia P\u00e9rez le extendemos nuestro aprecio y reconocimiento\u00bb, concluy\u00f3 la autoridad deportiva.<\/p>\n<p style=\"font-weight: 400; text-align: justify;\">Asimismo, el Director Regional del IND, Jos\u00e9 Manuel Sep\u00falveda agreg\u00f3 \u00a0\u00abB\u00e1rbara es un ejemplo de esfuerzo, dedicaci\u00f3n \u00a0y profesionalismo y es un gran referente para nuestros j\u00f3venes, \u00a0en una regi\u00f3n la que gracias a sus caracter\u00edsticas naturales es posible desarrollar un variado abanico de \u00a0deportes outdoor, as\u00ed que estamos felices que nos \u00a0elija como destino para entrenar y esperamos que pr\u00f3ximamente regrese y si la situaci\u00f3n \u00a0sanitaria lo permite poder reunirnos con ella y aportar con un granito de arena en su preparaci\u00f3n\u00bb<\/p>\n<p style=\"font-weight: 400; text-align: justify;\">Desde el sur de Chile, la deportista, se trasladar\u00e1 al puerto de Valpara\u00edso donde ejecutar\u00e1 un nado de ocho horas lo que permitir\u00e1, \u00a0junto a los entrenamientos que realiza en Centro Acu\u00e1tico del Estado Nacional, enfrentar \u00a0sus pr\u00f3ximos desaf\u00edos que incluyen el Canal de Molokay en el mes de mayo, \u00a0el \u00a0Canal del Norte el mes de julio y\u00a0 algunas competencias internacionales y as\u00ed mantener su primer lugar en el ranking internacional, para finalizar el 2022 con \u00a0un nado in\u00e9dito en la Ant\u00e1rtica.<\/p>\n<\/div><\/section><\/div><div  style='height:50px' class='hr hr-invisible   avia-builder-el-6  el_after_av_one_full  el_before_av_social_share '><span class='hr-inner ' ><span class='hr-inner-style'><\/span><\/span><\/div><\/p>\n<div  class='av-social-sharing-box  avia-builder-el-7  el_after_av_hr  el_before_av_hr  '><div class='av-share-box'><h5 class='av-share-link-description av-no-toc '>Compartir esta noticia<\/h5><ul class='av-share-box-list noLightbox'><li class='av-share-link av-social-link-facebook' ><a target=\"_blank\" aria-label=\"Compartir en Facebook\" href='https:\/\/www.facebook.com\/sharer.php?u=https:\/\/radiorevelacionfm.cl\/?p=2306&#038;t=B%C3%A1rbara%20Hern%C3%A1ndez%20%C2%ABLa%20Sirena%20del%20Hielo%C2%BB%3A%20%C2%ABLa%20regi%C3%B3n%20de%20Ays%C3%A9n%20es%20uno%20de%20mis%20lugares%20favoritos%20para%20entrenar%20y%20la%20llevo%20en%20el%20coraz%C3%B3n%C2%BB' aria-hidden='false' data-av_icon='\ue8f3' data-av_iconfont='entypo-fontello' title='' data-avia-related-tooltip='Compartir en Facebook' rel=\"noopener\"><span class='avia_hidden_link_text'>Compartir en Facebook<\/span><\/a><\/li><li class='av-share-link av-social-link-twitter' ><a target=\"_blank\" aria-label=\"Compartir en Twitter\" href='https:\/\/twitter.com\/share?text=B%C3%A1rbara%20Hern%C3%A1ndez%20%C2%ABLa%20Sirena%20del%20Hielo%C2%BB%3A%20%C2%ABLa%20regi%C3%B3n%20de%20Ays%C3%A9n%20es%20uno%20de%20mis%20lugares%20favoritos%20para%20entrenar%20y%20la%20llevo%20en%20el%20coraz%C3%B3n%C2%BB&#038;url=https:\/\/radiorevelacionfm.cl\/?p=2306' aria-hidden='false' data-av_icon='\ue8f1' data-av_iconfont='entypo-fontello' title='' data-avia-related-tooltip='Compartir en Twitter' rel=\"noopener\"><span class='avia_hidden_link_text'>Compartir en Twitter<\/span><\/a><\/li><li class='av-share-link av-social-link-whatsapp' ><a target=\"_blank\" aria-label=\"Compartir en Whatsapp\" href='https:\/\/api.whatsapp.com\/send?text=https:\/\/radiorevelacionfm.cl\/?p=2306' aria-hidden='false' data-av_icon='\uf232' data-av_iconfont='entypo-fontello' title='' data-avia-related-tooltip='Compartir en Whatsapp' rel=\"noopener\"><span class='avia_hidden_link_text'>Compartir en Whatsapp<\/span><\/a><\/li><li class='av-share-link av-social-link-linkedin' ><a target=\"_blank\" aria-label=\"Compartir en LinkedIn\" href='https:\/\/linkedin.com\/shareArticle?mini=true&#038;title=B%C3%A1rbara%20Hern%C3%A1ndez%20%C2%ABLa%20Sirena%20del%20Hielo%C2%BB%3A%20%C2%ABLa%20regi%C3%B3n%20de%20Ays%C3%A9n%20es%20uno%20de%20mis%20lugares%20favoritos%20para%20entrenar%20y%20la%20llevo%20en%20el%20coraz%C3%B3n%C2%BB&#038;url=https:\/\/radiorevelacionfm.cl\/?p=2306' aria-hidden='false' data-av_icon='\ue8fc' data-av_iconfont='entypo-fontello' title='' data-avia-related-tooltip='Compartir en LinkedIn' rel=\"noopener\"><span class='avia_hidden_link_text'>Compartir en LinkedIn<\/span><\/a><\/li><li class='av-share-link av-social-link-mail' ><a  aria-label=\"Compartir por correo\" href='mailto:?subject=B%C3%A1rbara%20Hern%C3%A1ndez%20%C2%ABLa%20Sirena%20del%20Hielo%C2%BB%3A%20%C2%ABLa%20regi%C3%B3n%20de%20Ays%C3%A9n%20es%20uno%20de%20mis%20lugares%20favoritos%20para%20entrenar%20y%20la%20llevo%20en%20el%20coraz%C3%B3n%C2%BB&#038;body=https:\/\/radiorevelacionfm.cl\/?p=2306' aria-hidden='false' data-av_icon='\ue805' data-av_iconfont='entypo-fontello' title='' data-avia-related-tooltip='Compartir por correo'><span class='avia_hidden_link_text'>Compartir por correo<\/span><\/a><\/li><\/ul><\/div><\/div>\n<div  style='height:50px' class='hr hr-invisible   avia-builder-el-8  el_after_av_social_share  el_before_av_comments_list '><span class='hr-inner ' ><span class='hr-inner-style'><\/span><\/span><\/div>\n<div  class='av-buildercomment  av-blog-meta-html-info-disabled av-blog-meta-tag-disabled  '><\/div>\n","protected":false},"excerpt":{"rendered":"","protected":false},"author":1,"featured_media":2307,"comment_status":"open","ping_status":"open","sticky":false,"template":"","format":"standard","meta":{"footnotes":""},"categories":[40],"tags":[],"class_list":["post-2306","post","type-post","status-publish","format-standard","has-post-thumbnail","hentry","category-deportes"],"jetpack_featured_media_url":"https:\/\/radiorevelacionfm.cl\/wp-content\/uploads\/2021\/02\/3-6-1.jpg","_links":{"self":[{"href":"https:\/\/radiorevelacionfm.cl\/index.php?rest_route=\/wp\/v2\/posts\/2306","targetHints":{"allow":["GET"]}}],"collection":[{"href":"https:\/\/radiorevelacionfm.cl\/index.php?rest_route=\/wp\/v2\/posts"}],"about":[{"href":"https:\/\/radiorevelacionfm.cl\/index.php?rest_route=\/wp\/v2\/types\/post"}],"author":[{"embeddable":true,"href":"https:\/\/radiorevelacionfm.cl\/index.php?rest_route=\/wp\/v2\/users\/1"}],"replies":[{"embeddable":true,"href":"https:\/\/radiorevelacionfm.cl\/index.php?rest_route=%2Fwp%2Fv2%2Fcomments&post=2306"}],"version-history":[{"count":1,"href":"https:\/\/radiorevelacionfm.cl\/index.php?rest_route=\/wp\/v2\/posts\/2306\/revisions"}],"predecessor-version":[{"id":2308,"href":"https:\/\/radiorevelacionfm.cl\/index.php?rest_route=\/wp\/v2\/posts\/2306\/revisions\/2308"}],"wp:featuredmedia":[{"embeddable":true,"href":"https:\/\/radiorevelacionfm.cl\/index.php?rest_route=\/wp\/v2\/media\/2307"}],"wp:attachment":[{"href":"https:\/\/radiorevelacionfm.cl\/index.php?rest_route=%2Fwp%2Fv2%2Fmedia&parent=2306"}],"wp:term":[{"taxonomy":"category","embeddable":true,"href":"https:\/\/radiorevelacionfm.cl\/index.php?rest_route=%2Fwp%2Fv2%2Fcategories&post=2306"},{"taxonomy":"post_tag","embeddable":true,"href":"https:\/\/radiorevelacionfm.cl\/index.php?rest_route=%2Fwp%2Fv2%2Ftags&post=2306"}],"curies":[{"name":"wp","href":"https:\/\/api.w.org\/{rel}","templated":true}]}}