{"id":23059,"date":"2022-10-15T10:59:57","date_gmt":"2022-10-15T13:59:57","guid":{"rendered":"https:\/\/radiorevelacionfm.cl\/?p=23059"},"modified":"2022-10-15T10:59:57","modified_gmt":"2022-10-15T13:59:57","slug":"hito-regional-por-primera-vez-aysen-contara-con-chilevalora-para-certificar-competencias-laborales","status":"publish","type":"post","link":"https:\/\/radiorevelacionfm.cl\/?p=23059","title":{"rendered":"Hito regional: por primera vez Ays\u00e9n contar\u00e1 con ChileValora para certificar competencias laborales"},"content":{"rendered":"<div class=\"flex_column av_one_full  flex_column_div av-zero-column-padding first  avia-builder-el-0  el_before_av_one_full  avia-builder-el-first  \" style='border-radius:0px; '><div  class='avia-image-container  av-styling-    avia-builder-el-1  avia-builder-el-no-sibling  avia-align-center '  itemprop=\"image\" itemscope=\"itemscope\" itemtype=\"https:\/\/schema.org\/ImageObject\"  ><div class='avia-image-container-inner'><div class='avia-image-overlay-wrap'><img decoding=\"async\" class='wp-image-23060 avia-img-lazy-loading-not-23060 avia_image' src=\"https:\/\/radiorevelacionfm.cl\/wp-content\/uploads\/2022\/10\/chilevalora_enaysen-1_optimized.jpg\" alt='' title='chilevalora_enaysen-(1)_optimized' height=\"600\" width=\"813\"  itemprop=\"thumbnailUrl\" srcset=\"https:\/\/radiorevelacionfm.cl\/wp-content\/uploads\/2022\/10\/chilevalora_enaysen-1_optimized.jpg 813w, https:\/\/radiorevelacionfm.cl\/wp-content\/uploads\/2022\/10\/chilevalora_enaysen-1_optimized-300x221.jpg 300w, https:\/\/radiorevelacionfm.cl\/wp-content\/uploads\/2022\/10\/chilevalora_enaysen-1_optimized-768x567.jpg 768w, https:\/\/radiorevelacionfm.cl\/wp-content\/uploads\/2022\/10\/chilevalora_enaysen-1_optimized-705x520.jpg 705w, https:\/\/radiorevelacionfm.cl\/wp-content\/uploads\/2022\/10\/chilevalora_enaysen-1_optimized-600x443.jpg 600w\" sizes=\"(max-width: 813px) 100vw, 813px\" \/><\/div><\/div><\/div><\/div><div class=\"flex_column av_one_full  flex_column_div av-zero-column-padding first  avia-builder-el-2  el_after_av_one_full  el_before_av_one_full  column-top-margin\" style='border-radius:0px; '><section class=\"av_textblock_section \"  itemscope=\"itemscope\" itemtype=\"https:\/\/schema.org\/BlogPosting\" itemprop=\"blogPost\" ><div class='avia_textblock  '   itemprop=\"text\" ><div class=\"v1gmail_default\" style=\"text-align: center;\"><span style=\"font-size: 18pt;\"><b><span lang=\"ES-TRAD\">Hito regional: por primera vez Ays\u00e9n contar\u00e1 con ChileValora para certificar competencias laborales<\/span><\/b><\/span><\/div>\n<div id=\"gtx-trans\" style=\"position: absolute; left: -50px; top: 4.31534px;\">\n<div class=\"gtx-trans-icon\"><\/div>\n<\/div>\n<\/div><\/section><\/div><div class=\"flex_column av_one_full  flex_column_div av-zero-column-padding first  avia-builder-el-4  el_after_av_one_full  el_before_av_hr  column-top-margin\" style='border-radius:0px; '><section class=\"av_textblock_section \"  itemscope=\"itemscope\" itemtype=\"https:\/\/schema.org\/BlogPosting\" itemprop=\"blogPost\" ><div class='avia_textblock  '   itemprop=\"text\" ><p class=\"v1MsoNormal\" style=\"text-align: justify;\"><span lang=\"ES-MX\">Como un hito regional y un gran logro calificaron las autoridades la llegada de ChileValora, Sistema Nacional de Certificaci\u00f3n de Competencias Laborales, a nuestra Regi\u00f3n de Ays\u00e9n, ya que por primera vez asume una coordinadora en el territorio, parte de la proyecci\u00f3n de descentralizaci\u00f3n de la instituci\u00f3n estatal.<\/span><\/p>\n<p class=\"v1MsoNormal\" style=\"text-align: justify;\"><span lang=\"ES-MX\">ChileValora es parte del Ministerio del trabajo y Previsi\u00f3n Social, servicio p\u00fablico que nace al alero de la Ley 20.267 del a\u00f1o 2008. Su funci\u00f3n principal es reconocer formalmente las competencias laborales de las personas mediante la certificaci\u00f3n, independientemente de la forma en que las personas hayan adquirido los conocimientos y de si tienen o no un t\u00edtulo o grado acad\u00e9mico.<\/span><\/p>\n<p class=\"v1MsoNormal\" style=\"text-align: justify;\"><span lang=\"ES-MX\">La nueva coordinara regional de ChileValora es Valeska Valenzuela Donoso, quien junto al Seremi de Trabajo y Previsi\u00f3n Social, Rodrigo D\u00edaz Cordaro, tuvo una reuni\u00f3n de trabajo con el Delegado Presidencial Regional, Rodrigo Araya Morales, donde se abordaron las principales tem\u00e1ticas de certificaci\u00f3n de competencias y las brechas existentes en la Regi\u00f3n de Ays\u00e9n. \u00a0<\/span><\/p>\n<p class=\"v1MsoNormal\" style=\"text-align: justify;\"><span lang=\"ES-MX\">Al respecto, el Delegado Presidencial Regional manifest\u00f3, \u00abHemos tenido una reuni\u00f3n tremendamente interesante con el Seremi de Trabajo, Rodrigo D\u00edaz y con la nueva coordinadora de ChileValora regional, Valeska Valenzuela. Esta es una coordinaci\u00f3n que se est\u00e1 instaurando por primera vez en la regi\u00f3n. Hay solo seis regiones del pa\u00eds que cuentan con esta oficina de coordinaci\u00f3n y va a ser tremendamente relevante, porque se van a poder levantar justamente las demandas o las brechas que hay en la acreditaci\u00f3n de competencias t\u00e9cnicas de los trabajadores de muchos \u00e1mbitos productivos de nuestra regi\u00f3n. Sabemos que tenemos un d\u00e9ficit de acreditaci\u00f3n de los trabajadores y con esto vamos a poder avanzar en eso, para que haya una mayor empleabilidad y para que tambi\u00e9n las empresas puedan contar con personal capacitado que pueda responder a las necesidades de nuestra comunidad productiva\u00bb, afirm\u00f3 Araya.<\/span><\/p>\n<p class=\"v1MsoNormal\" style=\"text-align: justify;\"><span lang=\"ES-MX\">\u00abPara nosotros como Ministerio de Trabajo y Previsi\u00f3n Social, es un logro poder tener otra dependencia de este ministerio, como es ChileValora, que nos va a permitir trabajar con la necesidad que hoy hay insatisfecha en cuanto a certificaci\u00f3n. Las personas que son expertas en algo, ahora, a trav\u00e9s de ChileValora, van a poder certificarse y poder demostrarlo con un certificado, esto es sumamente importante. Ac\u00e1 en la regi\u00f3n ya hemos realizado certificaciones de ChileValora, pero con la venia de otras regiones, entonces desde ahora vamos a tener nuestra coordinadora regional, la que va a realizar un trabajo importante en cuanto pueda tener evaluadores regionales, centros de evaluaci\u00f3n en la regi\u00f3n para certificar todas estas competencias, as\u00ed que yo lo tomo como algo muy provechoso, es un esfuerzo de nuestro Gobierno, as\u00ed que seguimos avanzando para poder trabajar como lo hace el Ministerio de Trabajo y Previsi\u00f3n Social, en tripartismo: Gobierno, sector privado y los trabajadores\u00bb, coment\u00f3 el Seremi Rodrigo D\u00edaz.<\/span><\/p>\n<p class=\"v1MsoNormal\" style=\"text-align: justify;\"><span lang=\"ES-MX\">En este mismo sentido, la coordinadora Valeska Valenzuela explic\u00f3, \u00ab\u00bfPor qu\u00e9 es tan importante tener la pertinencia regional en el Sistema Nacional de Certificaci\u00f3n de Competencias Laborales? es porque se puede levantar demandas netamente en el territorio, con pertinencia y requerimiento de los trabajadores. La particularidad de este Servicio Nacional de Certificaci\u00f3n de Competencia es que es un organismo tripartito. Los organismos sectoriales est\u00e1n compuestos por representantes de los trabajadores de las empresas y del sector p\u00fablico, la idea es poder trabajar en conjunto. Los invito a conocer m\u00e1s de ChileValora, a trav\u00e9s de su p\u00e1gina web,\u00a0<a href=\"http:\/\/ww.chilevalora.cl\/\" target=\"_blank\" rel=\"noopener noreferrer\">ww.chilevalora.cl<\/a>\u00a0y tambi\u00e9n a trav\u00e9s de mi correo\u00a0<a href=\"mailto:vvalenzuela@chilevalora.cl\" rel=\"noreferrer\">vvalenzuela@chilevalora.cl<\/a>\u00ab, mencion\u00f3.<\/span><\/p>\n<p class=\"v1MsoNormal\" style=\"text-align: justify;\"><span lang=\"ES-MX\">Valeska Valenzuela se incorporar\u00e1 al \u00e1rea de Fortalecimiento Sectorial y Depliegue de ChileValora, estando f\u00edsicamente en dependencias del Servicio Nacional de Capacitaci\u00f3n y Empleo, Sence, Condell 141 \u2013 al igual de la SUSESO y la Superintendencia de Pensiones-, pero con gran trabajo en terreno. Valeska tiene formaci\u00f3n continua en materias de Competencias Laborales, Dise\u00f1o Instruccional, Planificaci\u00f3n Did\u00e1ctica y Formaci\u00f3n de Formadores para la Capacitaci\u00f3n, adem\u00e1s de certificaciones en materia de g\u00e9nero de FLACSO Chile. Es funcionaria de Sence hace m\u00e1s de 7 a\u00f1os, estando en Comisi\u00f3n de Servicio en la ChileValora. En Sence se ha desempe\u00f1ado en la Unidad de Evaluaci\u00f3n y Certificaci\u00f3n de Competencias Laborales a cargo de becas Franquicia Tributaria para la EyCCL en el nivel central y posteriormente -desde hace 4 a\u00f1os- en la regi\u00f3n de Ays\u00e9n, a cargo de la l\u00ednea regional de Evaluaci\u00f3n y Certificaci\u00f3n de Competencias Laborales y de las tem\u00e1ticas de g\u00e9nero, impulsando espacios de capacitaci\u00f3n y certificaci\u00f3n con enfoque de g\u00e9nero.<\/span><\/p>\n<p class=\"v1MsoNormal\" style=\"text-align: justify;\"><span lang=\"ES-MX\">La misi\u00f3n de ChileValora es certificar las competencias laborales de las personas ocupadas y desocupadas, mediante procesos de evaluaci\u00f3n basados en est\u00e1ndares de competencias alineados con las demandas del mercado del trabajo, definidos y validados por los sectores productivos, a trav\u00e9s de instancias de di\u00e1logo social, promoviendo su uso tanto en el sistema de capacitaci\u00f3n como en el de la formaci\u00f3n t\u00e9cnica, para favorecer la empleabilidad y oportunidades de aprendizaje continuo de las personas.<\/span><\/p>\n<p class=\"v1MsoNormal\" style=\"text-align: justify;\">Entre los financiamientos m\u00e1s utilizados para certificar competencias, est\u00e1n los convenios con Sence; las franquicias tributarias y becas franquicias tributarias. Para certificar una competencia, ChileValora deb\u00eda levantar a nivel nacional el requerimiento, acceder a evaluadores y centros evaluadores de otras regiones y luego realizar el proceso, lo cual se busca regionalizar completamente. Las \u00faltimas certificaciones que se han realizado en la regi\u00f3n, han sido algunas relacionadas con construcci\u00f3n, en el perfil de edificaci\u00f3n, certificando a alba\u00f1iles, carpinteros de obra gruesa, ceramistas de obra de construcci\u00f3n, enfierradores, pintores y jefes de obra. En otras \u00e1reas, se han realizado certificaciones a gu\u00edas de turismo con el apoyo de Sernatur, siendo otros de los oficios habituales de certificar, el de las manipuladoras de alimentos.<\/p>\n<div class=\"v1gmail_default\" style=\"text-align: justify;\"><\/div>\n<\/div><\/section><\/div><div  style='height:50px' class='hr hr-invisible   avia-builder-el-6  el_after_av_one_full  el_before_av_social_share '><span class='hr-inner ' ><span class='hr-inner-style'><\/span><\/span><\/div><\/p>\n<div  class='av-social-sharing-box  avia-builder-el-7  el_after_av_hr  el_before_av_hr  '><div class='av-share-box'><h5 class='av-share-link-description av-no-toc '>Compartir esta noticia<\/h5><ul class='av-share-box-list noLightbox'><li class='av-share-link av-social-link-facebook' ><a target=\"_blank\" aria-label=\"Compartir en Facebook\" href='https:\/\/www.facebook.com\/sharer.php?u=https:\/\/radiorevelacionfm.cl\/?p=23059&#038;t=Hito%20regional%3A%20por%20primera%20vez%20Ays%C3%A9n%20contar%C3%A1%20con%20ChileValora%20para%20certificar%20competencias%20laborales' aria-hidden='false' data-av_icon='\ue8f3' data-av_iconfont='entypo-fontello' title='' data-avia-related-tooltip='Compartir en Facebook' rel=\"noopener\"><span class='avia_hidden_link_text'>Compartir en Facebook<\/span><\/a><\/li><li class='av-share-link av-social-link-twitter' ><a target=\"_blank\" aria-label=\"Compartir en Twitter\" href='https:\/\/twitter.com\/share?text=Hito%20regional%3A%20por%20primera%20vez%20Ays%C3%A9n%20contar%C3%A1%20con%20ChileValora%20para%20certificar%20competencias%20laborales&#038;url=https:\/\/radiorevelacionfm.cl\/?p=23059' aria-hidden='false' data-av_icon='\ue8f1' data-av_iconfont='entypo-fontello' title='' data-avia-related-tooltip='Compartir en Twitter' rel=\"noopener\"><span class='avia_hidden_link_text'>Compartir en Twitter<\/span><\/a><\/li><li class='av-share-link av-social-link-whatsapp' ><a target=\"_blank\" aria-label=\"Compartir en Whatsapp\" href='https:\/\/api.whatsapp.com\/send?text=https:\/\/radiorevelacionfm.cl\/?p=23059' aria-hidden='false' data-av_icon='\uf232' data-av_iconfont='entypo-fontello' title='' data-avia-related-tooltip='Compartir en Whatsapp' rel=\"noopener\"><span class='avia_hidden_link_text'>Compartir en Whatsapp<\/span><\/a><\/li><li class='av-share-link av-social-link-linkedin' ><a target=\"_blank\" aria-label=\"Compartir en LinkedIn\" href='https:\/\/linkedin.com\/shareArticle?mini=true&#038;title=Hito%20regional%3A%20por%20primera%20vez%20Ays%C3%A9n%20contar%C3%A1%20con%20ChileValora%20para%20certificar%20competencias%20laborales&#038;url=https:\/\/radiorevelacionfm.cl\/?p=23059' aria-hidden='false' data-av_icon='\ue8fc' data-av_iconfont='entypo-fontello' title='' data-avia-related-tooltip='Compartir en LinkedIn' rel=\"noopener\"><span class='avia_hidden_link_text'>Compartir en LinkedIn<\/span><\/a><\/li><li class='av-share-link av-social-link-mail' ><a  aria-label=\"Compartir por correo\" href='mailto:?subject=Hito%20regional%3A%20por%20primera%20vez%20Ays%C3%A9n%20contar%C3%A1%20con%20ChileValora%20para%20certificar%20competencias%20laborales&#038;body=https:\/\/radiorevelacionfm.cl\/?p=23059' aria-hidden='false' data-av_icon='\ue805' data-av_iconfont='entypo-fontello' title='' data-avia-related-tooltip='Compartir por correo'><span class='avia_hidden_link_text'>Compartir por correo<\/span><\/a><\/li><\/ul><\/div><\/div>\n<div  style='height:50px' class='hr hr-invisible   avia-builder-el-8  el_after_av_social_share  el_before_av_comments_list '><span class='hr-inner ' ><span class='hr-inner-style'><\/span><\/span><\/div>\n<div  class='av-buildercomment  av-blog-meta-html-info-disabled av-blog-meta-tag-disabled  '><\/div>\n","protected":false},"excerpt":{"rendered":"","protected":false},"author":1,"featured_media":23060,"comment_status":"open","ping_status":"open","sticky":false,"template":"","format":"standard","meta":{"footnotes":""},"categories":[56],"tags":[],"class_list":["post-23059","post","type-post","status-publish","format-standard","has-post-thumbnail","hentry","category-trabajo"],"jetpack_featured_media_url":"https:\/\/radiorevelacionfm.cl\/wp-content\/uploads\/2022\/10\/chilevalora_enaysen-1_optimized.jpg","_links":{"self":[{"href":"https:\/\/radiorevelacionfm.cl\/index.php?rest_route=\/wp\/v2\/posts\/23059","targetHints":{"allow":["GET"]}}],"collection":[{"href":"https:\/\/radiorevelacionfm.cl\/index.php?rest_route=\/wp\/v2\/posts"}],"about":[{"href":"https:\/\/radiorevelacionfm.cl\/index.php?rest_route=\/wp\/v2\/types\/post"}],"author":[{"embeddable":true,"href":"https:\/\/radiorevelacionfm.cl\/index.php?rest_route=\/wp\/v2\/users\/1"}],"replies":[{"embeddable":true,"href":"https:\/\/radiorevelacionfm.cl\/index.php?rest_route=%2Fwp%2Fv2%2Fcomments&post=23059"}],"version-history":[{"count":2,"href":"https:\/\/radiorevelacionfm.cl\/index.php?rest_route=\/wp\/v2\/posts\/23059\/revisions"}],"predecessor-version":[{"id":23062,"href":"https:\/\/radiorevelacionfm.cl\/index.php?rest_route=\/wp\/v2\/posts\/23059\/revisions\/23062"}],"wp:featuredmedia":[{"embeddable":true,"href":"https:\/\/radiorevelacionfm.cl\/index.php?rest_route=\/wp\/v2\/media\/23060"}],"wp:attachment":[{"href":"https:\/\/radiorevelacionfm.cl\/index.php?rest_route=%2Fwp%2Fv2%2Fmedia&parent=23059"}],"wp:term":[{"taxonomy":"category","embeddable":true,"href":"https:\/\/radiorevelacionfm.cl\/index.php?rest_route=%2Fwp%2Fv2%2Fcategories&post=23059"},{"taxonomy":"post_tag","embeddable":true,"href":"https:\/\/radiorevelacionfm.cl\/index.php?rest_route=%2Fwp%2Fv2%2Ftags&post=23059"}],"curies":[{"name":"wp","href":"https:\/\/api.w.org\/{rel}","templated":true}]}}