{"id":23054,"date":"2022-10-15T10:25:27","date_gmt":"2022-10-15T13:25:27","guid":{"rendered":"https:\/\/radiorevelacionfm.cl\/?p=23054"},"modified":"2022-10-15T10:25:27","modified_gmt":"2022-10-15T13:25:27","slug":"aprueban-financiamiento-para-ag-rio-baker-y-reposicion-de-medialuna-del-club-de-rodeo-de-puerto-cisnes","status":"publish","type":"post","link":"https:\/\/radiorevelacionfm.cl\/?p=23054","title":{"rendered":"Aprueban financiamiento para AG R\u00edo Baker y reposici\u00f3n de medialuna del Club de Rodeo de Puerto Cisnes"},"content":{"rendered":"<div class=\"flex_column av_one_full  flex_column_div av-zero-column-padding first  avia-builder-el-0  el_before_av_one_full  avia-builder-el-first  \" style='border-radius:0px; '><div  class='avia-image-container  av-styling-    avia-builder-el-1  avia-builder-el-no-sibling  avia-align-center '  itemprop=\"image\" itemscope=\"itemscope\" itemtype=\"https:\/\/schema.org\/ImageObject\"  ><div class='avia-image-container-inner'><div class='avia-image-overlay-wrap'><img decoding=\"async\" class='wp-image-23055 avia-img-lazy-loading-not-23055 avia_image' src=\"https:\/\/radiorevelacionfm.cl\/wp-content\/uploads\/2022\/10\/Club-Rodeo_Cisnes-1-1.jpg\" alt='' title='Club Rodeo_Cisnes (1) (1)' height=\"600\" width=\"1071\"  itemprop=\"thumbnailUrl\" srcset=\"https:\/\/radiorevelacionfm.cl\/wp-content\/uploads\/2022\/10\/Club-Rodeo_Cisnes-1-1.jpg 1071w, https:\/\/radiorevelacionfm.cl\/wp-content\/uploads\/2022\/10\/Club-Rodeo_Cisnes-1-1-300x168.jpg 300w, https:\/\/radiorevelacionfm.cl\/wp-content\/uploads\/2022\/10\/Club-Rodeo_Cisnes-1-1-1030x577.jpg 1030w, https:\/\/radiorevelacionfm.cl\/wp-content\/uploads\/2022\/10\/Club-Rodeo_Cisnes-1-1-768x430.jpg 768w, https:\/\/radiorevelacionfm.cl\/wp-content\/uploads\/2022\/10\/Club-Rodeo_Cisnes-1-1-705x395.jpg 705w, https:\/\/radiorevelacionfm.cl\/wp-content\/uploads\/2022\/10\/Club-Rodeo_Cisnes-1-1-600x336.jpg 600w\" sizes=\"(max-width: 1071px) 100vw, 1071px\" \/><\/div><\/div><\/div><\/div><div class=\"flex_column av_one_full  flex_column_div av-zero-column-padding first  avia-builder-el-2  el_after_av_one_full  el_before_av_one_full  column-top-margin\" style='border-radius:0px; '><section class=\"av_textblock_section \"  itemscope=\"itemscope\" itemtype=\"https:\/\/schema.org\/BlogPosting\" itemprop=\"blogPost\" ><div class='avia_textblock  '   itemprop=\"text\" ><p style=\"text-align: center;\"><strong><span style=\"font-size: 18pt;\">Aprueban financiamiento para AG R\u00edo Baker y reposici\u00f3n de medialuna del Club de Rodeo de Puerto Cisnes<\/span><\/strong><\/p>\n<div id=\"gtx-trans\" style=\"position: absolute; left: -50px; top: 4.31534px;\">\n<div class=\"gtx-trans-icon\"><\/div>\n<\/div>\n<\/div><\/section><\/div><div class=\"flex_column av_one_full  flex_column_div av-zero-column-padding first  avia-builder-el-4  el_after_av_one_full  el_before_av_hr  column-top-margin\" style='border-radius:0px; '><section class=\"av_textblock_section \"  itemscope=\"itemscope\" itemtype=\"https:\/\/schema.org\/BlogPosting\" itemprop=\"blogPost\" ><div class='avia_textblock  '   itemprop=\"text\" ><p dir=\"ltr\" style=\"text-align: justify;\">Durante la jornada del viernes el Pleno del Consejo Regional realiz\u00f3 aprobaciones de financiamiento. Una es la \u00abAdquisici\u00f3n de equipos y maquinarias para la Asociaci\u00f3n Gremial R\u00edo Baker\u00bb y, otra la, correspondiente a la \u00abReposici\u00f3n medialuna de rodeo en Puerto Cisnes y dependencias anexas\u00bb.<\/p>\n<p dir=\"ltr\" style=\"text-align: justify;\">La Asociaci\u00f3n Gremial R\u00edo Baker est\u00e1 compuesta por sesenta y siete socios y socias, es la \u00fanica de la comuna de Cochrane que presta y arrienda maquinarias agr\u00edcolas, contribuyendo con las y los peque\u00f1os campesinos puedan trabajar la tierra, sobre todo la preparaci\u00f3n de suelo y siembra orientada al forraje.<\/p>\n<p dir=\"ltr\" style=\"text-align: justify;\">El presidente de la Cooperativa R\u00edo Baker, Luis Parada, despu\u00e9s de conocida la noticia de la aprobaci\u00f3n del financiamiento por $455.727 millones, quiso \u00abprimero que nada, agradecer el apoyo del Consejo Regional, de la se\u00f1ora Gobernadora, del alcalde de Cochrane. La verdad que este proyecto para nosotros es muy importante porque viene a fortalecer dos l\u00edneas de negocios importantes, que estamos trabajando como cooperativa y como asociaci\u00f3n gremial\u00bb.<\/p>\n<p dir=\"ltr\" style=\"text-align: justify;\">La Gobernadora Regional, Andrea Mac\u00edas Palma, destac\u00f3 el trabajo que ha realizado la asociaci\u00f3n gremial por\u00a0 m\u00e1s de treinta a\u00f1os y la relevancia que significar\u00e1 poder adquirir maquinaria para el desarrollo de los procesos y el aumento de la productividad.<\/p>\n<p dir=\"ltr\" style=\"text-align: justify;\">\u00abHoy d\u00eda tenemos una asociaci\u00f3n gremial que recibe adem\u00e1s la producci\u00f3n de muchos otros peque\u00f1os productores, una asociaci\u00f3n gremial que trabaja con la peque\u00f1a agricultura familiar campesina, que est\u00e1 compuesta por peque\u00f1os campesinos de nuestra regi\u00f3n, que adem\u00e1s hacen patria en lugar tan alejados y donde poder acceder a maquinarias, ya sea, en arriendo a trav\u00e9s de otra v\u00eda para llevar adelante la actividad productiva es tremendamente complejo, por lo tanto, esto es un impacto absolutamente positivo en la capacidad de aumentar los niveles de producci\u00f3n\u00bb, expres\u00f3 la Gobernadora Regional.<\/p>\n<p dir=\"ltr\" style=\"text-align: justify;\">El alcalde de la comuna de Cochrane, Jorge Calder\u00f3n, fue el expositor del proyecto \u00abAdquisici\u00f3n de equipos y maquinarias para la Asociaci\u00f3n Gremial R\u00edo Baker\u00bb, el que luego de ser escuchado en la Comisi\u00f3n de Fomento Productivo, integrado por los Consejeros Regionales, Omar Mu\u00f1oz (presidente), Felipe Klein (vicepresidente), Rocco Martiniello, y las Consejeras Regionales, Paola Rodr\u00edguez y Loreta Villegas.<\/p>\n<p dir=\"ltr\" style=\"text-align: justify;\">\u00abEste es un reconocimiento al trabajo, al trabajo de nuestro municipio, pero coordinado, por supuesto, con el Gobierno Regional y sobre todo con quienes son los que trabajan d\u00eda a d\u00eda por fortalecer y desarrollar nuestra comuna evidentemente rural, una comuna con historia, que hoy d\u00eda ese trabajo de la AG R\u00edo Baker est\u00e1 dando frutos. La tecnolog\u00eda en el campo es fundamental para seguir haciendo esas tierras productivas\u00bb, dijo la autoridad comunal.<\/p>\n<p dir=\"ltr\" style=\"text-align: justify;\">Los Consejeros Regionales de la Provincia de Capit\u00e1n Prat, Jorge Abello y V\u00edctor Escobar, manifestaron su alegr\u00eda por la aceptaci\u00f3n. El primero destac\u00f3 las labores tanto del municipio, la Asociaci\u00f3n Gremial R\u00edo Baker, y del Gobierno Regional y su Consejo, mientras que Escobar relev\u00f3 la labor de las y los peque\u00f1os campesinos, m\u00e1s las instituciones relacionadas. Omar Mu\u00f1oz: \/Fomento Productivo.<\/p>\n<p dir=\"ltr\" style=\"text-align: justify;\">El presidente de la Comisi\u00f3n de Fomento Productivo, Omar Mu\u00f1oz, manifest\u00f3 que los \u00abproyectos como estos hacen que mejore la gesti\u00f3n, que mejoren los negocios, y que mejoren los ingresos de estas familias y logren cada d\u00eda un mejor bienestar, as\u00ed que,estamos muy contentos de la aprobaci\u00f3n de esta iniciativa por el Pleno del Consejo Regional de Ays\u00e9n\u00bb.<\/p>\n<p dir=\"ltr\" style=\"text-align: justify;\"><strong>Medialuna Puerto Cisnes<\/strong><\/p>\n<p dir=\"ltr\" style=\"text-align: justify;\">Otras de las aprobaciones destacadas de la jornada fue la \u00abReposici\u00f3n medialuna de rodeo en Puerto Cisnes y dependencias anexas\u00bb, la que consiste en el apoyo de $2.082.566 mil millones para su ejecuci\u00f3n. La comunidad desde hace doce a\u00f1os esperaba las mejoras estructurales.<\/p>\n<p dir=\"ltr\" style=\"text-align: justify;\">El presidente del Club de Huasos, Claudio C\u00e9spedes, agradeci\u00f3 la iniciativa de la Gobernadora y la votaci\u00f3n de los Consejeros y Consejeras. \u00abNos llena de orgullo como huasos. Los que amamos este deporte sabemos lo que es correr en una medialuna de primer nivel y aparte de eso se pueden hacer muchas m\u00e1s actividades. Es un complejo que le va a servir mucho a la comunidad\u00bb, dijo el representante del gremio Claudio C\u00e9spedes.<\/p>\n<p dir=\"ltr\" style=\"text-align: justify;\">La mejora de la estructura contempla la creaci\u00f3n de una gran medialuna para las competencias de rodeo, casino, camarines y \u00e1reas anexas comunes para ampliar el tipo de actividades que se desarrollen en el lugar.<\/p>\n<p dir=\"ltr\" style=\"text-align: justify;\">La Gobernadora Regional, Andrea Mac\u00edas Palma, enfatiz\u00f3 en el trabajo en conjunto con la Municipalidad de Cisnes y los beneficiarios y \u00abdigamos que en dos meses m\u00e1s podamos tener la toma de raz\u00f3n de Contralor\u00eda de esta inversi\u00f3n y ya, con ello, el compromiso del municipio. Ellos ya est\u00e1n trabajando en las bases para poder adelantar los procesos y licitar lo antes posible\u00bb.<\/p>\n<p dir=\"ltr\" style=\"text-align: justify;\">Son m\u00e1s de ciento cincuenta los asociados y asociadas al Club de Huasos, pero se espera que sean m\u00e1s los beneficiados en la productividad econ\u00f3mica tras la finalizaci\u00f3n de las obras. Junto con ello, destaca en el transcurso del trabajo de mejoramiento haya generen nuevos empleos para la comunidad. El alcalde de la comuna de Cisnes, Francisco Roncagliolo, resalt\u00f3 que la iniciativa brindar\u00e1 nuevas instancias para la comunidad.<\/p>\n<p dir=\"ltr\" style=\"text-align: justify;\">\u00abCuando se empieza a construir esta infraestructura, apoya tambi\u00e9n a todo su entorno. Entonces, en ese aspecto agradecemos la aprobaci\u00f3n, primero la priorizaci\u00f3n por parte de la Gobernadora Regional y la aprobaci\u00f3n por parte de la Comisi\u00f3n Social y el Plenario, catorce Consejeros Regionales apoyando la iniciativa para nuestra comuna, lo agradecemos de todo coraz\u00f3n\u00bb, dijo el jefe comunal.<\/p>\n<p dir=\"ltr\" style=\"text-align: justify;\">Luego de la aprobaci\u00f3n del proyecto en la Comisi\u00f3n de Desarrollo Social, Cultural y Deportivo integrado por los Consejeros Regionales Sergio Gonz\u00e1lez, Marcos Gillibrand, Paulina Hern\u00e1ndez, Marisol Mart\u00ednez y V\u00edctor Escobar, la iniciativa tambi\u00e9n tuvo una votaci\u00f3n favorable en la sesi\u00f3n ordinaria. La Consejera de la Provincia de Ays\u00e9n y representante de la comuna, Paola Rodr\u00edguez, dijo que \u00abesto viene a significar un gran apoyo no solamente para la familia del rodeo, sino que, tambi\u00e9n para las otras actividades que se realizan en la localidad como lo es la del pescado frito y una serie m\u00e1s de otras actividades\u00bb.<\/p>\n<p dir=\"ltr\" style=\"text-align: justify;\">Durante el Pleno del Consejo Regional igual fue aprobada la \u00abPropuesta N\u00ba3 de modificaci\u00f3n presupuestaria al programa de inversi\u00f3n a diversos subt\u00edtulos 24, 29, 31 y 33\u00bb.<\/p>\n<\/div><\/section><\/div><div  style='height:50px' class='hr hr-invisible   avia-builder-el-6  el_after_av_one_full  el_before_av_social_share '><span class='hr-inner ' ><span class='hr-inner-style'><\/span><\/span><\/div><\/p>\n<div  class='av-social-sharing-box  avia-builder-el-7  el_after_av_hr  el_before_av_hr  '><div class='av-share-box'><h5 class='av-share-link-description av-no-toc '>Compartir esta noticia<\/h5><ul class='av-share-box-list noLightbox'><li class='av-share-link av-social-link-facebook' ><a target=\"_blank\" aria-label=\"Compartir en Facebook\" href='https:\/\/www.facebook.com\/sharer.php?u=https:\/\/radiorevelacionfm.cl\/?p=23054&#038;t=Aprueban%20financiamiento%20para%20AG%20R%C3%ADo%20Baker%20y%20reposici%C3%B3n%20de%20medialuna%20del%20Club%20de%20Rodeo%20de%20Puerto%20Cisnes' aria-hidden='false' data-av_icon='\ue8f3' data-av_iconfont='entypo-fontello' title='' data-avia-related-tooltip='Compartir en Facebook' rel=\"noopener\"><span class='avia_hidden_link_text'>Compartir en Facebook<\/span><\/a><\/li><li class='av-share-link av-social-link-twitter' ><a target=\"_blank\" aria-label=\"Compartir en Twitter\" href='https:\/\/twitter.com\/share?text=Aprueban%20financiamiento%20para%20AG%20R%C3%ADo%20Baker%20y%20reposici%C3%B3n%20de%20medialuna%20del%20Club%20de%20Rodeo%20de%20Puerto%20Cisnes&#038;url=https:\/\/radiorevelacionfm.cl\/?p=23054' aria-hidden='false' data-av_icon='\ue8f1' data-av_iconfont='entypo-fontello' title='' data-avia-related-tooltip='Compartir en Twitter' rel=\"noopener\"><span class='avia_hidden_link_text'>Compartir en Twitter<\/span><\/a><\/li><li class='av-share-link av-social-link-whatsapp' ><a target=\"_blank\" aria-label=\"Compartir en Whatsapp\" href='https:\/\/api.whatsapp.com\/send?text=https:\/\/radiorevelacionfm.cl\/?p=23054' aria-hidden='false' data-av_icon='\uf232' data-av_iconfont='entypo-fontello' title='' data-avia-related-tooltip='Compartir en Whatsapp' rel=\"noopener\"><span class='avia_hidden_link_text'>Compartir en Whatsapp<\/span><\/a><\/li><li class='av-share-link av-social-link-linkedin' ><a target=\"_blank\" aria-label=\"Compartir en LinkedIn\" href='https:\/\/linkedin.com\/shareArticle?mini=true&#038;title=Aprueban%20financiamiento%20para%20AG%20R%C3%ADo%20Baker%20y%20reposici%C3%B3n%20de%20medialuna%20del%20Club%20de%20Rodeo%20de%20Puerto%20Cisnes&#038;url=https:\/\/radiorevelacionfm.cl\/?p=23054' aria-hidden='false' data-av_icon='\ue8fc' data-av_iconfont='entypo-fontello' title='' data-avia-related-tooltip='Compartir en LinkedIn' rel=\"noopener\"><span class='avia_hidden_link_text'>Compartir en LinkedIn<\/span><\/a><\/li><li class='av-share-link av-social-link-mail' ><a  aria-label=\"Compartir por correo\" href='mailto:?subject=Aprueban%20financiamiento%20para%20AG%20R%C3%ADo%20Baker%20y%20reposici%C3%B3n%20de%20medialuna%20del%20Club%20de%20Rodeo%20de%20Puerto%20Cisnes&#038;body=https:\/\/radiorevelacionfm.cl\/?p=23054' aria-hidden='false' data-av_icon='\ue805' data-av_iconfont='entypo-fontello' title='' data-avia-related-tooltip='Compartir por correo'><span class='avia_hidden_link_text'>Compartir por correo<\/span><\/a><\/li><\/ul><\/div><\/div>\n<div  style='height:50px' class='hr hr-invisible   avia-builder-el-8  el_after_av_social_share  el_before_av_comments_list '><span class='hr-inner ' ><span class='hr-inner-style'><\/span><\/span><\/div>\n<div  class='av-buildercomment  av-blog-meta-html-info-disabled av-blog-meta-tag-disabled  '><\/div>\n","protected":false},"excerpt":{"rendered":"","protected":false},"author":1,"featured_media":23055,"comment_status":"open","ping_status":"open","sticky":false,"template":"","format":"standard","meta":{"footnotes":""},"categories":[38],"tags":[],"class_list":["post-23054","post","type-post","status-publish","format-standard","has-post-thumbnail","hentry","category-regional"],"jetpack_featured_media_url":"https:\/\/radiorevelacionfm.cl\/wp-content\/uploads\/2022\/10\/Club-Rodeo_Cisnes-1-1.jpg","_links":{"self":[{"href":"https:\/\/radiorevelacionfm.cl\/index.php?rest_route=\/wp\/v2\/posts\/23054","targetHints":{"allow":["GET"]}}],"collection":[{"href":"https:\/\/radiorevelacionfm.cl\/index.php?rest_route=\/wp\/v2\/posts"}],"about":[{"href":"https:\/\/radiorevelacionfm.cl\/index.php?rest_route=\/wp\/v2\/types\/post"}],"author":[{"embeddable":true,"href":"https:\/\/radiorevelacionfm.cl\/index.php?rest_route=\/wp\/v2\/users\/1"}],"replies":[{"embeddable":true,"href":"https:\/\/radiorevelacionfm.cl\/index.php?rest_route=%2Fwp%2Fv2%2Fcomments&post=23054"}],"version-history":[{"count":2,"href":"https:\/\/radiorevelacionfm.cl\/index.php?rest_route=\/wp\/v2\/posts\/23054\/revisions"}],"predecessor-version":[{"id":23058,"href":"https:\/\/radiorevelacionfm.cl\/index.php?rest_route=\/wp\/v2\/posts\/23054\/revisions\/23058"}],"wp:featuredmedia":[{"embeddable":true,"href":"https:\/\/radiorevelacionfm.cl\/index.php?rest_route=\/wp\/v2\/media\/23055"}],"wp:attachment":[{"href":"https:\/\/radiorevelacionfm.cl\/index.php?rest_route=%2Fwp%2Fv2%2Fmedia&parent=23054"}],"wp:term":[{"taxonomy":"category","embeddable":true,"href":"https:\/\/radiorevelacionfm.cl\/index.php?rest_route=%2Fwp%2Fv2%2Fcategories&post=23054"},{"taxonomy":"post_tag","embeddable":true,"href":"https:\/\/radiorevelacionfm.cl\/index.php?rest_route=%2Fwp%2Fv2%2Ftags&post=23054"}],"curies":[{"name":"wp","href":"https:\/\/api.w.org\/{rel}","templated":true}]}}