{"id":23050,"date":"2022-10-14T20:24:48","date_gmt":"2022-10-14T23:24:48","guid":{"rendered":"https:\/\/radiorevelacionfm.cl\/?p=23050"},"modified":"2022-10-15T12:02:59","modified_gmt":"2022-10-15T15:02:59","slug":"formalizan-a-conductor-por-accidente-con-resultado-de-muerte-ocurrido-en-puerto-aysen","status":"publish","type":"post","link":"https:\/\/radiorevelacionfm.cl\/?p=23050","title":{"rendered":"Formalizan a conductor por accidente con resultado de muerte ocurrido en Puerto Ays\u00e9n"},"content":{"rendered":"<div class=\"flex_column av_one_full  flex_column_div av-zero-column-padding first  avia-builder-el-0  el_before_av_one_full  avia-builder-el-first  \" style='border-radius:0px; '><div  class='avia-image-container  av-styling-    avia-builder-el-1  avia-builder-el-no-sibling  avia-align-center '  itemprop=\"image\" itemscope=\"itemscope\" itemtype=\"https:\/\/schema.org\/ImageObject\"  ><div class='avia-image-container-inner'><div class='avia-image-overlay-wrap'><img decoding=\"async\" class='wp-image-23051 avia-img-lazy-loading-not-23051 avia_image' src=\"https:\/\/radiorevelacionfm.cl\/wp-content\/uploads\/2022\/10\/Accidente-puente-presidente-Ibanez0-1-1.jpg\" alt='' title='Accidente-puente-presidente-Ibanez0 (1) (1)' height=\"600\" width=\"1067\"  itemprop=\"thumbnailUrl\" srcset=\"https:\/\/radiorevelacionfm.cl\/wp-content\/uploads\/2022\/10\/Accidente-puente-presidente-Ibanez0-1-1.jpg 1067w, https:\/\/radiorevelacionfm.cl\/wp-content\/uploads\/2022\/10\/Accidente-puente-presidente-Ibanez0-1-1-300x169.jpg 300w, https:\/\/radiorevelacionfm.cl\/wp-content\/uploads\/2022\/10\/Accidente-puente-presidente-Ibanez0-1-1-1030x579.jpg 1030w, https:\/\/radiorevelacionfm.cl\/wp-content\/uploads\/2022\/10\/Accidente-puente-presidente-Ibanez0-1-1-768x432.jpg 768w, https:\/\/radiorevelacionfm.cl\/wp-content\/uploads\/2022\/10\/Accidente-puente-presidente-Ibanez0-1-1-705x396.jpg 705w, https:\/\/radiorevelacionfm.cl\/wp-content\/uploads\/2022\/10\/Accidente-puente-presidente-Ibanez0-1-1-600x337.jpg 600w\" sizes=\"(max-width: 1067px) 100vw, 1067px\" \/><\/div><\/div><\/div><\/div>\n<div class=\"flex_column av_one_full  flex_column_div av-zero-column-padding first  avia-builder-el-2  el_after_av_one_full  el_before_av_one_full  column-top-margin\" style='border-radius:0px; '><section class=\"av_textblock_section \"  itemscope=\"itemscope\" itemtype=\"https:\/\/schema.org\/BlogPosting\" itemprop=\"blogPost\" ><div class='avia_textblock  '   itemprop=\"text\" ><p style=\"text-align: center;\"><strong><span style=\"font-size: 18pt;\">Formalizan a conductor por accidente con resultado de muerte ocurrido Puerto Ays\u00e9n<\/span><\/strong><\/p>\n<div id=\"gtx-trans\" style=\"position: absolute; left: -50px; top: 4.31534px;\">\n<div class=\"gtx-trans-icon\"><\/div>\n<\/div>\n<\/div><\/section><\/div>\n<div class=\"flex_column av_one_full  flex_column_div av-zero-column-padding first  avia-builder-el-4  el_after_av_one_full  el_before_av_hr  column-top-margin\" style='border-radius:0px; '><section class=\"av_textblock_section \"  itemscope=\"itemscope\" itemtype=\"https:\/\/schema.org\/BlogPosting\" itemprop=\"blogPost\" ><div class='avia_textblock  '   itemprop=\"text\" ><p style=\"text-align: justify;\">En Puerto Ays\u00e9n, este viernes se desarroll\u00f3 la audiencia de formalizaci\u00f3n del conductor que en la madrugada del 20 de septiembre de 2022 protagoniz\u00f3 un grave accidente, con resultado de muerte, en el acceso norte del puente Presidente Iba\u00f1ez de la capital porte\u00f1a. Cabe mencionar que el imputado a\u00fan se encuentra internado en el Hospital de Ays\u00e9n debido a las graves lesiones que sufri\u00f3 en el accidente, raz\u00f3n por la que no se hab\u00eda efectuado la audiencia de formalizaci\u00f3n.<\/p>\n<p style=\"text-align: justify;\">Los cargos que se le imputan al conductor del m\u00f3vil es, conducci\u00f3n en estado de ebriedad, con resultado de muerte.<\/p>\n<p style=\"text-align: justify;\">De acuerdo a informaci\u00f3n el Fiscal del Ministerio P\u00fablico de Ays\u00e9n, Alex Olivero, indic\u00f3 que el imputado Edgar Manuel Vel\u00e1squez Levic\u00e1n, cerca de las 03:53 horas del 20 de septiembre de 2022 conduc\u00eda en estado de ebriedad el veh\u00edculo marca Chevrolet de color blanco acompa\u00f1ado de J.E.L.L, a la altura del puente Presidente Iba\u00f1ez debido a su estado et\u00edlico perdi\u00f3 el control del m\u00f3vil impactando la barrera de contenci\u00f3n y posteriormente los tirantes del puente, resultando su acompa\u00f1ante fallecido. Seg\u00fan el informe de alcoholemia del Servicio M\u00e9dico Legal, \u00e9ste arroj\u00f3 0,94 gramos de alcohol. Por lo que la Fiscal\u00eda solicit\u00f3 la prisi\u00f3n preventiva al considerar que el imputado es un peligro para la sociedad, ya que adem\u00e1s manejaba sin licencia de conducir.<\/p>\n<p style=\"text-align: justify;\">A juicio de la Fiscal\u00eda el imputado arriesga una pena de 5 a\u00f1os y un d\u00eda a 10 a\u00f1os de c\u00e1rcel, en caso de ser condenado. De acuerdo a la Ley Emilia, deber\u00eda cumplir s\u00ed o s\u00ed un a\u00f1o interno en un recinto penal.<\/p>\n<p style=\"text-align: justify;\">Por otra parte, la defensa se neg\u00f3 a la solicitud de prisi\u00f3n preventiva, asegurando que no se cumplen los requisitos de la letra C del Art\u00edculo 40, dado que adem\u00e1s la v\u00edctima es el primo de Edgar Vel\u00e1squez Levic\u00e1n, agregando mayor dolor al luto que ya viven ambas familias, por lo que no est\u00e1n de acuerdo con esta medida cautelar.<\/p>\n<p style=\"text-align: justify;\">En tanto, el magistrado Rodrigo Grez accedi\u00f3 a lo solicitado por la defensa, decretando por ahora arresto domiciliario total, esto una vez que el imputado sea dado de alta del Hospital de Puerto Ays\u00e9n, lo que podr\u00eda ocurrir en 45 d\u00edas m\u00e1s.<\/p>\n<p style=\"text-align: justify;\">Finalmente, en la audiencia se fij\u00f3 un plazo de investigaci\u00f3n de 90 d\u00edas.<\/p>\n<\/div><\/section><\/div><div  style='height:50px' class='hr hr-invisible   avia-builder-el-6  el_after_av_one_full  el_before_av_social_share '><span class='hr-inner ' ><span class='hr-inner-style'><\/span><\/span><\/div><\/p>\n<div  class='av-social-sharing-box  avia-builder-el-7  el_after_av_hr  el_before_av_hr  '><div class='av-share-box'><h5 class='av-share-link-description av-no-toc '>Compartir esta noticia<\/h5><ul class='av-share-box-list noLightbox'><li class='av-share-link av-social-link-facebook' ><a target=\"_blank\" aria-label=\"Compartir en Facebook\" href='https:\/\/www.facebook.com\/sharer.php?u=https:\/\/radiorevelacionfm.cl\/?p=23050&#038;t=Formalizan%20a%20conductor%20por%20accidente%20con%20resultado%20de%20muerte%20ocurrido%20en%20Puerto%20Ays%C3%A9n' aria-hidden='false' data-av_icon='\ue8f3' data-av_iconfont='entypo-fontello' title='' data-avia-related-tooltip='Compartir en Facebook' rel=\"noopener\"><span class='avia_hidden_link_text'>Compartir en Facebook<\/span><\/a><\/li><li class='av-share-link av-social-link-twitter' ><a target=\"_blank\" aria-label=\"Compartir en Twitter\" href='https:\/\/twitter.com\/share?text=Formalizan%20a%20conductor%20por%20accidente%20con%20resultado%20de%20muerte%20ocurrido%20en%20Puerto%20Ays%C3%A9n&#038;url=https:\/\/radiorevelacionfm.cl\/?p=23050' aria-hidden='false' data-av_icon='\ue8f1' data-av_iconfont='entypo-fontello' title='' data-avia-related-tooltip='Compartir en Twitter' rel=\"noopener\"><span class='avia_hidden_link_text'>Compartir en Twitter<\/span><\/a><\/li><li class='av-share-link av-social-link-whatsapp' ><a target=\"_blank\" aria-label=\"Compartir en Whatsapp\" href='https:\/\/api.whatsapp.com\/send?text=https:\/\/radiorevelacionfm.cl\/?p=23050' aria-hidden='false' data-av_icon='\uf232' data-av_iconfont='entypo-fontello' title='' data-avia-related-tooltip='Compartir en Whatsapp' rel=\"noopener\"><span class='avia_hidden_link_text'>Compartir en Whatsapp<\/span><\/a><\/li><li class='av-share-link av-social-link-linkedin' ><a target=\"_blank\" aria-label=\"Compartir en LinkedIn\" href='https:\/\/linkedin.com\/shareArticle?mini=true&#038;title=Formalizan%20a%20conductor%20por%20accidente%20con%20resultado%20de%20muerte%20ocurrido%20en%20Puerto%20Ays%C3%A9n&#038;url=https:\/\/radiorevelacionfm.cl\/?p=23050' aria-hidden='false' data-av_icon='\ue8fc' data-av_iconfont='entypo-fontello' title='' data-avia-related-tooltip='Compartir en LinkedIn' rel=\"noopener\"><span class='avia_hidden_link_text'>Compartir en LinkedIn<\/span><\/a><\/li><li class='av-share-link av-social-link-mail' ><a  aria-label=\"Compartir por correo\" href='mailto:?subject=Formalizan%20a%20conductor%20por%20accidente%20con%20resultado%20de%20muerte%20ocurrido%20en%20Puerto%20Ays%C3%A9n&#038;body=https:\/\/radiorevelacionfm.cl\/?p=23050' aria-hidden='false' data-av_icon='\ue805' data-av_iconfont='entypo-fontello' title='' data-avia-related-tooltip='Compartir por correo'><span class='avia_hidden_link_text'>Compartir por correo<\/span><\/a><\/li><\/ul><\/div><\/div>\n<div  style='height:50px' class='hr hr-invisible   avia-builder-el-8  el_after_av_social_share  el_before_av_comments_list '><span class='hr-inner ' ><span class='hr-inner-style'><\/span><\/span><\/div>\n<div  class='av-buildercomment  av-blog-meta-html-info-disabled av-blog-meta-tag-disabled  '><\/div>\n","protected":false},"excerpt":{"rendered":"","protected":false},"author":1,"featured_media":23051,"comment_status":"open","ping_status":"open","sticky":false,"template":"","format":"standard","meta":{"footnotes":""},"categories":[55],"tags":[],"class_list":["post-23050","post","type-post","status-publish","format-standard","has-post-thumbnail","hentry","category-justicia"],"jetpack_featured_media_url":"https:\/\/radiorevelacionfm.cl\/wp-content\/uploads\/2022\/10\/Accidente-puente-presidente-Ibanez0-1-1.jpg","_links":{"self":[{"href":"https:\/\/radiorevelacionfm.cl\/index.php?rest_route=\/wp\/v2\/posts\/23050","targetHints":{"allow":["GET"]}}],"collection":[{"href":"https:\/\/radiorevelacionfm.cl\/index.php?rest_route=\/wp\/v2\/posts"}],"about":[{"href":"https:\/\/radiorevelacionfm.cl\/index.php?rest_route=\/wp\/v2\/types\/post"}],"author":[{"embeddable":true,"href":"https:\/\/radiorevelacionfm.cl\/index.php?rest_route=\/wp\/v2\/users\/1"}],"replies":[{"embeddable":true,"href":"https:\/\/radiorevelacionfm.cl\/index.php?rest_route=%2Fwp%2Fv2%2Fcomments&post=23050"}],"version-history":[{"count":3,"href":"https:\/\/radiorevelacionfm.cl\/index.php?rest_route=\/wp\/v2\/posts\/23050\/revisions"}],"predecessor-version":[{"id":23063,"href":"https:\/\/radiorevelacionfm.cl\/index.php?rest_route=\/wp\/v2\/posts\/23050\/revisions\/23063"}],"wp:featuredmedia":[{"embeddable":true,"href":"https:\/\/radiorevelacionfm.cl\/index.php?rest_route=\/wp\/v2\/media\/23051"}],"wp:attachment":[{"href":"https:\/\/radiorevelacionfm.cl\/index.php?rest_route=%2Fwp%2Fv2%2Fmedia&parent=23050"}],"wp:term":[{"taxonomy":"category","embeddable":true,"href":"https:\/\/radiorevelacionfm.cl\/index.php?rest_route=%2Fwp%2Fv2%2Fcategories&post=23050"},{"taxonomy":"post_tag","embeddable":true,"href":"https:\/\/radiorevelacionfm.cl\/index.php?rest_route=%2Fwp%2Fv2%2Ftags&post=23050"}],"curies":[{"name":"wp","href":"https:\/\/api.w.org\/{rel}","templated":true}]}}