{"id":23041,"date":"2022-10-14T19:34:12","date_gmt":"2022-10-14T22:34:12","guid":{"rendered":"https:\/\/radiorevelacionfm.cl\/?p=23041"},"modified":"2022-10-15T15:32:42","modified_gmt":"2022-10-15T18:32:42","slug":"carabineros-realizo-procedimiento-por-hallazgo-de-explosivo-en-vertedero-de-chile-chico","status":"publish","type":"post","link":"https:\/\/radiorevelacionfm.cl\/?p=23041","title":{"rendered":"Carabineros realiza investigaci\u00f3n por hallazgo de material explosivo en vertedero de Chile Chico"},"content":{"rendered":"<div class=\"flex_column av_one_full  flex_column_div av-zero-column-padding first  avia-builder-el-0  el_before_av_one_full  avia-builder-el-first  \" style='border-radius:0px; '><div  class='avia-image-container  av-styling-    avia-builder-el-1  avia-builder-el-no-sibling  avia-align-center '  itemprop=\"image\" itemscope=\"itemscope\" itemtype=\"https:\/\/schema.org\/ImageObject\"  ><div class='avia-image-container-inner'><div class='avia-image-overlay-wrap'><img decoding=\"async\" class='wp-image-23047 avia-img-lazy-loading-not-23047 avia_image' src=\"https:\/\/radiorevelacionfm.cl\/wp-content\/uploads\/2022\/10\/Vertedero-ChCh-2022-10-14-2.jpeg\" alt='' title='Vertedero ChCh 2022-10-14 (2)' height=\"601\" width=\"775\"  itemprop=\"thumbnailUrl\" srcset=\"https:\/\/radiorevelacionfm.cl\/wp-content\/uploads\/2022\/10\/Vertedero-ChCh-2022-10-14-2.jpeg 775w, https:\/\/radiorevelacionfm.cl\/wp-content\/uploads\/2022\/10\/Vertedero-ChCh-2022-10-14-2-300x233.jpeg 300w, https:\/\/radiorevelacionfm.cl\/wp-content\/uploads\/2022\/10\/Vertedero-ChCh-2022-10-14-2-768x596.jpeg 768w, https:\/\/radiorevelacionfm.cl\/wp-content\/uploads\/2022\/10\/Vertedero-ChCh-2022-10-14-2-705x547.jpeg 705w, https:\/\/radiorevelacionfm.cl\/wp-content\/uploads\/2022\/10\/Vertedero-ChCh-2022-10-14-2-600x465.jpeg 600w\" sizes=\"(max-width: 775px) 100vw, 775px\" \/><\/div><\/div><\/div><\/div>\n<div class=\"flex_column av_one_full  flex_column_div av-zero-column-padding first  avia-builder-el-2  el_after_av_one_full  el_before_av_one_full  column-top-margin\" style='border-radius:0px; '><section class=\"av_textblock_section \"  itemscope=\"itemscope\" itemtype=\"https:\/\/schema.org\/BlogPosting\" itemprop=\"blogPost\" ><div class='avia_textblock  '   itemprop=\"text\" ><p style=\"text-align: center;\"><strong><span style=\"font-size: 18pt;\">Carabineros realiza investigaci\u00f3n por hallazgo de material explosivo en vertedero de Chile Chico<\/span><\/strong><\/p>\n<div id=\"gtx-trans\" style=\"position: absolute; left: -50px; top: 4.31534px;\">\n<div class=\"gtx-trans-icon\"><\/div>\n<\/div>\n<\/div><\/section><\/div><div class=\"flex_column av_one_full  flex_column_div av-zero-column-padding first  avia-builder-el-4  el_after_av_one_full  el_before_av_hr  column-top-margin\" style='border-radius:0px; '><section class=\"av_textblock_section \"  itemscope=\"itemscope\" itemtype=\"https:\/\/schema.org\/BlogPosting\" itemprop=\"blogPost\" ><div class='avia_textblock  '   itemprop=\"text\" ><p style=\"text-align: justify;\">En las \u00faltimas horas, personal de la 3ra. Comisaria de Chile Chico, es alertado de la presencia de un explosivo al interior del vertedero municipal de la ciudad del sol. Al lugar concurre personal de servicio y de la Secci\u00f3n de Investigaci\u00f3n Policial (SIP), confirmando lo denunciado.<\/p>\n<p style=\"text-align: justify;\">Esta situaci\u00f3n fue informada al Ministerio P\u00fablico, desde donde se instruye el trabajo en el sitio del suceso por parte de Labocar y el GOPE de Carabineros de Coyhaique.<\/p>\n<p style=\"text-align: justify;\">\u201cAnte esa situaci\u00f3n personal de Carabineros se constituy\u00f3 en forma inmediata en el lugar, empezamos a realizar un rastreo con equipo SIP y los dem\u00e1s Carabineros de la unidad de Chile Chico, logrando el hallazgo del explosivo al interior del basural. Ante esa situaci\u00f3n, se aisl\u00f3 el sitio del suceso, se dio cuenta al Ministerio P\u00fablico\u201d, inform\u00f3 el Comisario (s) de la 3ra Comisaria de Chile Chico, Capit\u00e1n Juan Pablo Palma.<\/p>\n<p style=\"text-align: justify;\">El oficial, a\u00f1adi\u00f3 que, \u201cse mantiene el resguardo del sitio del suceso, concurre equipo especializado del Labocar para efectuar las pericias y adem\u00e1s GOPE para ver la situaci\u00f3n de la destrucci\u00f3n de esa especie. Estamos haciendo las diligencias, para poder habilitar dicho vertedero y que pueda seguir funcionando normalmente\u201d.<\/p>\n<p style=\"text-align: justify;\">Respecto a la identificaci\u00f3n del explosivo y algunas de sus caracter\u00edsticas el Capit\u00e1n Juan Pablo Palma, se\u00f1al\u00f3, \u201cpudimos identificar a simple vista que, eran explosivos Emultor de 5000, de medida \u00bc, esos antecedentes se van a entregar al Ministerio P\u00fablico, para que puedan hacer la investigaci\u00f3n que se requiera junto a los organismos especializados\u201d.<\/p>\n<p style=\"text-align: justify;\">Finamente indic\u00f3 que, se est\u00e1 investigando quien o quienes ser\u00edan los autores de arrojar este material peligroso al vertedero de Chile Chico.<\/p>\n<\/div><\/section><\/div><\/p>\n<div  style='height:50px' class='hr hr-invisible   avia-builder-el-6  el_after_av_one_full  el_before_av_social_share '><span class='hr-inner ' ><span class='hr-inner-style'><\/span><\/span><\/div>\n<div  class='av-social-sharing-box  avia-builder-el-7  el_after_av_hr  el_before_av_hr  '><div class='av-share-box'><h5 class='av-share-link-description av-no-toc '>Compartir esta noticia<\/h5><ul class='av-share-box-list noLightbox'><li class='av-share-link av-social-link-facebook' ><a target=\"_blank\" aria-label=\"Compartir en Facebook\" href='https:\/\/www.facebook.com\/sharer.php?u=https:\/\/radiorevelacionfm.cl\/?p=23041&#038;t=Carabineros%20realiza%20investigaci%C3%B3n%20por%20hallazgo%20de%20material%20explosivo%20en%20vertedero%20de%20Chile%20Chico' aria-hidden='false' data-av_icon='\ue8f3' data-av_iconfont='entypo-fontello' title='' data-avia-related-tooltip='Compartir en Facebook' rel=\"noopener\"><span class='avia_hidden_link_text'>Compartir en Facebook<\/span><\/a><\/li><li class='av-share-link av-social-link-twitter' ><a target=\"_blank\" aria-label=\"Compartir en Twitter\" href='https:\/\/twitter.com\/share?text=Carabineros%20realiza%20investigaci%C3%B3n%20por%20hallazgo%20de%20material%20explosivo%20en%20vertedero%20de%20Chile%20Chico&#038;url=https:\/\/radiorevelacionfm.cl\/?p=23041' aria-hidden='false' data-av_icon='\ue8f1' data-av_iconfont='entypo-fontello' title='' data-avia-related-tooltip='Compartir en Twitter' rel=\"noopener\"><span class='avia_hidden_link_text'>Compartir en Twitter<\/span><\/a><\/li><li class='av-share-link av-social-link-whatsapp' ><a target=\"_blank\" aria-label=\"Compartir en Whatsapp\" href='https:\/\/api.whatsapp.com\/send?text=https:\/\/radiorevelacionfm.cl\/?p=23041' aria-hidden='false' data-av_icon='\uf232' data-av_iconfont='entypo-fontello' title='' data-avia-related-tooltip='Compartir en Whatsapp' rel=\"noopener\"><span class='avia_hidden_link_text'>Compartir en Whatsapp<\/span><\/a><\/li><li class='av-share-link av-social-link-linkedin' ><a target=\"_blank\" aria-label=\"Compartir en LinkedIn\" href='https:\/\/linkedin.com\/shareArticle?mini=true&#038;title=Carabineros%20realiza%20investigaci%C3%B3n%20por%20hallazgo%20de%20material%20explosivo%20en%20vertedero%20de%20Chile%20Chico&#038;url=https:\/\/radiorevelacionfm.cl\/?p=23041' aria-hidden='false' data-av_icon='\ue8fc' data-av_iconfont='entypo-fontello' title='' data-avia-related-tooltip='Compartir en LinkedIn' rel=\"noopener\"><span class='avia_hidden_link_text'>Compartir en LinkedIn<\/span><\/a><\/li><li class='av-share-link av-social-link-mail' ><a  aria-label=\"Compartir por correo\" href='mailto:?subject=Carabineros%20realiza%20investigaci%C3%B3n%20por%20hallazgo%20de%20material%20explosivo%20en%20vertedero%20de%20Chile%20Chico&#038;body=https:\/\/radiorevelacionfm.cl\/?p=23041' aria-hidden='false' data-av_icon='\ue805' data-av_iconfont='entypo-fontello' title='' data-avia-related-tooltip='Compartir por correo'><span class='avia_hidden_link_text'>Compartir por correo<\/span><\/a><\/li><\/ul><\/div><\/div>\n<div  style='height:50px' class='hr hr-invisible   avia-builder-el-8  el_after_av_social_share  el_before_av_comments_list '><span class='hr-inner ' ><span class='hr-inner-style'><\/span><\/span><\/div>\n<div  class='av-buildercomment  av-blog-meta-html-info-disabled av-blog-meta-tag-disabled  '><\/div>\n","protected":false},"excerpt":{"rendered":"","protected":false},"author":1,"featured_media":23047,"comment_status":"open","ping_status":"open","sticky":false,"template":"","format":"standard","meta":{"footnotes":""},"categories":[36],"tags":[],"class_list":["post-23041","post","type-post","status-publish","format-standard","has-post-thumbnail","hentry","category-policial"],"jetpack_featured_media_url":"https:\/\/radiorevelacionfm.cl\/wp-content\/uploads\/2022\/10\/Vertedero-ChCh-2022-10-14-2.jpeg","_links":{"self":[{"href":"https:\/\/radiorevelacionfm.cl\/index.php?rest_route=\/wp\/v2\/posts\/23041","targetHints":{"allow":["GET"]}}],"collection":[{"href":"https:\/\/radiorevelacionfm.cl\/index.php?rest_route=\/wp\/v2\/posts"}],"about":[{"href":"https:\/\/radiorevelacionfm.cl\/index.php?rest_route=\/wp\/v2\/types\/post"}],"author":[{"embeddable":true,"href":"https:\/\/radiorevelacionfm.cl\/index.php?rest_route=\/wp\/v2\/users\/1"}],"replies":[{"embeddable":true,"href":"https:\/\/radiorevelacionfm.cl\/index.php?rest_route=%2Fwp%2Fv2%2Fcomments&post=23041"}],"version-history":[{"count":5,"href":"https:\/\/radiorevelacionfm.cl\/index.php?rest_route=\/wp\/v2\/posts\/23041\/revisions"}],"predecessor-version":[{"id":23068,"href":"https:\/\/radiorevelacionfm.cl\/index.php?rest_route=\/wp\/v2\/posts\/23041\/revisions\/23068"}],"wp:featuredmedia":[{"embeddable":true,"href":"https:\/\/radiorevelacionfm.cl\/index.php?rest_route=\/wp\/v2\/media\/23047"}],"wp:attachment":[{"href":"https:\/\/radiorevelacionfm.cl\/index.php?rest_route=%2Fwp%2Fv2%2Fmedia&parent=23041"}],"wp:term":[{"taxonomy":"category","embeddable":true,"href":"https:\/\/radiorevelacionfm.cl\/index.php?rest_route=%2Fwp%2Fv2%2Fcategories&post=23041"},{"taxonomy":"post_tag","embeddable":true,"href":"https:\/\/radiorevelacionfm.cl\/index.php?rest_route=%2Fwp%2Fv2%2Ftags&post=23041"}],"curies":[{"name":"wp","href":"https:\/\/api.w.org\/{rel}","templated":true}]}}