{"id":23018,"date":"2022-10-14T18:30:58","date_gmt":"2022-10-14T21:30:58","guid":{"rendered":"https:\/\/radiorevelacionfm.cl\/?p=23018"},"modified":"2022-10-14T18:30:58","modified_gmt":"2022-10-14T21:30:58","slug":"servicio-medico-legal-capacito-a-carabineros-de-toda-la-region-en-protocolo-de-estambul","status":"publish","type":"post","link":"https:\/\/radiorevelacionfm.cl\/?p=23018","title":{"rendered":"Servicio M\u00e9dico Legal capacit\u00f3 a Carabineros de toda la regi\u00f3n en Protocolo de Estambul"},"content":{"rendered":"<div class=\"flex_column av_one_full  flex_column_div av-zero-column-padding first  avia-builder-el-0  el_before_av_one_full  avia-builder-el-first  \" style='border-radius:0px; '><div  class='avia-image-container  av-styling-    avia-builder-el-1  avia-builder-el-no-sibling  avia-align-center '  itemprop=\"image\" itemscope=\"itemscope\" itemtype=\"https:\/\/schema.org\/ImageObject\"  ><div class='avia-image-container-inner'><div class='avia-image-overlay-wrap'><img decoding=\"async\" class='wp-image-23019 avia-img-lazy-loading-not-23019 avia_image' src=\"https:\/\/radiorevelacionfm.cl\/wp-content\/uploads\/2022\/10\/protocolo-estambul-carabineros-1-1-1.jpg\" alt='' title='protocolo estambul carabineros 1 (1) (1)' height=\"600\" width=\"733\"  itemprop=\"thumbnailUrl\" srcset=\"https:\/\/radiorevelacionfm.cl\/wp-content\/uploads\/2022\/10\/protocolo-estambul-carabineros-1-1-1.jpg 733w, https:\/\/radiorevelacionfm.cl\/wp-content\/uploads\/2022\/10\/protocolo-estambul-carabineros-1-1-1-300x246.jpg 300w, https:\/\/radiorevelacionfm.cl\/wp-content\/uploads\/2022\/10\/protocolo-estambul-carabineros-1-1-1-705x577.jpg 705w, https:\/\/radiorevelacionfm.cl\/wp-content\/uploads\/2022\/10\/protocolo-estambul-carabineros-1-1-1-600x491.jpg 600w\" sizes=\"(max-width: 733px) 100vw, 733px\" \/><\/div><\/div><\/div><\/div><div class=\"flex_column av_one_full  flex_column_div av-zero-column-padding first  avia-builder-el-2  el_after_av_one_full  el_before_av_one_full  column-top-margin\" style='border-radius:0px; '><section class=\"av_textblock_section \"  itemscope=\"itemscope\" itemtype=\"https:\/\/schema.org\/BlogPosting\" itemprop=\"blogPost\" ><div class='avia_textblock  '   itemprop=\"text\" ><p style=\"text-align: center;\"><strong><span style=\"font-size: 18pt;\">Servicio M\u00e9dico Legal capacit\u00f3 a Carabineros de toda la regi\u00f3n en Protocolo de Estambul <\/span><\/strong><\/p>\n<div id=\"gtx-trans\" style=\"position: absolute; left: -50px; top: 4.31534px;\">\n<div class=\"gtx-trans-icon\"><\/div>\n<\/div>\n<\/div><\/section><\/div><div class=\"flex_column av_one_full  flex_column_div av-zero-column-padding first  avia-builder-el-4  el_after_av_one_full  el_before_av_hr  column-top-margin\" style='border-radius:0px; '><section class=\"av_textblock_section \"  itemscope=\"itemscope\" itemtype=\"https:\/\/schema.org\/BlogPosting\" itemprop=\"blogPost\" ><div class='avia_textblock  '   itemprop=\"text\" ><p style=\"text-align: justify;\">Cerca de 50 funcionarios de carabineros de las distintas unidades a nivel regional participaron recientemente de una capacitaci\u00f3n sobre el Protocolo de Estambul a cargo del Servicio M\u00e9dico Legal, dicha instancia ten\u00eda como prop\u00f3sito fortalecer la mirada y el enfoque de Derechos Humanos, y se suma a la ya realizada a funcionarios de la PDI, Gendarmer\u00eda de Chile y la Defensor\u00eda Penal P\u00fablica.<\/p>\n<p style=\"text-align: justify;\">Respecto a esta capacitaci\u00f3n, la Directora Regional del SML Catherine Sandoval Marchant explic\u00f3 que \u201cel Servicio M\u00e9dico Legal tiene como rol principal la realizaci\u00f3n de peritajes al servicio de los organismos que administran Justicia, y con ello a su vez realizar capacitaciones en materia m\u00e9dico legal, y en esta oportunidad espec\u00edficamente sobre el Protocolo de Estambul que trata de la creaci\u00f3n de un manual de investigaci\u00f3n y documentaci\u00f3n efectiva sobre materia de tortura, castigo, tratamientos crueles, inhumanos y degradantes en contra de las personas, el Servicio M\u00e9dico Legal cuenta con profesionales preparados para la aplicaci\u00f3n del Protocolo de Estambul que busca evaluar la concordancia de los da\u00f1os f\u00edsicos y\/o psicol\u00f3gicos con los hechos que se investigan, en esta ocasi\u00f3n junto al Seremi de Justicia y DD.HH Don Samuel Navarro hemos querido dirigir la difusi\u00f3n de este protocolo a los funcionarios p\u00fablicos, que puedan mayormente ser acusados de ejercer abuso de poder en esta l\u00ednea, afectando la salud psicol\u00f3gica y\/o f\u00edsica de las personas y que se encuentren bajo su resguardo ya sea en las detenciones o que est\u00e9n bajo su cuidado, para lo que efectuamos anteriormente un taller con la PDI, Gendarmer\u00eda de Chile y en esta ocasi\u00f3n con Carabineros, no debemos olvidar que todos los funcionarios p\u00fablicos en el mal uso de sus atribuciones podr\u00edamos violar estos derechos y con ello cometer\u00edamos un delito, no necesariamente en la detenci\u00f3n de las personas que est\u00e1n infringiendo un delito, sino que en cualquier uso exacerbado de nuestras atribuciones que afecten con este grado de violencia a las personas\u201d.<\/p>\n<p style=\"text-align: justify;\">Mientras que el Jefe de la XI Zona de\u00a0Carabineros Ays\u00e9n, General Hugo Zenteno V\u00e1squez se\u00f1al\u00f3 que \u201cpara nosotros es muy importante, especialmente para carabineros que d\u00eda a d\u00eda est\u00e1n trabajando en la poblaci\u00f3n y en la guardia, y el conocimiento es de suma importancia para que ellos puedan desarrollar una funci\u00f3n bajo todos los est\u00e1ndares de lo que es los derechos humanos, especialmente con la dignidad de las personas en esta regi\u00f3n tan aislada como es Coyhaique, Ays\u00e9n y todas sus comunas, a su vez tambi\u00e9n todas estas capacitaciones no tan solo han sido enfocadas en temas de materias, sino tambi\u00e9n han sido con algunos ejemplos que los mismos carabineros han preguntado mucho, de manera interactiva y ha sido muy enriquecedora, a su vez tambi\u00e9n la secci\u00f3n regional de Derechos Humanos de esta zona ha estado apoyando esta y otras materias anteriormente, por lo tanto creo que los m\u00e1s importante es desarrollar este ciclo de capacitaciones el presente a\u00f1o y el pr\u00f3ximo que viene\u201d.<\/p>\n<p style=\"text-align: justify;\">En tanto, el Seremi de Justicia y Derechos Humanos Samuel Navarro Castro indic\u00f3 que \u201cha sido muy interesante, desafiante y provechoso este trabajo y capacitaci\u00f3n que hemos venido trabajando como seremi con Carabineros de Chile, en materias tan importante como las relativas al respeto y promoci\u00f3n de los derechos humanos, fue una actividad muy interactiva de parte de los profesionales del Servicio M\u00e9dico Legal y con una importante participaci\u00f3n de funcionarios y oficiales uniformados; al respecto nos parece importante recalcar, que necesitamos a nuestras polic\u00edas para combatir el crimen y la delincuencia, pero apegados a protocolos y procedimientos y con estricto respeto a los derechos humanos, y este trabajo de conjunto nos encamina en esta direcci\u00f3n y esperamos seguir promovi\u00e9ndolo, desarroll\u00e1ndolo y profundiz\u00e1ndolo en el futuro. No me queda nada m\u00e1s que agradecer la disposici\u00f3n del mando y de los profesionales y funcionarios que hicieron posible esta actividad, por el espacio y tiempo entregado para su desarrollo\u201d.<\/p>\n<p style=\"text-align: justify;\">Finalmente, cabe mencionar que el Protocolo de Estambul es una herramienta universal para abordar a las v\u00edctimas de torturas o tratos inhumanos o degradantes, v\u00edctimas que han sido principalmente vulneradas por los Estados, por m\u00faltiples motivos. Es un manual para los distintos actores que van a investigar esta evidencia que un cuerpo y una mente maltratada, para poder acreditar fehacientemente si los da\u00f1os son efectivamente consecuencias de los malos tratos denunciados.<\/p>\n<\/div><\/section><\/div><div  style='height:50px' class='hr hr-invisible   avia-builder-el-6  el_after_av_one_full  el_before_av_social_share '><span class='hr-inner ' ><span class='hr-inner-style'><\/span><\/span><\/div><\/p>\n<div  class='av-social-sharing-box  avia-builder-el-7  el_after_av_hr  el_before_av_hr  '><div class='av-share-box'><h5 class='av-share-link-description av-no-toc '>Compartir esta noticia<\/h5><ul class='av-share-box-list noLightbox'><li class='av-share-link av-social-link-facebook' ><a target=\"_blank\" aria-label=\"Compartir en Facebook\" href='https:\/\/www.facebook.com\/sharer.php?u=https:\/\/radiorevelacionfm.cl\/?p=23018&#038;t=Servicio%20M%C3%A9dico%20Legal%20capacit%C3%B3%20a%20Carabineros%20de%20toda%20la%20regi%C3%B3n%20en%20Protocolo%20de%20Estambul' aria-hidden='false' data-av_icon='\ue8f3' data-av_iconfont='entypo-fontello' title='' data-avia-related-tooltip='Compartir en Facebook' rel=\"noopener\"><span class='avia_hidden_link_text'>Compartir en Facebook<\/span><\/a><\/li><li class='av-share-link av-social-link-twitter' ><a target=\"_blank\" aria-label=\"Compartir en Twitter\" href='https:\/\/twitter.com\/share?text=Servicio%20M%C3%A9dico%20Legal%20capacit%C3%B3%20a%20Carabineros%20de%20toda%20la%20regi%C3%B3n%20en%20Protocolo%20de%20Estambul&#038;url=https:\/\/radiorevelacionfm.cl\/?p=23018' aria-hidden='false' data-av_icon='\ue8f1' data-av_iconfont='entypo-fontello' title='' data-avia-related-tooltip='Compartir en Twitter' rel=\"noopener\"><span class='avia_hidden_link_text'>Compartir en Twitter<\/span><\/a><\/li><li class='av-share-link av-social-link-whatsapp' ><a target=\"_blank\" aria-label=\"Compartir en Whatsapp\" href='https:\/\/api.whatsapp.com\/send?text=https:\/\/radiorevelacionfm.cl\/?p=23018' aria-hidden='false' data-av_icon='\uf232' data-av_iconfont='entypo-fontello' title='' data-avia-related-tooltip='Compartir en Whatsapp' rel=\"noopener\"><span class='avia_hidden_link_text'>Compartir en Whatsapp<\/span><\/a><\/li><li class='av-share-link av-social-link-linkedin' ><a target=\"_blank\" aria-label=\"Compartir en LinkedIn\" href='https:\/\/linkedin.com\/shareArticle?mini=true&#038;title=Servicio%20M%C3%A9dico%20Legal%20capacit%C3%B3%20a%20Carabineros%20de%20toda%20la%20regi%C3%B3n%20en%20Protocolo%20de%20Estambul&#038;url=https:\/\/radiorevelacionfm.cl\/?p=23018' aria-hidden='false' data-av_icon='\ue8fc' data-av_iconfont='entypo-fontello' title='' data-avia-related-tooltip='Compartir en LinkedIn' rel=\"noopener\"><span class='avia_hidden_link_text'>Compartir en LinkedIn<\/span><\/a><\/li><li class='av-share-link av-social-link-mail' ><a  aria-label=\"Compartir por correo\" href='mailto:?subject=Servicio%20M%C3%A9dico%20Legal%20capacit%C3%B3%20a%20Carabineros%20de%20toda%20la%20regi%C3%B3n%20en%20Protocolo%20de%20Estambul&#038;body=https:\/\/radiorevelacionfm.cl\/?p=23018' aria-hidden='false' data-av_icon='\ue805' data-av_iconfont='entypo-fontello' title='' data-avia-related-tooltip='Compartir por correo'><span class='avia_hidden_link_text'>Compartir por correo<\/span><\/a><\/li><\/ul><\/div><\/div>\n<div  style='height:50px' class='hr hr-invisible   avia-builder-el-8  el_after_av_social_share  el_before_av_comments_list '><span class='hr-inner ' ><span class='hr-inner-style'><\/span><\/span><\/div>\n<div  class='av-buildercomment  av-blog-meta-html-info-disabled av-blog-meta-tag-disabled  '><\/div>\n","protected":false},"excerpt":{"rendered":"","protected":false},"author":1,"featured_media":23019,"comment_status":"open","ping_status":"open","sticky":false,"template":"","format":"standard","meta":{"footnotes":""},"categories":[55],"tags":[],"class_list":["post-23018","post","type-post","status-publish","format-standard","has-post-thumbnail","hentry","category-justicia"],"jetpack_featured_media_url":"https:\/\/radiorevelacionfm.cl\/wp-content\/uploads\/2022\/10\/protocolo-estambul-carabineros-1-1-1.jpg","_links":{"self":[{"href":"https:\/\/radiorevelacionfm.cl\/index.php?rest_route=\/wp\/v2\/posts\/23018","targetHints":{"allow":["GET"]}}],"collection":[{"href":"https:\/\/radiorevelacionfm.cl\/index.php?rest_route=\/wp\/v2\/posts"}],"about":[{"href":"https:\/\/radiorevelacionfm.cl\/index.php?rest_route=\/wp\/v2\/types\/post"}],"author":[{"embeddable":true,"href":"https:\/\/radiorevelacionfm.cl\/index.php?rest_route=\/wp\/v2\/users\/1"}],"replies":[{"embeddable":true,"href":"https:\/\/radiorevelacionfm.cl\/index.php?rest_route=%2Fwp%2Fv2%2Fcomments&post=23018"}],"version-history":[{"count":2,"href":"https:\/\/radiorevelacionfm.cl\/index.php?rest_route=\/wp\/v2\/posts\/23018\/revisions"}],"predecessor-version":[{"id":23037,"href":"https:\/\/radiorevelacionfm.cl\/index.php?rest_route=\/wp\/v2\/posts\/23018\/revisions\/23037"}],"wp:featuredmedia":[{"embeddable":true,"href":"https:\/\/radiorevelacionfm.cl\/index.php?rest_route=\/wp\/v2\/media\/23019"}],"wp:attachment":[{"href":"https:\/\/radiorevelacionfm.cl\/index.php?rest_route=%2Fwp%2Fv2%2Fmedia&parent=23018"}],"wp:term":[{"taxonomy":"category","embeddable":true,"href":"https:\/\/radiorevelacionfm.cl\/index.php?rest_route=%2Fwp%2Fv2%2Fcategories&post=23018"},{"taxonomy":"post_tag","embeddable":true,"href":"https:\/\/radiorevelacionfm.cl\/index.php?rest_route=%2Fwp%2Fv2%2Ftags&post=23018"}],"curies":[{"name":"wp","href":"https:\/\/api.w.org\/{rel}","templated":true}]}}