{"id":23014,"date":"2022-10-14T14:12:35","date_gmt":"2022-10-14T17:12:35","guid":{"rendered":"https:\/\/radiorevelacionfm.cl\/?p=23014"},"modified":"2022-10-14T14:12:35","modified_gmt":"2022-10-14T17:12:35","slug":"mas-de-10-mil-dosis-de-vacuna-bivalente-contra-el-covid-19-ya-estan-disponibles-en-la-region-de-aysen","status":"publish","type":"post","link":"https:\/\/radiorevelacionfm.cl\/?p=23014","title":{"rendered":"M\u00e1s de 10 mil dosis de vacuna bivalente contra el COVID-19 ya est\u00e1n disponibles en la regi\u00f3n de Ays\u00e9n"},"content":{"rendered":"<div class=\"flex_column av_one_full  flex_column_div av-zero-column-padding first  avia-builder-el-0  el_before_av_one_full  avia-builder-el-first  \" style='border-radius:0px; '><div  class='avia-image-container  av-styling-    avia-builder-el-1  avia-builder-el-no-sibling  avia-align-center '  itemprop=\"image\" itemscope=\"itemscope\" itemtype=\"https:\/\/schema.org\/ImageObject\"  ><div class='avia-image-container-inner'><div class='avia-image-overlay-wrap'><img decoding=\"async\" class='wp-image-23015 avia-img-lazy-loading-not-23015 avia_image' src=\"https:\/\/radiorevelacionfm.cl\/wp-content\/uploads\/2022\/10\/vacunacion-cochrane-1_optimized-1.jpeg\" alt='' title='vacunaci\u00f3n-cochrane-(1)_optimized (1)' height=\"900\" width=\"1600\"  itemprop=\"thumbnailUrl\" srcset=\"https:\/\/radiorevelacionfm.cl\/wp-content\/uploads\/2022\/10\/vacunacion-cochrane-1_optimized-1.jpeg 1600w, https:\/\/radiorevelacionfm.cl\/wp-content\/uploads\/2022\/10\/vacunacion-cochrane-1_optimized-1-300x169.jpeg 300w, https:\/\/radiorevelacionfm.cl\/wp-content\/uploads\/2022\/10\/vacunacion-cochrane-1_optimized-1-1030x579.jpeg 1030w, https:\/\/radiorevelacionfm.cl\/wp-content\/uploads\/2022\/10\/vacunacion-cochrane-1_optimized-1-768x432.jpeg 768w, https:\/\/radiorevelacionfm.cl\/wp-content\/uploads\/2022\/10\/vacunacion-cochrane-1_optimized-1-1536x864.jpeg 1536w, https:\/\/radiorevelacionfm.cl\/wp-content\/uploads\/2022\/10\/vacunacion-cochrane-1_optimized-1-1500x844.jpeg 1500w, https:\/\/radiorevelacionfm.cl\/wp-content\/uploads\/2022\/10\/vacunacion-cochrane-1_optimized-1-705x397.jpeg 705w, https:\/\/radiorevelacionfm.cl\/wp-content\/uploads\/2022\/10\/vacunacion-cochrane-1_optimized-1-600x338.jpeg 600w\" sizes=\"(max-width: 1600px) 100vw, 1600px\" \/><\/div><\/div><\/div><\/div><div class=\"flex_column av_one_full  flex_column_div av-zero-column-padding first  avia-builder-el-2  el_after_av_one_full  el_before_av_one_full  column-top-margin\" style='border-radius:0px; '><section class=\"av_textblock_section \"  itemscope=\"itemscope\" itemtype=\"https:\/\/schema.org\/BlogPosting\" itemprop=\"blogPost\" ><div class='avia_textblock  '   itemprop=\"text\" ><p style=\"text-align: center;\"><strong><span style=\"font-size: 18pt;\">M\u00e1s de 10 mil dosis de vacuna bivalente contra el COVID-19 ya est\u00e1n disponibles en la regi\u00f3n de Ays\u00e9n<\/span><\/strong><\/p>\n<div id=\"gtx-trans\" style=\"position: absolute; left: -50px; top: 4.31534px;\">\n<div class=\"gtx-trans-icon\"><\/div>\n<\/div>\n<\/div><\/section><\/div><div class=\"flex_column av_one_full  flex_column_div av-zero-column-padding first  avia-builder-el-4  el_after_av_one_full  el_before_av_hr  column-top-margin\" style='border-radius:0px; '><section class=\"av_textblock_section \"  itemscope=\"itemscope\" itemtype=\"https:\/\/schema.org\/BlogPosting\" itemprop=\"blogPost\" ><div class='avia_textblock  '   itemprop=\"text\" ><p style=\"text-align: justify;\">Este viernes, en el Hospital de Cochrane, comenz\u00f3 oficialmente en la regi\u00f3n de Ays\u00e9n el proceso de inmunizaci\u00f3n con la vacuna bivalente contra el COVID-19, la cual en su primera fase se extender\u00e1 hasta el 28 de octubre, siendo destinada a funcionarios de salud, adem\u00e1s de personas inmunodeprimidas, grupo que incluye a pacientes en di\u00e1lisis, con trasplante de \u00f3rganos s\u00f3lidos de coraz\u00f3n, pulmones, ri\u00f1\u00f3n, h\u00edgado y p\u00e1ncreas; tambi\u00e9n quienes recibieron trasplante de precursores hematopoy\u00e9ticos (m\u00e9dula \u00f3sea); pacientes en tratamiento por c\u00e1ncer y con enfermedades autoinmunes que reciben tratamientos biol\u00f3gicos.<\/p>\n<p style=\"text-align: justify;\">En este contexto, la Seremi de Salud Ays\u00e9n, Carmen Monsalve, destac\u00f3 la puesta en marcha de este nuevo proceso de vacunaci\u00f3n.\u00a0 \u201cNos encontramos en el Hospital de Cochrane, en un hito muy importante para la salud p\u00fablica, que es el inicio de la vacunaci\u00f3n contra el COVID-19 con la incorporaci\u00f3n de la vacuna Pfizer Bivalente a nuestro calendario de inmunizaciones.\u00a0 Somos el primer pa\u00eds que incorpora esta vacuna en su programa nacional de inmunizaciones, y hoy comenzamos ac\u00e1 en el Hospital de Cochrane con el grupo priorizado por el Ministerio de Salud, como lo son las personas inmunocomprometidas y los funcionarios de salud, esta vacuna nos va a permitir mantener protecci\u00f3n contra las variantes m\u00e1s frecuentes que est\u00e1n circulando en el pa\u00eds, lo cual nos va a permitir ampliar el espectro de protecci\u00f3n es mucho m\u00e1s amplio para el manejo de la pandemia. Esta vacuna se encuentra disponible en todos los establecimientos de la red asistencial, nosotros ya como regi\u00f3n ya hemos recibido 10 mil 800 dosis, por lo tanto, estas vacunas ya est\u00e1n disponibles en los centros asistenciales para que las personas priorizadas por el Ministerio de Salud puedan acercarse a recibir su vacuna.\u201d<\/p>\n<p style=\"text-align: justify;\">De igual modo, la Directora del Hospital de Cochrane, Miriam Navarrete, tambi\u00e9n valor\u00f3 la incorporaci\u00f3n de esta vacuna, haciendo un llamado para que los grupos prioritarios accedan a la vacuna bivalente contra el COVID-19.\u00a0 \u201cEs muy importante haber podido lanzar esta campa\u00f1a de vacunaci\u00f3n dirigida a los funcionarios que trabajan en los centros de salud, adem\u00e1s de grupos priorizados, porque son ellos quienes est\u00e1n en el grupo de riesgo, ac\u00e1 pudimos iniciar este proceso junto a la Seremi, todos debemos vacunarnos para proteger a nuestras familias y la comunidad\u201d.<\/p>\n<p style=\"text-align: justify;\">El proceso de vacunaci\u00f3n se realizar\u00e1 en vacunatorios p\u00fablicos y privados en convenio con la Seremi de Salud respectiva.\u00a0 La vacuna es gratuita y el calendario de administraci\u00f3n se encontrar\u00e1 disponible en las plataformas y redes sociales del Ministerio de Salud ( <a href=\"https:\/\/www.minsal.cl\/calendario-de-vacunacion-masiva-contra-covid-19\/\">https:\/\/www.minsal.cl\/calendario-de-vacunacion-masiva-contra-covid-19\/<\/a> )<\/p>\n<\/div><\/section><\/div><div  style='height:50px' class='hr hr-invisible   avia-builder-el-6  el_after_av_one_full  el_before_av_social_share '><span class='hr-inner ' ><span class='hr-inner-style'><\/span><\/span><\/div><\/p>\n<div  class='av-social-sharing-box  avia-builder-el-7  el_after_av_hr  el_before_av_hr  '><div class='av-share-box'><h5 class='av-share-link-description av-no-toc '>Compartir esta noticia<\/h5><ul class='av-share-box-list noLightbox'><li class='av-share-link av-social-link-facebook' ><a target=\"_blank\" aria-label=\"Compartir en Facebook\" href='https:\/\/www.facebook.com\/sharer.php?u=https:\/\/radiorevelacionfm.cl\/?p=23014&#038;t=M%C3%A1s%20de%2010%20mil%20dosis%20de%20vacuna%20bivalente%20contra%20el%20COVID-19%20ya%20est%C3%A1n%20disponibles%20en%20la%20regi%C3%B3n%20de%20Ays%C3%A9n' aria-hidden='false' data-av_icon='\ue8f3' data-av_iconfont='entypo-fontello' title='' data-avia-related-tooltip='Compartir en Facebook' rel=\"noopener\"><span class='avia_hidden_link_text'>Compartir en Facebook<\/span><\/a><\/li><li class='av-share-link av-social-link-twitter' ><a target=\"_blank\" aria-label=\"Compartir en Twitter\" href='https:\/\/twitter.com\/share?text=M%C3%A1s%20de%2010%20mil%20dosis%20de%20vacuna%20bivalente%20contra%20el%20COVID-19%20ya%20est%C3%A1n%20disponibles%20en%20la%20regi%C3%B3n%20de%20Ays%C3%A9n&#038;url=https:\/\/radiorevelacionfm.cl\/?p=23014' aria-hidden='false' data-av_icon='\ue8f1' data-av_iconfont='entypo-fontello' title='' data-avia-related-tooltip='Compartir en Twitter' rel=\"noopener\"><span class='avia_hidden_link_text'>Compartir en Twitter<\/span><\/a><\/li><li class='av-share-link av-social-link-whatsapp' ><a target=\"_blank\" aria-label=\"Compartir en Whatsapp\" href='https:\/\/api.whatsapp.com\/send?text=https:\/\/radiorevelacionfm.cl\/?p=23014' aria-hidden='false' data-av_icon='\uf232' data-av_iconfont='entypo-fontello' title='' data-avia-related-tooltip='Compartir en Whatsapp' rel=\"noopener\"><span class='avia_hidden_link_text'>Compartir en Whatsapp<\/span><\/a><\/li><li class='av-share-link av-social-link-linkedin' ><a target=\"_blank\" aria-label=\"Compartir en LinkedIn\" href='https:\/\/linkedin.com\/shareArticle?mini=true&#038;title=M%C3%A1s%20de%2010%20mil%20dosis%20de%20vacuna%20bivalente%20contra%20el%20COVID-19%20ya%20est%C3%A1n%20disponibles%20en%20la%20regi%C3%B3n%20de%20Ays%C3%A9n&#038;url=https:\/\/radiorevelacionfm.cl\/?p=23014' aria-hidden='false' data-av_icon='\ue8fc' data-av_iconfont='entypo-fontello' title='' data-avia-related-tooltip='Compartir en LinkedIn' rel=\"noopener\"><span class='avia_hidden_link_text'>Compartir en LinkedIn<\/span><\/a><\/li><li class='av-share-link av-social-link-mail' ><a  aria-label=\"Compartir por correo\" href='mailto:?subject=M%C3%A1s%20de%2010%20mil%20dosis%20de%20vacuna%20bivalente%20contra%20el%20COVID-19%20ya%20est%C3%A1n%20disponibles%20en%20la%20regi%C3%B3n%20de%20Ays%C3%A9n&#038;body=https:\/\/radiorevelacionfm.cl\/?p=23014' aria-hidden='false' data-av_icon='\ue805' data-av_iconfont='entypo-fontello' title='' data-avia-related-tooltip='Compartir por correo'><span class='avia_hidden_link_text'>Compartir por correo<\/span><\/a><\/li><\/ul><\/div><\/div>\n<div  style='height:50px' class='hr hr-invisible   avia-builder-el-8  el_after_av_social_share  el_before_av_comments_list '><span class='hr-inner ' ><span class='hr-inner-style'><\/span><\/span><\/div>\n<div  class='av-buildercomment  av-blog-meta-html-info-disabled av-blog-meta-tag-disabled  '><\/div>\n","protected":false},"excerpt":{"rendered":"","protected":false},"author":1,"featured_media":23015,"comment_status":"open","ping_status":"open","sticky":false,"template":"","format":"standard","meta":{"footnotes":""},"categories":[46],"tags":[],"class_list":["post-23014","post","type-post","status-publish","format-standard","has-post-thumbnail","hentry","category-salud"],"jetpack_featured_media_url":"https:\/\/radiorevelacionfm.cl\/wp-content\/uploads\/2022\/10\/vacunacion-cochrane-1_optimized-1.jpeg","_links":{"self":[{"href":"https:\/\/radiorevelacionfm.cl\/index.php?rest_route=\/wp\/v2\/posts\/23014","targetHints":{"allow":["GET"]}}],"collection":[{"href":"https:\/\/radiorevelacionfm.cl\/index.php?rest_route=\/wp\/v2\/posts"}],"about":[{"href":"https:\/\/radiorevelacionfm.cl\/index.php?rest_route=\/wp\/v2\/types\/post"}],"author":[{"embeddable":true,"href":"https:\/\/radiorevelacionfm.cl\/index.php?rest_route=\/wp\/v2\/users\/1"}],"replies":[{"embeddable":true,"href":"https:\/\/radiorevelacionfm.cl\/index.php?rest_route=%2Fwp%2Fv2%2Fcomments&post=23014"}],"version-history":[{"count":2,"href":"https:\/\/radiorevelacionfm.cl\/index.php?rest_route=\/wp\/v2\/posts\/23014\/revisions"}],"predecessor-version":[{"id":23017,"href":"https:\/\/radiorevelacionfm.cl\/index.php?rest_route=\/wp\/v2\/posts\/23014\/revisions\/23017"}],"wp:featuredmedia":[{"embeddable":true,"href":"https:\/\/radiorevelacionfm.cl\/index.php?rest_route=\/wp\/v2\/media\/23015"}],"wp:attachment":[{"href":"https:\/\/radiorevelacionfm.cl\/index.php?rest_route=%2Fwp%2Fv2%2Fmedia&parent=23014"}],"wp:term":[{"taxonomy":"category","embeddable":true,"href":"https:\/\/radiorevelacionfm.cl\/index.php?rest_route=%2Fwp%2Fv2%2Fcategories&post=23014"},{"taxonomy":"post_tag","embeddable":true,"href":"https:\/\/radiorevelacionfm.cl\/index.php?rest_route=%2Fwp%2Fv2%2Ftags&post=23014"}],"curies":[{"name":"wp","href":"https:\/\/api.w.org\/{rel}","templated":true}]}}