{"id":23010,"date":"2022-10-14T13:21:59","date_gmt":"2022-10-14T16:21:59","guid":{"rendered":"https:\/\/radiorevelacionfm.cl\/?p=23010"},"modified":"2022-10-14T13:21:59","modified_gmt":"2022-10-14T16:21:59","slug":"liceo-josefina-aguirre-montenegro-recibira-mas-de-343-millones-para-reparaciones-de-emergencia-y-equipamiento-tecnico-profesional","status":"publish","type":"post","link":"https:\/\/radiorevelacionfm.cl\/?p=23010","title":{"rendered":"Liceo Josefina Aguirre Montenegro recibir\u00e1 m\u00e1s de 343 millones para reparaciones de emergencia y equipamiento t\u00e9cnico profesional"},"content":{"rendered":"<div class=\"flex_column av_one_full  flex_column_div av-zero-column-padding first  avia-builder-el-0  el_before_av_one_full  avia-builder-el-first  \" style='border-radius:0px; '><div  class='avia-image-container  av-styling-    avia-builder-el-1  avia-builder-el-no-sibling  avia-align-center '  itemprop=\"image\" itemscope=\"itemscope\" itemtype=\"https:\/\/schema.org\/ImageObject\"  ><div class='avia-image-container-inner'><div class='avia-image-overlay-wrap'><img decoding=\"async\" class='wp-image-23011 avia-img-lazy-loading-not-23011 avia_image' src=\"https:\/\/radiorevelacionfm.cl\/wp-content\/uploads\/2022\/10\/liceo-josefina-aguirre-montenegro2-1-1.jpeg\" alt='' title='liceo josefina aguirre montenegro2 (1) (1)' height=\"600\" width=\"800\"  itemprop=\"thumbnailUrl\" srcset=\"https:\/\/radiorevelacionfm.cl\/wp-content\/uploads\/2022\/10\/liceo-josefina-aguirre-montenegro2-1-1.jpeg 800w, https:\/\/radiorevelacionfm.cl\/wp-content\/uploads\/2022\/10\/liceo-josefina-aguirre-montenegro2-1-1-300x225.jpeg 300w, https:\/\/radiorevelacionfm.cl\/wp-content\/uploads\/2022\/10\/liceo-josefina-aguirre-montenegro2-1-1-768x576.jpeg 768w, https:\/\/radiorevelacionfm.cl\/wp-content\/uploads\/2022\/10\/liceo-josefina-aguirre-montenegro2-1-1-705x529.jpeg 705w, https:\/\/radiorevelacionfm.cl\/wp-content\/uploads\/2022\/10\/liceo-josefina-aguirre-montenegro2-1-1-600x450.jpeg 600w\" sizes=\"(max-width: 800px) 100vw, 800px\" \/><\/div><\/div><\/div><\/div><div class=\"flex_column av_one_full  flex_column_div av-zero-column-padding first  avia-builder-el-2  el_after_av_one_full  el_before_av_one_full  column-top-margin\" style='border-radius:0px; '><section class=\"av_textblock_section \"  itemscope=\"itemscope\" itemtype=\"https:\/\/schema.org\/BlogPosting\" itemprop=\"blogPost\" ><div class='avia_textblock  '   itemprop=\"text\" ><p style=\"text-align: center;\"><strong><span style=\"font-size: 18pt;\">Liceo Josefina Aguirre Montenegro recibir\u00e1 m\u00e1s de 343 millones para reparaciones de emergencia y equipamiento t\u00e9cnico profesional<\/span><\/strong><\/p>\n<div id=\"gtx-trans\" style=\"position: absolute; left: -50px; top: 4.31534px;\">\n<div class=\"gtx-trans-icon\"><\/div>\n<\/div>\n<\/div><\/section><\/div><div class=\"flex_column av_one_full  flex_column_div av-zero-column-padding first  avia-builder-el-4  el_after_av_one_full  el_before_av_hr  column-top-margin\" style='border-radius:0px; '><section class=\"av_textblock_section \"  itemscope=\"itemscope\" itemtype=\"https:\/\/schema.org\/BlogPosting\" itemprop=\"blogPost\" ><div class='avia_textblock  '   itemprop=\"text\" ><p class=\"v1MsoNormal\" style=\"text-align: justify;\"><span lang=\"ES\">En el marco de la Pol\u00edtica de Reactivaci\u00f3n Educativa Integral \u201cSeamos Comunidad\u201d,\u00a0 la Seremi de Educaci\u00f3n de Ays\u00e9n, Isabel Garrido Casassa, concurri\u00f3 al Liceo Josefina Aguirre Montenegro de Coyhaique para informar a la comunidad escolar y a su sostenedor el Alcalde Carlos Gatica Villegas que el Ministerio de Educaci\u00f3n asign\u00f3 al plantel municipal recursos de Infraestructura de Emergencia del Fondo\u00a0<a href=\"https:\/\/www.facebook.com\/hashtag\/seamoscomunidad?__eep__=6&amp;__cft__%5b0%5d=AZVqVpP-yBSKLK5GbrMpk0vDlBLDY8_QWwkB-Qd4xtSG-D6KNOoxn7IR1fQilXRwNY7Kb_y7VrYqP1mkSml_i6Enh_OEKHpkzIHsThDPcZTwzt4H_M-LyWgRfC-xFu5ANTQSHq1tZZGT6cVt5dzBWxxDshAHtJ9FW08pIbXtd55fo1ZgW-Dg9dnLvYIWQsbvzac&amp;__tn__=*NK-R\" target=\"_blank\" rel=\"noopener noreferrer\">#SeamosComunidad<\/a>\u00a0por un monto de $261.665.112 pesos para atender requerimientos urgentes del edificio.<\/span><\/p>\n<p class=\"v1MsoNormal\" style=\"text-align: justify;\"><span lang=\"ES\">Esta asignaci\u00f3n \u00a0es la respuesta del Mineduc a las sentidas demandas de la comunidad del liceo por los d\u00e9ficits de infraestructura del emblem\u00e1tico plantel. Con estos recursos se realizar\u00e1n las siguientes intervenciones:<b>\u00a0<\/b>Cambio de ventanas y mamparas a termo panel, normalizaci\u00f3n de caldera de Petr\u00f3leo, control de palomas y sanitizaci\u00f3n.<\/span><\/p>\n<p class=\"v1MsoNormal\" style=\"text-align: justify;\"><span lang=\"ES\">A lo anterior se suma otra buena noticia; el Liceo Josefina Aguirre Montenegro se adjudic\u00f3 recursos del Fondo de Equipamiento T\u00e9cnico Profesional 2022 del Mineduc por un monto de $81.544.910 pesos, recursos que permitir\u00e1n la adquisici\u00f3n de diversos elementos para las cuatro\u00a0 especialidades, que imparte: Administraci\u00f3n, Gastronom\u00eda, Atenci\u00f3n de P\u00e1rvulos y Enfermer\u00eda.<\/span><\/p>\n<p class=\"v1MsoNormal\" style=\"text-align: justify;\"><span lang=\"ES\">La directora del liceo Alejandra Vargas, representantes de los profesores y del Centro General de Alumnos recibieron los anuncios de parte de la Seremi. Durante el encuentro con la comunidad educativa, Isabel Garrido se\u00f1al\u00f3 que \u201cEste a\u00f1o al asumir el gobierno nos encontramos con muchas carencias urgentes en nuestro sistema educativo, muchas de ellas agravadas por dos a\u00f1os de no presencialidad\u201d.<\/span><\/p>\n<p class=\"v1MsoNormal\" style=\"text-align: justify;\"><span lang=\"ES\">Atendiendo a estas diversas necesidades el Ministerio de Educaci\u00f3n dise\u00f1\u00f3 y puso en marcha la Pol\u00edtica de Reactivaci\u00f3n Educativa Integral \u201cSeamos Comunidad\u201d, que busca impulsar una respuesta integral y estrat\u00e9gica hacia la comunidad escolar en cinco \u00e1reas prioritarias: bienestar y convivencia, fortalecimiento y reactivaci\u00f3n de aprendizajes, trayectorias educativas, transformaci\u00f3n digital e infraestructura.<\/span><\/p>\n<p class=\"v1MsoNormal\" style=\"text-align: justify;\"><span lang=\"ES\">\u201cHoy estamos en el Liceo Josefina Aguirre Montenegro junto al Alcalde, equipo directivo docente y estudiantes y muy felices de compartir con ellos dos buenas noticias. La primera es que el Liceo se adjudic\u00f3 un fondo de equipamiento t\u00e9cnico profesional y tambi\u00e9n se adjudicaron un fondo de infraestructura de emergencia\u00a0 para reparar situaciones urgentes en el establecimiento. Son montos importantes que permitir\u00e1n atender requerimientos importantes para el buen desarrollo de las actividades educativas. Estamos en la etapa inicial de un plan nacional de infraestructura anunciado por el ministro Marco Antonio \u00c1vila que permitir\u00e1 mejorar los espacios de nuestras escuelas y liceos p\u00fablicos. En nuestra regi\u00f3n tenemos cuatro establecimientos a los que ya se les ha asignado recursos. La Escuela Baquedano de Coyhaique tambi\u00e9n recibir\u00e1 un monto importante, m\u00e1s de 100 millones de pesos del plan de infraestructura de emergencia\u201d, puntualiz\u00f3 la autoridad regional sectorial.<\/span><\/p>\n<p class=\"v1MsoNormal\" style=\"text-align: justify;\"><span lang=\"ES\">\u201cComo Ministerio de Educaci\u00f3n estamos fuertemente comprometidos con el fortalecimiento de la educaci\u00f3n p\u00fablica, lo que incluye preocuparnos de su infraestructura, de forma de generar mejores espacios educativos para que las y los estudiantes se sientan acogidos, seguros y dispongan de las condiciones necesarias para aprender, que es uno de los ejes de Seamos Comunidad\u201d, complement\u00f3 Isabel Garrido.<\/span><\/p>\n<p class=\"v1MsoNormal\" style=\"text-align: justify;\"><span lang=\"ES\">Tras un recorrido por las instalaciones que se intervendr\u00e1n y visita al taller de Gastronom\u00eda, el Alcalde y sostenedor del plantel agradeci\u00f3 y destac\u00f3 estos aportes.<\/span><\/p>\n<p class=\"v1MsoNormal\" style=\"text-align: justify;\"><span lang=\"ES\">\u201cEsto nos pone muy contentos porque esto parte por las necesidades que se\u00f1alaron el centro general de padres, por los alumnos y los profesores. Y con esto se da una soluci\u00f3n concreta con la instalaci\u00f3n de aislamiento t\u00e9cnico e instalaci\u00f3n de ventanas termo panel lo que entregar\u00e1 mayor confort a este establecimiento. Este proyecto se trabaja en conjunto entre la seremia de Educaci\u00f3n y el municipio en base a las necesidades planteadas por la comunidad educativa\u201d, afirm\u00f3 Gatica.<\/span><\/p>\n<p class=\"v1MsoNormal\" style=\"text-align: justify;\"><span lang=\"ES\">Por su parte, la directora del Liceo Josefina Aguirre Montenegro Alejandra Vargas expres\u00f3: \u201cSolo agradecer estas dos potentes noticias que vienen a fortalecer la educaci\u00f3n p\u00fablica que imparte nuestro liceo. Esto recoge las necesidades planteadas por todos los integrantes de nuestra comunidad educativa. En el caso del equipamiento t\u00e9cnico profesional, este proyecto fue levantado por los profesores de las especialidades y con ello se comprar\u00e1n implementos que fortalecer\u00e1 la ense\u00f1anza lo que va en directo beneficio de nuestros estudiantes\u201d.<\/span><\/p>\n<p class=\"v1MsoNormal\" style=\"text-align: justify;\"><span lang=\"ES\">El estudiante Eduardo Morales, presidente del Centro General de Alumnos se\u00f1al\u00f3 que \u201cEstamos muy contentos porque nuestro liceo haya ganado dos proyectos. Gracias a la directora, al Alcalde, a nuestros profesores y a nuestro centro de alumnos. Ha sido un trabajo largo pero se ha logrado el objetivo\u201d.<\/span><\/p>\n<\/div><\/section><\/div><div  style='height:50px' class='hr hr-invisible   avia-builder-el-6  el_after_av_one_full  el_before_av_social_share '><span class='hr-inner ' ><span class='hr-inner-style'><\/span><\/span><\/div><\/p>\n<div  class='av-social-sharing-box  avia-builder-el-7  el_after_av_hr  el_before_av_hr  '><div class='av-share-box'><h5 class='av-share-link-description av-no-toc '>Compartir esta noticia<\/h5><ul class='av-share-box-list noLightbox'><li class='av-share-link av-social-link-facebook' ><a target=\"_blank\" aria-label=\"Compartir en Facebook\" href='https:\/\/www.facebook.com\/sharer.php?u=https:\/\/radiorevelacionfm.cl\/?p=23010&#038;t=Liceo%20Josefina%20Aguirre%20Montenegro%20recibir%C3%A1%20m%C3%A1s%20de%20343%20millones%20para%20reparaciones%20de%20emergencia%20y%20equipamiento%20t%C3%A9cnico%20profesional' aria-hidden='false' data-av_icon='\ue8f3' data-av_iconfont='entypo-fontello' title='' data-avia-related-tooltip='Compartir en Facebook' rel=\"noopener\"><span class='avia_hidden_link_text'>Compartir en Facebook<\/span><\/a><\/li><li class='av-share-link av-social-link-twitter' ><a target=\"_blank\" aria-label=\"Compartir en Twitter\" href='https:\/\/twitter.com\/share?text=Liceo%20Josefina%20Aguirre%20Montenegro%20recibir%C3%A1%20m%C3%A1s%20de%20343%20millones%20para%20reparaciones%20de%20emergencia%20y%20equipamiento%20t%C3%A9cnico%20profesional&#038;url=https:\/\/radiorevelacionfm.cl\/?p=23010' aria-hidden='false' data-av_icon='\ue8f1' data-av_iconfont='entypo-fontello' title='' data-avia-related-tooltip='Compartir en Twitter' rel=\"noopener\"><span class='avia_hidden_link_text'>Compartir en Twitter<\/span><\/a><\/li><li class='av-share-link av-social-link-whatsapp' ><a target=\"_blank\" aria-label=\"Compartir en Whatsapp\" href='https:\/\/api.whatsapp.com\/send?text=https:\/\/radiorevelacionfm.cl\/?p=23010' aria-hidden='false' data-av_icon='\uf232' data-av_iconfont='entypo-fontello' title='' data-avia-related-tooltip='Compartir en Whatsapp' rel=\"noopener\"><span class='avia_hidden_link_text'>Compartir en Whatsapp<\/span><\/a><\/li><li class='av-share-link av-social-link-linkedin' ><a target=\"_blank\" aria-label=\"Compartir en LinkedIn\" href='https:\/\/linkedin.com\/shareArticle?mini=true&#038;title=Liceo%20Josefina%20Aguirre%20Montenegro%20recibir%C3%A1%20m%C3%A1s%20de%20343%20millones%20para%20reparaciones%20de%20emergencia%20y%20equipamiento%20t%C3%A9cnico%20profesional&#038;url=https:\/\/radiorevelacionfm.cl\/?p=23010' aria-hidden='false' data-av_icon='\ue8fc' data-av_iconfont='entypo-fontello' title='' data-avia-related-tooltip='Compartir en LinkedIn' rel=\"noopener\"><span class='avia_hidden_link_text'>Compartir en LinkedIn<\/span><\/a><\/li><li class='av-share-link av-social-link-mail' ><a  aria-label=\"Compartir por correo\" href='mailto:?subject=Liceo%20Josefina%20Aguirre%20Montenegro%20recibir%C3%A1%20m%C3%A1s%20de%20343%20millones%20para%20reparaciones%20de%20emergencia%20y%20equipamiento%20t%C3%A9cnico%20profesional&#038;body=https:\/\/radiorevelacionfm.cl\/?p=23010' aria-hidden='false' data-av_icon='\ue805' data-av_iconfont='entypo-fontello' title='' data-avia-related-tooltip='Compartir por correo'><span class='avia_hidden_link_text'>Compartir por correo<\/span><\/a><\/li><\/ul><\/div><\/div>\n<div  style='height:50px' class='hr hr-invisible   avia-builder-el-8  el_after_av_social_share  el_before_av_comments_list '><span class='hr-inner ' ><span class='hr-inner-style'><\/span><\/span><\/div>\n<div  class='av-buildercomment  av-blog-meta-html-info-disabled av-blog-meta-tag-disabled  '><\/div>\n","protected":false},"excerpt":{"rendered":"","protected":false},"author":1,"featured_media":23011,"comment_status":"open","ping_status":"open","sticky":false,"template":"","format":"standard","meta":{"footnotes":""},"categories":[49],"tags":[],"class_list":["post-23010","post","type-post","status-publish","format-standard","has-post-thumbnail","hentry","category-educacion"],"jetpack_featured_media_url":"https:\/\/radiorevelacionfm.cl\/wp-content\/uploads\/2022\/10\/liceo-josefina-aguirre-montenegro2-1-1.jpeg","_links":{"self":[{"href":"https:\/\/radiorevelacionfm.cl\/index.php?rest_route=\/wp\/v2\/posts\/23010","targetHints":{"allow":["GET"]}}],"collection":[{"href":"https:\/\/radiorevelacionfm.cl\/index.php?rest_route=\/wp\/v2\/posts"}],"about":[{"href":"https:\/\/radiorevelacionfm.cl\/index.php?rest_route=\/wp\/v2\/types\/post"}],"author":[{"embeddable":true,"href":"https:\/\/radiorevelacionfm.cl\/index.php?rest_route=\/wp\/v2\/users\/1"}],"replies":[{"embeddable":true,"href":"https:\/\/radiorevelacionfm.cl\/index.php?rest_route=%2Fwp%2Fv2%2Fcomments&post=23010"}],"version-history":[{"count":2,"href":"https:\/\/radiorevelacionfm.cl\/index.php?rest_route=\/wp\/v2\/posts\/23010\/revisions"}],"predecessor-version":[{"id":23013,"href":"https:\/\/radiorevelacionfm.cl\/index.php?rest_route=\/wp\/v2\/posts\/23010\/revisions\/23013"}],"wp:featuredmedia":[{"embeddable":true,"href":"https:\/\/radiorevelacionfm.cl\/index.php?rest_route=\/wp\/v2\/media\/23011"}],"wp:attachment":[{"href":"https:\/\/radiorevelacionfm.cl\/index.php?rest_route=%2Fwp%2Fv2%2Fmedia&parent=23010"}],"wp:term":[{"taxonomy":"category","embeddable":true,"href":"https:\/\/radiorevelacionfm.cl\/index.php?rest_route=%2Fwp%2Fv2%2Fcategories&post=23010"},{"taxonomy":"post_tag","embeddable":true,"href":"https:\/\/radiorevelacionfm.cl\/index.php?rest_route=%2Fwp%2Fv2%2Ftags&post=23010"}],"curies":[{"name":"wp","href":"https:\/\/api.w.org\/{rel}","templated":true}]}}