{"id":23006,"date":"2022-10-14T10:52:53","date_gmt":"2022-10-14T13:52:53","guid":{"rendered":"https:\/\/radiorevelacionfm.cl\/?p=23006"},"modified":"2022-10-14T10:52:53","modified_gmt":"2022-10-14T13:52:53","slug":"experiencia-piloto-busca-implementar-alternativas-forrajeras-para-mejorar-la-ovejeria-en-la-cuenca-del-lago-general-carrera","status":"publish","type":"post","link":"https:\/\/radiorevelacionfm.cl\/?p=23006","title":{"rendered":"Experiencia piloto busca implementar alternativas forrajeras para mejorar la ovejer\u00eda en la Cuenca del Lago General Carrera"},"content":{"rendered":"<div class=\"flex_column av_one_full  flex_column_div av-zero-column-padding first  avia-builder-el-0  el_before_av_one_full  avia-builder-el-first  \" style='border-radius:0px; '><div  class='avia-image-container  av-styling-    avia-builder-el-1  avia-builder-el-no-sibling  avia-align-center '  itemprop=\"image\" itemscope=\"itemscope\" itemtype=\"https:\/\/schema.org\/ImageObject\"  ><div class='avia-image-container-inner'><div class='avia-image-overlay-wrap'><img decoding=\"async\" class='wp-image-23007 avia-img-lazy-loading-not-23007 avia_image' src=\"https:\/\/radiorevelacionfm.cl\/wp-content\/uploads\/2022\/10\/z9a0723-1_optimized.jpg\" alt='' title='_z9a0723-(1)_optimized' height=\"600\" width=\"939\"  itemprop=\"thumbnailUrl\" srcset=\"https:\/\/radiorevelacionfm.cl\/wp-content\/uploads\/2022\/10\/z9a0723-1_optimized.jpg 939w, https:\/\/radiorevelacionfm.cl\/wp-content\/uploads\/2022\/10\/z9a0723-1_optimized-300x192.jpg 300w, https:\/\/radiorevelacionfm.cl\/wp-content\/uploads\/2022\/10\/z9a0723-1_optimized-768x491.jpg 768w, https:\/\/radiorevelacionfm.cl\/wp-content\/uploads\/2022\/10\/z9a0723-1_optimized-705x450.jpg 705w, https:\/\/radiorevelacionfm.cl\/wp-content\/uploads\/2022\/10\/z9a0723-1_optimized-600x383.jpg 600w\" sizes=\"(max-width: 939px) 100vw, 939px\" \/><\/div><\/div><\/div><\/div><div class=\"flex_column av_one_full  flex_column_div av-zero-column-padding first  avia-builder-el-2  el_after_av_one_full  el_before_av_one_full  column-top-margin\" style='border-radius:0px; '><section class=\"av_textblock_section \"  itemscope=\"itemscope\" itemtype=\"https:\/\/schema.org\/BlogPosting\" itemprop=\"blogPost\" ><div class='avia_textblock  '   itemprop=\"text\" ><p style=\"text-align: center;\"><span style=\"font-size: 18pt;\"><b>Experiencia piloto busca implementar alternativas forrajeras para mejorar la ovejer\u00eda en la Cuenca del Lago General Carrera<\/b><\/span><\/p>\n<div id=\"gtx-trans\" style=\"position: absolute; left: -50px; top: 4.31534px;\">\n<div class=\"gtx-trans-icon\"><\/div>\n<\/div>\n<\/div><\/section><\/div><div class=\"flex_column av_one_full  flex_column_div av-zero-column-padding first  avia-builder-el-4  el_after_av_one_full  el_before_av_hr  column-top-margin\" style='border-radius:0px; '><section class=\"av_textblock_section \"  itemscope=\"itemscope\" itemtype=\"https:\/\/schema.org\/BlogPosting\" itemprop=\"blogPost\" ><div class='avia_textblock  '   itemprop=\"text\" ><p style=\"text-align: justify;\">Buscar alternativas de alimentaci\u00f3n para el ganado ovino a trav\u00e9s del establecimiento de diferentes cultivos suplementarios, es parte de los objetivos que busca el sat\u00e9lite del M\u00f3dulo de Adopci\u00f3n Tecnol\u00f3gica (MAT), que se est\u00e1 realizando en el predio del productor de irradiaci\u00f3n, Mois\u00e9s Calder\u00f3n, en Chile Chico.<\/p>\n<p style=\"text-align: justify;\">Este m\u00f3dulo demostrativo forma parte del trabajo impulsado por el Instituto de Investigaci\u00f3n Agropecuaria (INIA) a trav\u00e9s del programa \u00abTransferencia, Modernizaci\u00f3n y Fortalecimiento del Negocio Ovejero de la Regi\u00f3n de Ays\u00e9n liderado por la Seremi de Agricultura y que con fondos del Gobierno regional de Ays\u00e9n busca promover el repoblamiento de la masa ovina regional en base al mejoramiento de la productividad.<\/p>\n<p style=\"text-align: justify;\">\u00abAc\u00e1 lo que estamos viendo es la posibilidad de instalar un \u00absat\u00e9lite, que permita ampliar el \u00e1rea de influencia de m\u00f3dulo de adopci\u00f3n tecnol\u00f3gica de la zona sur, ubicado originalmente en Mall\u00edn grande, un nuevo foco productivo para la regi\u00f3n, donde podamos incorporar nuevas variedades, donde podamos probar nuevos beneficios y poder tener mejor alimento suplementario para nuestros animales\u00bb, se\u00f1al\u00f3 el seremi de Agricultura, Alan Espinoza Ortiz, en visita al predio.<\/p>\n<p style=\"text-align: justify;\">De tal forma el predio modelo ubicado en la cuenca del Lago General Carrera busca instaurarse para actividades de extensi\u00f3n y transferencia tecnol\u00f3gica, adem\u00e1s de capacitaci\u00f3n y formaci\u00f3n, para campesinos de la comuna de Chile Chico.<\/p>\n<p style=\"text-align: justify;\">\u00abSeleccionamos este lugar porque el productor est\u00e1 bastante interesado en hacer mejoras y experimentar alternativas tecnol\u00f3gicas, estableciendo diferentes cultivos, incluso tenemos factibilidad de riego en este sector. El segundo punto de selecci\u00f3n es que como la comuna es tan grande, nosotros quer\u00edamos tener algo m\u00e1s central para que productores tanto de El Ceballos como de Bah\u00eda Jara y Fachinal, puedan venir a los d\u00edas de campo que vamos a realizar\u00bb, se\u00f1al\u00f3 la M\u00e9dico Veterinaria, Consuelo Zumelzu, profesional de apoyo a proyecto del programa ovino ejecutado por INIA, a cargo de implementar esta experiencia.<\/p>\n<p style=\"text-align: justify;\">En este sentido el productor, Mois\u00e9s Calder\u00f3n, se\u00f1al\u00f3 la importancia de este tipo de pruebas que contemplan el enfoque territorial como forma de generar experiencias para pastoreo y alimentaci\u00f3n de ganado ovino. Se\u00f1alando la necesidad de avanzar hacia el incentivo de la producci\u00f3n ovina en la regi\u00f3n.<\/p>\n<p style=\"text-align: justify;\">\u00abExactamente porque bien lo convers\u00e1bamos reci\u00e9n. Se ha achicado bastante la masa ovina en la regi\u00f3n. Entonces hay que apostar por eso. Hay que apostar porque vuelva la ovejer\u00eda a la regi\u00f3n\u00bb, sostuvo.<\/p>\n<p style=\"text-align: justify;\">El Programa Ovino, en ejecuci\u00f3n a nivel regional por parte del Ministerio de Agricultura y sus servicios es financiado con recursos del Gobierno Regional de Ays\u00e9n, con el objetivo de modernizar y potenciar la actividad, hacerla sustentable y m\u00e1s rentable, por medio de la implementaci\u00f3n de \u00a0encuesta socio-econ\u00f3mica, actividades de capacitaciones directas a beneficiarios directos y de irradiaci\u00f3n e implementaci\u00f3n de laboratorio de reproducci\u00f3n ovina entre otras acciones, \u00a0que buscan reposicionar la ganader\u00eda ovina en Ays\u00e9n.<\/p>\n<\/div><\/section><\/div><div  style='height:50px' class='hr hr-invisible   avia-builder-el-6  el_after_av_one_full  el_before_av_social_share '><span class='hr-inner ' ><span class='hr-inner-style'><\/span><\/span><\/div><\/p>\n<div  class='av-social-sharing-box  avia-builder-el-7  el_after_av_hr  el_before_av_hr  '><div class='av-share-box'><h5 class='av-share-link-description av-no-toc '>Compartir esta noticia<\/h5><ul class='av-share-box-list noLightbox'><li class='av-share-link av-social-link-facebook' ><a target=\"_blank\" aria-label=\"Compartir en Facebook\" href='https:\/\/www.facebook.com\/sharer.php?u=https:\/\/radiorevelacionfm.cl\/?p=23006&#038;t=Experiencia%20piloto%20busca%20implementar%20alternativas%20forrajeras%20para%20mejorar%20la%20ovejer%C3%ADa%20en%20la%20Cuenca%20del%20Lago%20General%20Carrera' aria-hidden='false' data-av_icon='\ue8f3' data-av_iconfont='entypo-fontello' title='' data-avia-related-tooltip='Compartir en Facebook' rel=\"noopener\"><span class='avia_hidden_link_text'>Compartir en Facebook<\/span><\/a><\/li><li class='av-share-link av-social-link-twitter' ><a target=\"_blank\" aria-label=\"Compartir en Twitter\" href='https:\/\/twitter.com\/share?text=Experiencia%20piloto%20busca%20implementar%20alternativas%20forrajeras%20para%20mejorar%20la%20ovejer%C3%ADa%20en%20la%20Cuenca%20del%20Lago%20General%20Carrera&#038;url=https:\/\/radiorevelacionfm.cl\/?p=23006' aria-hidden='false' data-av_icon='\ue8f1' data-av_iconfont='entypo-fontello' title='' data-avia-related-tooltip='Compartir en Twitter' rel=\"noopener\"><span class='avia_hidden_link_text'>Compartir en Twitter<\/span><\/a><\/li><li class='av-share-link av-social-link-whatsapp' ><a target=\"_blank\" aria-label=\"Compartir en Whatsapp\" href='https:\/\/api.whatsapp.com\/send?text=https:\/\/radiorevelacionfm.cl\/?p=23006' aria-hidden='false' data-av_icon='\uf232' data-av_iconfont='entypo-fontello' title='' data-avia-related-tooltip='Compartir en Whatsapp' rel=\"noopener\"><span class='avia_hidden_link_text'>Compartir en Whatsapp<\/span><\/a><\/li><li class='av-share-link av-social-link-linkedin' ><a target=\"_blank\" aria-label=\"Compartir en LinkedIn\" href='https:\/\/linkedin.com\/shareArticle?mini=true&#038;title=Experiencia%20piloto%20busca%20implementar%20alternativas%20forrajeras%20para%20mejorar%20la%20ovejer%C3%ADa%20en%20la%20Cuenca%20del%20Lago%20General%20Carrera&#038;url=https:\/\/radiorevelacionfm.cl\/?p=23006' aria-hidden='false' data-av_icon='\ue8fc' data-av_iconfont='entypo-fontello' title='' data-avia-related-tooltip='Compartir en LinkedIn' rel=\"noopener\"><span class='avia_hidden_link_text'>Compartir en LinkedIn<\/span><\/a><\/li><li class='av-share-link av-social-link-mail' ><a  aria-label=\"Compartir por correo\" href='mailto:?subject=Experiencia%20piloto%20busca%20implementar%20alternativas%20forrajeras%20para%20mejorar%20la%20ovejer%C3%ADa%20en%20la%20Cuenca%20del%20Lago%20General%20Carrera&#038;body=https:\/\/radiorevelacionfm.cl\/?p=23006' aria-hidden='false' data-av_icon='\ue805' data-av_iconfont='entypo-fontello' title='' data-avia-related-tooltip='Compartir por correo'><span class='avia_hidden_link_text'>Compartir por correo<\/span><\/a><\/li><\/ul><\/div><\/div>\n<div  style='height:50px' class='hr hr-invisible   avia-builder-el-8  el_after_av_social_share  el_before_av_comments_list '><span class='hr-inner ' ><span class='hr-inner-style'><\/span><\/span><\/div>\n<div  class='av-buildercomment  av-blog-meta-html-info-disabled av-blog-meta-tag-disabled  '><\/div>\n","protected":false},"excerpt":{"rendered":"","protected":false},"author":1,"featured_media":23007,"comment_status":"open","ping_status":"open","sticky":false,"template":"","format":"standard","meta":{"footnotes":""},"categories":[58],"tags":[],"class_list":["post-23006","post","type-post","status-publish","format-standard","has-post-thumbnail","hentry","category-agricultura"],"jetpack_featured_media_url":"https:\/\/radiorevelacionfm.cl\/wp-content\/uploads\/2022\/10\/z9a0723-1_optimized.jpg","_links":{"self":[{"href":"https:\/\/radiorevelacionfm.cl\/index.php?rest_route=\/wp\/v2\/posts\/23006","targetHints":{"allow":["GET"]}}],"collection":[{"href":"https:\/\/radiorevelacionfm.cl\/index.php?rest_route=\/wp\/v2\/posts"}],"about":[{"href":"https:\/\/radiorevelacionfm.cl\/index.php?rest_route=\/wp\/v2\/types\/post"}],"author":[{"embeddable":true,"href":"https:\/\/radiorevelacionfm.cl\/index.php?rest_route=\/wp\/v2\/users\/1"}],"replies":[{"embeddable":true,"href":"https:\/\/radiorevelacionfm.cl\/index.php?rest_route=%2Fwp%2Fv2%2Fcomments&post=23006"}],"version-history":[{"count":2,"href":"https:\/\/radiorevelacionfm.cl\/index.php?rest_route=\/wp\/v2\/posts\/23006\/revisions"}],"predecessor-version":[{"id":23009,"href":"https:\/\/radiorevelacionfm.cl\/index.php?rest_route=\/wp\/v2\/posts\/23006\/revisions\/23009"}],"wp:featuredmedia":[{"embeddable":true,"href":"https:\/\/radiorevelacionfm.cl\/index.php?rest_route=\/wp\/v2\/media\/23007"}],"wp:attachment":[{"href":"https:\/\/radiorevelacionfm.cl\/index.php?rest_route=%2Fwp%2Fv2%2Fmedia&parent=23006"}],"wp:term":[{"taxonomy":"category","embeddable":true,"href":"https:\/\/radiorevelacionfm.cl\/index.php?rest_route=%2Fwp%2Fv2%2Fcategories&post=23006"},{"taxonomy":"post_tag","embeddable":true,"href":"https:\/\/radiorevelacionfm.cl\/index.php?rest_route=%2Fwp%2Fv2%2Ftags&post=23006"}],"curies":[{"name":"wp","href":"https:\/\/api.w.org\/{rel}","templated":true}]}}