{"id":23002,"date":"2022-10-14T10:30:11","date_gmt":"2022-10-14T13:30:11","guid":{"rendered":"https:\/\/radiorevelacionfm.cl\/?p=23002"},"modified":"2022-10-14T10:30:11","modified_gmt":"2022-10-14T13:30:11","slug":"dirigentas-y-autoridades-invitan-a-postular-a-la-escuela-mujeres-lideres-politicas-y-sociales","status":"publish","type":"post","link":"https:\/\/radiorevelacionfm.cl\/?p=23002","title":{"rendered":"Dirigentas y autoridades invitan a postular a la Escuela Mujeres L\u00edderes Pol\u00edticas y Sociales"},"content":{"rendered":"<div class=\"flex_column av_one_full  flex_column_div av-zero-column-padding first  avia-builder-el-0  el_before_av_one_full  avia-builder-el-first  \" style='border-radius:0px; '><div  class='avia-image-container  av-styling-    avia-builder-el-1  avia-builder-el-no-sibling  avia-align-center '  itemprop=\"image\" itemscope=\"itemscope\" itemtype=\"https:\/\/schema.org\/ImageObject\"  ><div class='avia-image-container-inner'><div class='avia-image-overlay-wrap'><img decoding=\"async\" class='wp-image-23003 avia-img-lazy-loading-not-23003 avia_image' src=\"https:\/\/radiorevelacionfm.cl\/wp-content\/uploads\/2022\/10\/postulaciones-escuela-sernameg-14-1_optimized.jpg\" alt='' title='postulaciones-escuela-sernameg-(14)-(1)_optimized' height=\"600\" width=\"1071\"  itemprop=\"thumbnailUrl\" srcset=\"https:\/\/radiorevelacionfm.cl\/wp-content\/uploads\/2022\/10\/postulaciones-escuela-sernameg-14-1_optimized.jpg 1071w, https:\/\/radiorevelacionfm.cl\/wp-content\/uploads\/2022\/10\/postulaciones-escuela-sernameg-14-1_optimized-300x168.jpg 300w, https:\/\/radiorevelacionfm.cl\/wp-content\/uploads\/2022\/10\/postulaciones-escuela-sernameg-14-1_optimized-1030x577.jpg 1030w, https:\/\/radiorevelacionfm.cl\/wp-content\/uploads\/2022\/10\/postulaciones-escuela-sernameg-14-1_optimized-768x430.jpg 768w, https:\/\/radiorevelacionfm.cl\/wp-content\/uploads\/2022\/10\/postulaciones-escuela-sernameg-14-1_optimized-705x395.jpg 705w, https:\/\/radiorevelacionfm.cl\/wp-content\/uploads\/2022\/10\/postulaciones-escuela-sernameg-14-1_optimized-600x336.jpg 600w\" sizes=\"(max-width: 1071px) 100vw, 1071px\" \/><\/div><\/div><\/div><\/div><div class=\"flex_column av_one_full  flex_column_div av-zero-column-padding first  avia-builder-el-2  el_after_av_one_full  el_before_av_one_full  column-top-margin\" style='border-radius:0px; '><section class=\"av_textblock_section \"  itemscope=\"itemscope\" itemtype=\"https:\/\/schema.org\/BlogPosting\" itemprop=\"blogPost\" ><div class='avia_textblock  '   itemprop=\"text\" ><p style=\"text-align: center;\"><strong><span style=\"font-size: 18pt;\">Dirigentas y autoridades invitan a postular a la Escuela Mujeres L\u00edderes Pol\u00edticas y Sociales<\/span><\/strong><\/p>\n<div id=\"gtx-trans\" style=\"position: absolute; left: -50px; top: 4.31534px;\">\n<div class=\"gtx-trans-icon\"><\/div>\n<\/div>\n<\/div><\/section><\/div><div class=\"flex_column av_one_full  flex_column_div av-zero-column-padding first  avia-builder-el-4  el_after_av_one_full  el_before_av_hr  column-top-margin\" style='border-radius:0px; '><section class=\"av_textblock_section \"  itemscope=\"itemscope\" itemtype=\"https:\/\/schema.org\/BlogPosting\" itemprop=\"blogPost\" ><div class='avia_textblock  '   itemprop=\"text\" ><p style=\"font-weight: 400; text-align: justify;\">Fortalecer habilidades para el ejercicio de liderazgos efectivos es el objetivo de la Escuela de Mujeres L\u00edderes Pol\u00edticas y Sociales, del Servicio Nacional de la Mujer y la Equidad de G\u00e9nero, SernamEG. Actualmente, se encuentra abierto el per\u00edodo de postulaci\u00f3n, hasta el domingo 23 de octubre, a este componente del programa Mujer y Participaci\u00f3n Pol\u00edtica y Social, que tiene como fin el promover la autonom\u00eda pol\u00edtica de las mujeres. Con la finalidad de informar a organizaciones de la sociedad civil, se realiz\u00f3 una presentaci\u00f3n a dirigentas pol\u00edticas y sociales.<\/p>\n<p style=\"font-weight: 400; text-align: justify;\">Junto con relevar el an\u00e1lisis de la realidad en materia de participaci\u00f3n pol\u00edtica de las mujeres, que se realiz\u00f3 durante la actividad, la Gobernadora Regional de Ays\u00e9n, Andrea Mac\u00edas Palma, precis\u00f3 que \u201ctenemos grandes desaf\u00edos, as\u00ed que, felicitar esta iniciativa e invitar a todas aquellas mujeres mayores de 18 a\u00f1os que pertenezcan a organizaciones sociales o que tengan la intenci\u00f3n de pertenecer; es decir, que est\u00e9n interesadas en ingresar al mundo pol\u00edtico y social, a postular a esta Escuela. Porque las mujeres somos necesarias e importantes en todos los espacios de toma de decisi\u00f3n. Como Regi\u00f3n est\u00e1bamos hablando de que tenemos 10 comunas y no hay ninguna alcaldesa, debemos aumentar los niveles de representaci\u00f3n en las concejal\u00edas y en consejeras regionales. En todos los espacios donde finalmente se decide la forma de ejercer la pol\u00edtica p\u00fablica para alcanzar el mayor bienestar de nuestra gente\u201d.<\/p>\n<p style=\"font-weight: 400; text-align: justify;\">Por su parte, la Directora Regional (S) de SernamEG, Carla Arriagada Malague\u00f1o, se refiri\u00f3 a la modalidad de la Escuela. \u201cLa plataforma es asincr\u00f3nica, eso quiere decir que cada mujer distribuye el tiempo que requiere de manera libre; o sea, cuando pueda ingresa y va avanzando en los distintos m\u00f3dulos que tienen una duraci\u00f3n aproximada de unas 40 horas de trabajo. Esta forma de realizar la Escuela nos permite llegar a todas las mujeres de la Regi\u00f3n, s\u00f3lo se necesita un computador o un dispositivo m\u00f3vil con internet.\u00a0 Las invitamos a ser parte de esta Escuela, las postulaciones est\u00e1n abiertas hasta el domingo 23 de octubre as\u00ed que a\u00fan queda plazo\u201d, afirm\u00f3.<\/p>\n<p style=\"font-weight: 400; text-align: justify;\">Asimismo, estuvieron presentes en la actividad, las concejalas de la comuna de Coyhaique &#8211; Ana Navarrete Arriaza, Alejandra Aguilar Gallardo y Yorka Cheuquian Gallardo-. Est\u00e1 \u00faltima, quien tambi\u00e9n es la autoridad mapuche de la Asociaci\u00f3n Ind\u00edgena Rakiduantum, sostuvo que \u201csi hoy tenemos cuatro concejalas en el gobierno comunal es porque nos hemos atrevido a dar ese paso, que es sumamente importante, y es ocupar cargos de poder que muchas de nosotras nos hemos ganado en diferentes espacios y tambi\u00e9n en la calle. Creo que es recomendable que nuestras compa\u00f1eras puedan atreverse en la pol\u00edtica y en la sociedad chilena\u201d.<\/p>\n<p style=\"font-weight: 400; text-align: justify;\">Este 2022 la Escuela, que ser\u00e1 ejecutada por la Pontificia Universidad Cat\u00f3lica de Valpara\u00edso, se desarrollar\u00e1 entre los meses de octubre y diciembre, en formato e-learning, y pueden postular mujeres mayores de 18 a\u00f1os, con ense\u00f1anza media completa, que pertenezcan a alguna organizaci\u00f3n &#8211; o que tengan inter\u00e9s en ingresar- y quieran fortalecer su habilidades y competencias en el ejercicio de su liderazgo.\u00a0Las postulaciones son a trav\u00e9s del sitio web del SernamEG (<a href=\"http:\/\/www.sernameg.gob.cl\/\" data-saferedirecturl=\"https:\/\/www.google.com\/url?q=http:\/\/www.sernameg.gob.cl&amp;source=gmail&amp;ust=1665840074019000&amp;usg=AOvVaw1Q6Ta6_go3yxf0nb8WpusJ\">www.sernameg.gob.cl<\/a>) en el link\u00a0<a href=\"https:\/\/app.sernam.cl\/form\/2022\/pmpp\/escuelas\/\" data-saferedirecturl=\"https:\/\/www.google.com\/url?q=https:\/\/app.sernam.cl\/form\/2022\/pmpp\/escuelas\/&amp;source=gmail&amp;ust=1665840074019000&amp;usg=AOvVaw3LYuH5aUVs28V7zeeGxNw7\">https:\/\/app.sernam.cl\/form\/2022\/pmpp\/escuelas\/<\/a><\/p>\n<p style=\"font-weight: 400; text-align: justify;\">Cinco son los m\u00f3dulos de la Escuela de L\u00edderes Pol\u00edticas y Sociales y corresponden a Participaci\u00f3n Pol\u00edtica y Social de las Mujeres con enfoque de g\u00e9nero; Comunicaci\u00f3n efectiva y procesos de negociaci\u00f3n en el \u00e1mbito pol\u00edtico y social; Uso y manejo de redes sociales para la promoci\u00f3n pol\u00edtica y social de Lideresas; Liderazgo y Trabajo en Equipo con enfoque de g\u00e9nero; y Desaf\u00edos de la Participaci\u00f3n Pol\u00edtica y Social de las mujeres con enfoque de g\u00e9nero.<\/p>\n<\/div><\/section><\/div><div  style='height:50px' class='hr hr-invisible   avia-builder-el-6  el_after_av_one_full  el_before_av_social_share '><span class='hr-inner ' ><span class='hr-inner-style'><\/span><\/span><\/div><\/p>\n<div  class='av-social-sharing-box  avia-builder-el-7  el_after_av_hr  el_before_av_hr  '><div class='av-share-box'><h5 class='av-share-link-description av-no-toc '>Compartir esta noticia<\/h5><ul class='av-share-box-list noLightbox'><li class='av-share-link av-social-link-facebook' ><a target=\"_blank\" aria-label=\"Compartir en Facebook\" href='https:\/\/www.facebook.com\/sharer.php?u=https:\/\/radiorevelacionfm.cl\/?p=23002&#038;t=Dirigentas%20y%20autoridades%20invitan%20a%20postular%20a%20la%20Escuela%20Mujeres%20L%C3%ADderes%20Pol%C3%ADticas%20y%20Sociales' aria-hidden='false' data-av_icon='\ue8f3' data-av_iconfont='entypo-fontello' title='' data-avia-related-tooltip='Compartir en Facebook' rel=\"noopener\"><span class='avia_hidden_link_text'>Compartir en Facebook<\/span><\/a><\/li><li class='av-share-link av-social-link-twitter' ><a target=\"_blank\" aria-label=\"Compartir en Twitter\" href='https:\/\/twitter.com\/share?text=Dirigentas%20y%20autoridades%20invitan%20a%20postular%20a%20la%20Escuela%20Mujeres%20L%C3%ADderes%20Pol%C3%ADticas%20y%20Sociales&#038;url=https:\/\/radiorevelacionfm.cl\/?p=23002' aria-hidden='false' data-av_icon='\ue8f1' data-av_iconfont='entypo-fontello' title='' data-avia-related-tooltip='Compartir en Twitter' rel=\"noopener\"><span class='avia_hidden_link_text'>Compartir en Twitter<\/span><\/a><\/li><li class='av-share-link av-social-link-whatsapp' ><a target=\"_blank\" aria-label=\"Compartir en Whatsapp\" href='https:\/\/api.whatsapp.com\/send?text=https:\/\/radiorevelacionfm.cl\/?p=23002' aria-hidden='false' data-av_icon='\uf232' data-av_iconfont='entypo-fontello' title='' data-avia-related-tooltip='Compartir en Whatsapp' rel=\"noopener\"><span class='avia_hidden_link_text'>Compartir en Whatsapp<\/span><\/a><\/li><li class='av-share-link av-social-link-linkedin' ><a target=\"_blank\" aria-label=\"Compartir en LinkedIn\" href='https:\/\/linkedin.com\/shareArticle?mini=true&#038;title=Dirigentas%20y%20autoridades%20invitan%20a%20postular%20a%20la%20Escuela%20Mujeres%20L%C3%ADderes%20Pol%C3%ADticas%20y%20Sociales&#038;url=https:\/\/radiorevelacionfm.cl\/?p=23002' aria-hidden='false' data-av_icon='\ue8fc' data-av_iconfont='entypo-fontello' title='' data-avia-related-tooltip='Compartir en LinkedIn' rel=\"noopener\"><span class='avia_hidden_link_text'>Compartir en LinkedIn<\/span><\/a><\/li><li class='av-share-link av-social-link-mail' ><a  aria-label=\"Compartir por correo\" href='mailto:?subject=Dirigentas%20y%20autoridades%20invitan%20a%20postular%20a%20la%20Escuela%20Mujeres%20L%C3%ADderes%20Pol%C3%ADticas%20y%20Sociales&#038;body=https:\/\/radiorevelacionfm.cl\/?p=23002' aria-hidden='false' data-av_icon='\ue805' data-av_iconfont='entypo-fontello' title='' data-avia-related-tooltip='Compartir por correo'><span class='avia_hidden_link_text'>Compartir por correo<\/span><\/a><\/li><\/ul><\/div><\/div>\n<div  style='height:50px' class='hr hr-invisible   avia-builder-el-8  el_after_av_social_share  el_before_av_comments_list '><span class='hr-inner ' ><span class='hr-inner-style'><\/span><\/span><\/div>\n<div  class='av-buildercomment  av-blog-meta-html-info-disabled av-blog-meta-tag-disabled  '><\/div>\n","protected":false},"excerpt":{"rendered":"","protected":false},"author":1,"featured_media":23003,"comment_status":"open","ping_status":"open","sticky":false,"template":"","format":"standard","meta":{"footnotes":""},"categories":[38],"tags":[],"class_list":["post-23002","post","type-post","status-publish","format-standard","has-post-thumbnail","hentry","category-regional"],"jetpack_featured_media_url":"https:\/\/radiorevelacionfm.cl\/wp-content\/uploads\/2022\/10\/postulaciones-escuela-sernameg-14-1_optimized.jpg","_links":{"self":[{"href":"https:\/\/radiorevelacionfm.cl\/index.php?rest_route=\/wp\/v2\/posts\/23002","targetHints":{"allow":["GET"]}}],"collection":[{"href":"https:\/\/radiorevelacionfm.cl\/index.php?rest_route=\/wp\/v2\/posts"}],"about":[{"href":"https:\/\/radiorevelacionfm.cl\/index.php?rest_route=\/wp\/v2\/types\/post"}],"author":[{"embeddable":true,"href":"https:\/\/radiorevelacionfm.cl\/index.php?rest_route=\/wp\/v2\/users\/1"}],"replies":[{"embeddable":true,"href":"https:\/\/radiorevelacionfm.cl\/index.php?rest_route=%2Fwp%2Fv2%2Fcomments&post=23002"}],"version-history":[{"count":2,"href":"https:\/\/radiorevelacionfm.cl\/index.php?rest_route=\/wp\/v2\/posts\/23002\/revisions"}],"predecessor-version":[{"id":23005,"href":"https:\/\/radiorevelacionfm.cl\/index.php?rest_route=\/wp\/v2\/posts\/23002\/revisions\/23005"}],"wp:featuredmedia":[{"embeddable":true,"href":"https:\/\/radiorevelacionfm.cl\/index.php?rest_route=\/wp\/v2\/media\/23003"}],"wp:attachment":[{"href":"https:\/\/radiorevelacionfm.cl\/index.php?rest_route=%2Fwp%2Fv2%2Fmedia&parent=23002"}],"wp:term":[{"taxonomy":"category","embeddable":true,"href":"https:\/\/radiorevelacionfm.cl\/index.php?rest_route=%2Fwp%2Fv2%2Fcategories&post=23002"},{"taxonomy":"post_tag","embeddable":true,"href":"https:\/\/radiorevelacionfm.cl\/index.php?rest_route=%2Fwp%2Fv2%2Ftags&post=23002"}],"curies":[{"name":"wp","href":"https:\/\/api.w.org\/{rel}","templated":true}]}}