{"id":2300,"date":"2021-02-02T12:14:09","date_gmt":"2021-02-02T15:14:09","guid":{"rendered":"https:\/\/radiorevelacionfm.cl\/?p=2300"},"modified":"2021-02-02T12:14:09","modified_gmt":"2021-02-02T15:14:09","slug":"programa-con-con-buena-energia-realiza-primeras-capacitaciones-del-ano-sobre-eficiencia-energetica-residencial-en-aysen","status":"publish","type":"post","link":"https:\/\/radiorevelacionfm.cl\/?p=2300","title":{"rendered":"Programa con \u201cCon Buena Energ\u00eda\u201d realiza primeras capacitaciones del a\u00f1o sobre eficiencia energ\u00e9tica residencial en Ays\u00e9n"},"content":{"rendered":"<div class=\"flex_column av_one_full  flex_column_div av-zero-column-padding first  avia-builder-el-0  el_before_av_one_full  avia-builder-el-first  \" style='border-radius:0px; '><div  class='avia-image-container  av-styling-    avia-builder-el-1  avia-builder-el-no-sibling  avia-align-center '  itemprop=\"image\" itemscope=\"itemscope\" itemtype=\"https:\/\/schema.org\/ImageObject\"  ><div class='avia-image-container-inner'><div class='avia-image-overlay-wrap'><img decoding=\"async\" class='wp-image-0 avia-img-lazy-loading-not-0 avia_image' src=\"https:\/\/radiorevelacionfm.cl\/wp-content\/uploads\/2021\/02\/5-3-1.jpg\" alt='' title=''   itemprop=\"thumbnailUrl\"  \/><\/div><\/div><\/div><\/div><div class=\"flex_column av_one_full  flex_column_div av-zero-column-padding first  avia-builder-el-2  el_after_av_one_full  el_before_av_one_full  column-top-margin\" style='border-radius:0px; '><section class=\"av_textblock_section \"  itemscope=\"itemscope\" itemtype=\"https:\/\/schema.org\/BlogPosting\" itemprop=\"blogPost\" ><div class='avia_textblock  '   itemprop=\"text\" ><p style=\"text-align: center;\"><span style=\"font-size: 18pt;\"><strong>Programa \u201cCon Buena Energ\u00eda\u201d realiza primeras capacitaciones del a\u00f1o sobre eficiencia energ\u00e9tica residencial en Ays\u00e9n<\/strong><\/span><\/p>\n<div id=\"gtx-trans\" style=\"position: absolute; left: -50px; top: 4.31534px;\">\n<div class=\"gtx-trans-icon\"><\/div>\n<\/div>\n<\/div><\/section><\/div><div class=\"flex_column av_one_full  flex_column_div av-zero-column-padding first  avia-builder-el-4  el_after_av_one_full  el_before_av_hr  column-top-margin\" style='border-radius:0px; '><section class=\"av_textblock_section \"  itemscope=\"itemscope\" itemtype=\"https:\/\/schema.org\/BlogPosting\" itemprop=\"blogPost\" ><div class='avia_textblock  '   itemprop=\"text\" ><p style=\"text-align: justify;\">La Seremi de Energ\u00eda de Ays\u00e9n, empez\u00f3 el a\u00f1o literalmente \u2018Con Buena Energ\u00eda\u2019. Este es el nombre del programa del Ministerio de Energ\u00eda (MEN) que busca robustecer una cultura energ\u00e9tica residencial y entregar consejos pr\u00e1cticos sobre el buen uso de la energ\u00eda en el hogar.<\/p>\n<p style=\"text-align: justify;\">Durante el a\u00f1o pasado, considerando la pandemia actual, se realizaron las capacitaciones de manera remota, beneficiando en total a 160 familias de la regi\u00f3n de Ays\u00e9n. Para este a\u00f1o, se contempla que este taller llegue a un total de 450 hogares, siempre aplicando las medidas de protecci\u00f3n sanitaria correspondientes. Es as\u00ed, como durante la semana pasada, se realizaron dos capacitaciones virtuales, una en la comuna de Coyhaique, y otra en Ays\u00e9n.<\/p>\n<p style=\"text-align: justify;\">\u201cLa energ\u00eda con sello social y la educaci\u00f3n energ\u00e9tica es muy importante para nuestro Ministerio, es por ello que hemos hecho un esfuerzo para adaptarnos a la crisis sanitaria y seguir capacitando a la comunidad en estos temas que son de gran utilidad en el hogar. Con estos consejos sencillos de aplicar en las casas, queremos seguir aportando para mejorar la calidad de vida de todos los habitantes de nuestra regi\u00f3n\u201d,\u00a0 indic\u00f3 el Seremi de Energ\u00eda de Ays\u00e9n, Juan Luis Amen\u00e1bar.<\/p>\n<p style=\"text-align: justify;\">Los talleres online, congregaron a m\u00e1s de 60 habitantes de la regi\u00f3n. Durante la charla, recibieron consejos de eficiencia energ\u00e9tica en el hogar como, por ejemplo, el uso de ampolletas LED, abrir el refrigerador solamente el tiempo necesario y no poner alimentos calientes en su interior, usar el termo para guardar el agua caliente sobrante del hervidor el\u00e9ctrico o de la tetera, y la utilizaci\u00f3n de \u201czapatillas\u201d o alargadores que posean interruptor de apagado para que los electrodom\u00e9sticos m\u00e1s usados sean desenchufados todos al mismo tiempo, entre otros.<\/p>\n<p style=\"text-align: justify;\">Posterior a las capacitaciones, con todas las medidas de precauci\u00f3n que exige la autoridad sanitaria por Covid 19, las participantes de la actividad ir\u00e1n recibiendo el kit de ahorro energ\u00e9tico compuesto por tres ampolletas LED luz c\u00e1lida de 9W, un alargador con interruptor, un sello para puerta o ventana, magneto informativo y una bolsa reutilizable.<\/p>\n<p style=\"text-align: justify;\">Es relevante destacar que, debido a un convenio de colaboraci\u00f3n firmado en el a\u00f1o 2020 entre el MEN y la Fundaci\u00f3n para la Promoci\u00f3n y Desarrollo de la Mujer (PRODEMU) como parte del programa \u2018Energ\u00eda M\u00e1s Mujer\u2019, el cual buscar reducir las brechas de g\u00e9nero en el sector, las capacitaciones de \u2018Con Buena Energ\u00eda\u2019 realizadas el a\u00f1o pasado y las dos que van en el 2021, han beneficiado en su totalidad a mujeres de la regi\u00f3n de Ays\u00e9n.<\/p>\n<p style=\"text-align: justify;\">\u2018Con Buena Energ\u00eda\u2019 ha tenido excelente recepci\u00f3n por parte de la comunidad, ya que mediante consejos sencillos y pr\u00e1cticos, las familias pueden ahorrar cerca de un 20% en la suma de las boletas de los servicios b\u00e1sicos del hogar, sin afectar el confort en la vivienda.<\/p>\n<\/div><\/section><\/div><div  style='height:50px' class='hr hr-invisible   avia-builder-el-6  el_after_av_one_full  el_before_av_social_share '><span class='hr-inner ' ><span class='hr-inner-style'><\/span><\/span><\/div><\/p>\n<div  class='av-social-sharing-box  avia-builder-el-7  el_after_av_hr  el_before_av_hr  '><div class='av-share-box'><h5 class='av-share-link-description av-no-toc '>Compartir esta noticia<\/h5><ul class='av-share-box-list noLightbox'><li class='av-share-link av-social-link-facebook' ><a target=\"_blank\" aria-label=\"Compartir en Facebook\" href='https:\/\/www.facebook.com\/sharer.php?u=https:\/\/radiorevelacionfm.cl\/?p=2300&#038;t=Programa%20con%20%E2%80%9CCon%20Buena%20Energ%C3%ADa%E2%80%9D%20realiza%20primeras%20capacitaciones%20del%20a%C3%B1o%20sobre%20eficiencia%20energ%C3%A9tica%20residencial%20en%20Ays%C3%A9n' aria-hidden='false' data-av_icon='\ue8f3' data-av_iconfont='entypo-fontello' title='' data-avia-related-tooltip='Compartir en Facebook' rel=\"noopener\"><span class='avia_hidden_link_text'>Compartir en Facebook<\/span><\/a><\/li><li class='av-share-link av-social-link-twitter' ><a target=\"_blank\" aria-label=\"Compartir en Twitter\" href='https:\/\/twitter.com\/share?text=Programa%20con%20%E2%80%9CCon%20Buena%20Energ%C3%ADa%E2%80%9D%20realiza%20primeras%20capacitaciones%20del%20a%C3%B1o%20sobre%20eficiencia%20energ%C3%A9tica%20residencial%20en%20Ays%C3%A9n&#038;url=https:\/\/radiorevelacionfm.cl\/?p=2300' aria-hidden='false' data-av_icon='\ue8f1' data-av_iconfont='entypo-fontello' title='' data-avia-related-tooltip='Compartir en Twitter' rel=\"noopener\"><span class='avia_hidden_link_text'>Compartir en Twitter<\/span><\/a><\/li><li class='av-share-link av-social-link-whatsapp' ><a target=\"_blank\" aria-label=\"Compartir en Whatsapp\" href='https:\/\/api.whatsapp.com\/send?text=https:\/\/radiorevelacionfm.cl\/?p=2300' aria-hidden='false' data-av_icon='\uf232' data-av_iconfont='entypo-fontello' title='' data-avia-related-tooltip='Compartir en Whatsapp' rel=\"noopener\"><span class='avia_hidden_link_text'>Compartir en Whatsapp<\/span><\/a><\/li><li class='av-share-link av-social-link-linkedin' ><a target=\"_blank\" aria-label=\"Compartir en LinkedIn\" href='https:\/\/linkedin.com\/shareArticle?mini=true&#038;title=Programa%20con%20%E2%80%9CCon%20Buena%20Energ%C3%ADa%E2%80%9D%20realiza%20primeras%20capacitaciones%20del%20a%C3%B1o%20sobre%20eficiencia%20energ%C3%A9tica%20residencial%20en%20Ays%C3%A9n&#038;url=https:\/\/radiorevelacionfm.cl\/?p=2300' aria-hidden='false' data-av_icon='\ue8fc' data-av_iconfont='entypo-fontello' title='' data-avia-related-tooltip='Compartir en LinkedIn' rel=\"noopener\"><span class='avia_hidden_link_text'>Compartir en LinkedIn<\/span><\/a><\/li><li class='av-share-link av-social-link-mail' ><a  aria-label=\"Compartir por correo\" href='mailto:?subject=Programa%20con%20%E2%80%9CCon%20Buena%20Energ%C3%ADa%E2%80%9D%20realiza%20primeras%20capacitaciones%20del%20a%C3%B1o%20sobre%20eficiencia%20energ%C3%A9tica%20residencial%20en%20Ays%C3%A9n&#038;body=https:\/\/radiorevelacionfm.cl\/?p=2300' aria-hidden='false' data-av_icon='\ue805' data-av_iconfont='entypo-fontello' title='' data-avia-related-tooltip='Compartir por correo'><span class='avia_hidden_link_text'>Compartir por correo<\/span><\/a><\/li><\/ul><\/div><\/div>\n<div  style='height:50px' class='hr hr-invisible   avia-builder-el-8  el_after_av_social_share  el_before_av_comments_list '><span class='hr-inner ' ><span class='hr-inner-style'><\/span><\/span><\/div>\n<div  class='av-buildercomment  av-blog-meta-html-info-disabled av-blog-meta-tag-disabled  '><\/div>\n","protected":false},"excerpt":{"rendered":"","protected":false},"author":1,"featured_media":0,"comment_status":"open","ping_status":"open","sticky":false,"template":"","format":"standard","meta":{"footnotes":""},"categories":[39],"tags":[],"class_list":["post-2300","post","type-post","status-publish","format-standard","hentry","category-medio-ambiente"],"jetpack_featured_media_url":"","_links":{"self":[{"href":"https:\/\/radiorevelacionfm.cl\/index.php?rest_route=\/wp\/v2\/posts\/2300","targetHints":{"allow":["GET"]}}],"collection":[{"href":"https:\/\/radiorevelacionfm.cl\/index.php?rest_route=\/wp\/v2\/posts"}],"about":[{"href":"https:\/\/radiorevelacionfm.cl\/index.php?rest_route=\/wp\/v2\/types\/post"}],"author":[{"embeddable":true,"href":"https:\/\/radiorevelacionfm.cl\/index.php?rest_route=\/wp\/v2\/users\/1"}],"replies":[{"embeddable":true,"href":"https:\/\/radiorevelacionfm.cl\/index.php?rest_route=%2Fwp%2Fv2%2Fcomments&post=2300"}],"version-history":[{"count":1,"href":"https:\/\/radiorevelacionfm.cl\/index.php?rest_route=\/wp\/v2\/posts\/2300\/revisions"}],"predecessor-version":[{"id":2302,"href":"https:\/\/radiorevelacionfm.cl\/index.php?rest_route=\/wp\/v2\/posts\/2300\/revisions\/2302"}],"wp:attachment":[{"href":"https:\/\/radiorevelacionfm.cl\/index.php?rest_route=%2Fwp%2Fv2%2Fmedia&parent=2300"}],"wp:term":[{"taxonomy":"category","embeddable":true,"href":"https:\/\/radiorevelacionfm.cl\/index.php?rest_route=%2Fwp%2Fv2%2Fcategories&post=2300"},{"taxonomy":"post_tag","embeddable":true,"href":"https:\/\/radiorevelacionfm.cl\/index.php?rest_route=%2Fwp%2Fv2%2Ftags&post=2300"}],"curies":[{"name":"wp","href":"https:\/\/api.w.org\/{rel}","templated":true}]}}