{"id":22998,"date":"2022-10-14T09:37:12","date_gmt":"2022-10-14T12:37:12","guid":{"rendered":"https:\/\/radiorevelacionfm.cl\/?p=22998"},"modified":"2022-10-14T09:37:12","modified_gmt":"2022-10-14T12:37:12","slug":"estudiantes-de-rio-ibanez-se-unen-en-torno-a-la-musica-y-el-patrimonio-historico-local","status":"publish","type":"post","link":"https:\/\/radiorevelacionfm.cl\/?p=22998","title":{"rendered":"Estudiantes de R\u00edo Ib\u00e1\u00f1ez se unen en torno a la m\u00fasica y el patrimonio hist\u00f3rico local"},"content":{"rendered":"<div class=\"flex_column av_one_full  flex_column_div av-zero-column-padding first  avia-builder-el-0  el_before_av_one_full  avia-builder-el-first  \" style='border-radius:0px; '><div  class='avia-image-container  av-styling-    avia-builder-el-1  avia-builder-el-no-sibling  avia-align-center '  itemprop=\"image\" itemscope=\"itemscope\" itemtype=\"https:\/\/schema.org\/ImageObject\"  ><div class='avia-image-container-inner'><div class='avia-image-overlay-wrap'><img decoding=\"async\" class='wp-image-22999 avia-img-lazy-loading-not-22999 avia_image' src=\"https:\/\/radiorevelacionfm.cl\/wp-content\/uploads\/2022\/10\/FOTO-ORQUESTA-2-1-1.jpeg\" alt='' title='FOTO ORQUESTA 2 (1) (1)' height=\"600\" width=\"800\"  itemprop=\"thumbnailUrl\" srcset=\"https:\/\/radiorevelacionfm.cl\/wp-content\/uploads\/2022\/10\/FOTO-ORQUESTA-2-1-1.jpeg 800w, https:\/\/radiorevelacionfm.cl\/wp-content\/uploads\/2022\/10\/FOTO-ORQUESTA-2-1-1-300x225.jpeg 300w, https:\/\/radiorevelacionfm.cl\/wp-content\/uploads\/2022\/10\/FOTO-ORQUESTA-2-1-1-768x576.jpeg 768w, https:\/\/radiorevelacionfm.cl\/wp-content\/uploads\/2022\/10\/FOTO-ORQUESTA-2-1-1-705x529.jpeg 705w, https:\/\/radiorevelacionfm.cl\/wp-content\/uploads\/2022\/10\/FOTO-ORQUESTA-2-1-1-600x450.jpeg 600w\" sizes=\"(max-width: 800px) 100vw, 800px\" \/><\/div><\/div><\/div><\/div><div class=\"flex_column av_one_full  flex_column_div av-zero-column-padding first  avia-builder-el-2  el_after_av_one_full  el_before_av_one_full  column-top-margin\" style='border-radius:0px; '><section class=\"av_textblock_section \"  itemscope=\"itemscope\" itemtype=\"https:\/\/schema.org\/BlogPosting\" itemprop=\"blogPost\" ><div class='avia_textblock  '   itemprop=\"text\" ><p style=\"font-weight: 400; text-align: center;\"><span style=\"font-size: 18pt;\"><strong>Estudiantes de R\u00edo Ib\u00e1\u00f1ez se unen en torno a la m\u00fasica y el patrimonio hist\u00f3rico local<\/strong><\/span><\/p>\n<div id=\"gtx-trans\" style=\"position: absolute; left: -50px; top: 4.31534px;\">\n<div class=\"gtx-trans-icon\"><\/div>\n<\/div>\n<\/div><\/section><\/div><div class=\"flex_column av_one_full  flex_column_div av-zero-column-padding first  avia-builder-el-4  el_after_av_one_full  el_before_av_hr  column-top-margin\" style='border-radius:0px; '><section class=\"av_textblock_section \"  itemscope=\"itemscope\" itemtype=\"https:\/\/schema.org\/BlogPosting\" itemprop=\"blogPost\" ><div class='avia_textblock  '   itemprop=\"text\" ><p style=\"font-weight: 400; text-align: justify;\">Alumnos de las localidades m\u00e1s apartadas de R\u00edo Ib\u00e1\u00f1ez podr\u00e1n participar en ensayos de orquesta y actividades de vinculaci\u00f3n con el Museo Escuela de Villa Cerro Castillo, gracias al proyecto \u201cFormaci\u00f3n Patrimonial-Art\u00edstico Musical de estudiantes de escuelas Rurales de Puerto S\u00e1nchez-Bah\u00eda Murta y Puerto R\u00edo Tranquilo\u201d, financiado a trav\u00e9s del Fondo Nacional de Desarrollo Regional (FNDR) 7%.<\/p>\n<p style=\"font-weight: 400; text-align: justify;\">Desde el centro de padres de Escuela Gabriela Mistral de Puerto R\u00edo Tranquilo, nace la iniciativa de mezclar dos importantes \u00e1mbitos educativos que buscan beneficiar a las escuelas b\u00e1sicas Carretera Austral de Bah\u00eda Murta; Mar\u00eda Antonieta Parra Monsalve de Puerto S\u00e1nchez y establecimiento impulsor, la Escuela Gabriela Mistral.<\/p>\n<p style=\"font-weight: 400; text-align: justify;\">Por un lado, el proyecto tiene como objetivo \u201cponer en valor la historia local por medio de charlas de formaci\u00f3n patrimonial sobre el Museo Escuela Antigua de Cerro Castillo y el Pared\u00f3n de las Manos, a trav\u00e9s de una charla en cada curso\u201d explica el profesor de m\u00fasica y encargado del proyecto, Andr\u00e9s Zapara. Dos lugares simb\u00f3licos de R\u00edo Ib\u00e1\u00f1ez, los cuales ser\u00e1n visitados de forma presencial por los estudiantes en compa\u00f1\u00eda de un gu\u00eda.<\/p>\n<p style=\"font-weight: 400; text-align: justify;\">Por otro lado, el proyecto \u201cbusca potenciar la m\u00fasica en las tres escuelas uniendo a sus estudiantes de viol\u00edn por medio de ensayos de orquesta de cuerdas, para luego presentar un concierto en el frontis del Museo Escuela\u201d a\u00f1ade el profesor Andr\u00e9s Zapata. Una presentaci\u00f3n que realizar\u00e1n junto a dos agrupaciones musicales, la Escuela de M\u00fasica de Coyhaique y el Cuarteto de Cuerdas de Universidad de Ays\u00e9n, quienes acompa\u00f1ar\u00e1n a los estudiantes con diversos instrumentos.<\/p>\n<p style=\"font-weight: 400; text-align: justify;\">Edith Alarc\u00f3n, apoderada de la Escuela Carretera Austral se refiri\u00f3 al respecto \u201cme encanta que mis hijas participen en todas las actividades que se realizan ac\u00e1 (\u2026) tocar viol\u00edn creo que fue una actividad nueva para la localidad, no es algo com\u00fan, pero igual se trata de descubrir talento en nuestros hijos, que aprendan cosas nuevas, que hagan presentaciones, que hagan todo lo que est\u00e1 a su alcance y as\u00ed aprenden\u201d.<\/p>\n<p style=\"font-weight: 400; text-align: justify;\">\u201cEsto busca acercar a los estudiantes a la historia de nuestras localidades a trav\u00e9s de la m\u00fasica. Una iniciativa a la cual se dar\u00e1 cierre junto a los ni\u00f1os que est\u00e1n ensayando viol\u00edn en una actividad de concierto (\u2026) junto a varios actores locales para dar realce a este entretenido proyecto, donde ha habido mucho compromiso por parte de las comunidades educativas\u201d afirma Marcelo Santana Varas, alcalde de la comuna de R\u00edo Ib\u00e1\u00f1ez.<\/p>\n<p style=\"font-weight: 400; text-align: justify;\">Los ensayos comenzaron el 29 de agosto y tendr\u00e1n como resultado final, un concierto que busca homenajear a los ex estudiantes de la Escuela Antigua de Villa Cerro Castillo, el d\u00eda jueves 24 de noviembre en el frontis del Museo Escuela Antigua donde, precisamente, ser\u00e1 invitada la comunidad local y las personas que alguna vez estudiaron en aquellas salas de clase.<\/p>\n<\/div><\/section><\/div><div  style='height:50px' class='hr hr-invisible   avia-builder-el-6  el_after_av_one_full  el_before_av_social_share '><span class='hr-inner ' ><span class='hr-inner-style'><\/span><\/span><\/div><\/p>\n<div  class='av-social-sharing-box  avia-builder-el-7  el_after_av_hr  el_before_av_hr  '><div class='av-share-box'><h5 class='av-share-link-description av-no-toc '>Compartir esta noticia<\/h5><ul class='av-share-box-list noLightbox'><li class='av-share-link av-social-link-facebook' ><a target=\"_blank\" aria-label=\"Compartir en Facebook\" href='https:\/\/www.facebook.com\/sharer.php?u=https:\/\/radiorevelacionfm.cl\/?p=22998&#038;t=Estudiantes%20de%20R%C3%ADo%20Ib%C3%A1%C3%B1ez%20se%20unen%20en%20torno%20a%20la%20m%C3%BAsica%20y%20el%20patrimonio%20hist%C3%B3rico%20local' aria-hidden='false' data-av_icon='\ue8f3' data-av_iconfont='entypo-fontello' title='' data-avia-related-tooltip='Compartir en Facebook' rel=\"noopener\"><span class='avia_hidden_link_text'>Compartir en Facebook<\/span><\/a><\/li><li class='av-share-link av-social-link-twitter' ><a target=\"_blank\" aria-label=\"Compartir en Twitter\" href='https:\/\/twitter.com\/share?text=Estudiantes%20de%20R%C3%ADo%20Ib%C3%A1%C3%B1ez%20se%20unen%20en%20torno%20a%20la%20m%C3%BAsica%20y%20el%20patrimonio%20hist%C3%B3rico%20local&#038;url=https:\/\/radiorevelacionfm.cl\/?p=22998' aria-hidden='false' data-av_icon='\ue8f1' data-av_iconfont='entypo-fontello' title='' data-avia-related-tooltip='Compartir en Twitter' rel=\"noopener\"><span class='avia_hidden_link_text'>Compartir en Twitter<\/span><\/a><\/li><li class='av-share-link av-social-link-whatsapp' ><a target=\"_blank\" aria-label=\"Compartir en Whatsapp\" href='https:\/\/api.whatsapp.com\/send?text=https:\/\/radiorevelacionfm.cl\/?p=22998' aria-hidden='false' data-av_icon='\uf232' data-av_iconfont='entypo-fontello' title='' data-avia-related-tooltip='Compartir en Whatsapp' rel=\"noopener\"><span class='avia_hidden_link_text'>Compartir en Whatsapp<\/span><\/a><\/li><li class='av-share-link av-social-link-linkedin' ><a target=\"_blank\" aria-label=\"Compartir en LinkedIn\" href='https:\/\/linkedin.com\/shareArticle?mini=true&#038;title=Estudiantes%20de%20R%C3%ADo%20Ib%C3%A1%C3%B1ez%20se%20unen%20en%20torno%20a%20la%20m%C3%BAsica%20y%20el%20patrimonio%20hist%C3%B3rico%20local&#038;url=https:\/\/radiorevelacionfm.cl\/?p=22998' aria-hidden='false' data-av_icon='\ue8fc' data-av_iconfont='entypo-fontello' title='' data-avia-related-tooltip='Compartir en LinkedIn' rel=\"noopener\"><span class='avia_hidden_link_text'>Compartir en LinkedIn<\/span><\/a><\/li><li class='av-share-link av-social-link-mail' ><a  aria-label=\"Compartir por correo\" href='mailto:?subject=Estudiantes%20de%20R%C3%ADo%20Ib%C3%A1%C3%B1ez%20se%20unen%20en%20torno%20a%20la%20m%C3%BAsica%20y%20el%20patrimonio%20hist%C3%B3rico%20local&#038;body=https:\/\/radiorevelacionfm.cl\/?p=22998' aria-hidden='false' data-av_icon='\ue805' data-av_iconfont='entypo-fontello' title='' data-avia-related-tooltip='Compartir por correo'><span class='avia_hidden_link_text'>Compartir por correo<\/span><\/a><\/li><\/ul><\/div><\/div>\n<div  style='height:50px' class='hr hr-invisible   avia-builder-el-8  el_after_av_social_share  el_before_av_comments_list '><span class='hr-inner ' ><span class='hr-inner-style'><\/span><\/span><\/div>\n<div  class='av-buildercomment  av-blog-meta-html-info-disabled av-blog-meta-tag-disabled  '><\/div>\n","protected":false},"excerpt":{"rendered":"","protected":false},"author":1,"featured_media":22999,"comment_status":"open","ping_status":"open","sticky":false,"template":"","format":"standard","meta":{"footnotes":""},"categories":[38],"tags":[],"class_list":["post-22998","post","type-post","status-publish","format-standard","has-post-thumbnail","hentry","category-regional"],"jetpack_featured_media_url":"https:\/\/radiorevelacionfm.cl\/wp-content\/uploads\/2022\/10\/FOTO-ORQUESTA-2-1-1.jpeg","_links":{"self":[{"href":"https:\/\/radiorevelacionfm.cl\/index.php?rest_route=\/wp\/v2\/posts\/22998","targetHints":{"allow":["GET"]}}],"collection":[{"href":"https:\/\/radiorevelacionfm.cl\/index.php?rest_route=\/wp\/v2\/posts"}],"about":[{"href":"https:\/\/radiorevelacionfm.cl\/index.php?rest_route=\/wp\/v2\/types\/post"}],"author":[{"embeddable":true,"href":"https:\/\/radiorevelacionfm.cl\/index.php?rest_route=\/wp\/v2\/users\/1"}],"replies":[{"embeddable":true,"href":"https:\/\/radiorevelacionfm.cl\/index.php?rest_route=%2Fwp%2Fv2%2Fcomments&post=22998"}],"version-history":[{"count":2,"href":"https:\/\/radiorevelacionfm.cl\/index.php?rest_route=\/wp\/v2\/posts\/22998\/revisions"}],"predecessor-version":[{"id":23001,"href":"https:\/\/radiorevelacionfm.cl\/index.php?rest_route=\/wp\/v2\/posts\/22998\/revisions\/23001"}],"wp:featuredmedia":[{"embeddable":true,"href":"https:\/\/radiorevelacionfm.cl\/index.php?rest_route=\/wp\/v2\/media\/22999"}],"wp:attachment":[{"href":"https:\/\/radiorevelacionfm.cl\/index.php?rest_route=%2Fwp%2Fv2%2Fmedia&parent=22998"}],"wp:term":[{"taxonomy":"category","embeddable":true,"href":"https:\/\/radiorevelacionfm.cl\/index.php?rest_route=%2Fwp%2Fv2%2Fcategories&post=22998"},{"taxonomy":"post_tag","embeddable":true,"href":"https:\/\/radiorevelacionfm.cl\/index.php?rest_route=%2Fwp%2Fv2%2Ftags&post=22998"}],"curies":[{"name":"wp","href":"https:\/\/api.w.org\/{rel}","templated":true}]}}