{"id":22990,"date":"2022-10-13T18:14:17","date_gmt":"2022-10-13T21:14:17","guid":{"rendered":"https:\/\/radiorevelacionfm.cl\/?p=22990"},"modified":"2022-10-13T18:14:17","modified_gmt":"2022-10-13T21:14:17","slug":"carabineros-de-coyhaique-refuerza-seguridad-e-insta-a-la-comunidad-a-denunciar-delitos","status":"publish","type":"post","link":"https:\/\/radiorevelacionfm.cl\/?p=22990","title":{"rendered":"Carabineros de Coyhaique refuerza seguridad e insta a la comunidad a denunciar delitos"},"content":{"rendered":"<div class=\"flex_column av_one_full  flex_column_div av-zero-column-padding first  avia-builder-el-0  el_before_av_one_full  avia-builder-el-first  \" style='border-radius:0px; '><div  class='avia-image-container  av-styling-    avia-builder-el-1  avia-builder-el-no-sibling  avia-align-center '  itemprop=\"image\" itemscope=\"itemscope\" itemtype=\"https:\/\/schema.org\/ImageObject\"  ><div class='avia-image-container-inner'><div class='avia-image-overlay-wrap'><img decoding=\"async\" class='wp-image-22992 avia-img-lazy-loading-not-22992 avia_image' src=\"https:\/\/radiorevelacionfm.cl\/wp-content\/uploads\/2022\/10\/Carabineros_112933-1_optimized.jpg\" alt='' title='Carabineros_112933-(1)_optimized' height=\"600\" width=\"800\"  itemprop=\"thumbnailUrl\" srcset=\"https:\/\/radiorevelacionfm.cl\/wp-content\/uploads\/2022\/10\/Carabineros_112933-1_optimized.jpg 800w, https:\/\/radiorevelacionfm.cl\/wp-content\/uploads\/2022\/10\/Carabineros_112933-1_optimized-300x225.jpg 300w, https:\/\/radiorevelacionfm.cl\/wp-content\/uploads\/2022\/10\/Carabineros_112933-1_optimized-768x576.jpg 768w, https:\/\/radiorevelacionfm.cl\/wp-content\/uploads\/2022\/10\/Carabineros_112933-1_optimized-705x529.jpg 705w, https:\/\/radiorevelacionfm.cl\/wp-content\/uploads\/2022\/10\/Carabineros_112933-1_optimized-600x450.jpg 600w\" sizes=\"(max-width: 800px) 100vw, 800px\" \/><\/div><\/div><\/div><\/div><div class=\"flex_column av_one_full  flex_column_div av-zero-column-padding first  avia-builder-el-2  el_after_av_one_full  el_before_av_one_full  column-top-margin\" style='border-radius:0px; '><section class=\"av_textblock_section \"  itemscope=\"itemscope\" itemtype=\"https:\/\/schema.org\/BlogPosting\" itemprop=\"blogPost\" ><div class='avia_textblock  '   itemprop=\"text\" ><p style=\"text-align: center;\"><span style=\"font-size: 18pt;\"><b>Carabineros de Coyhaique refuerza seguridad e insta a la comunidad a denunciar delitos<\/b><\/span><\/p>\n<div id=\"gtx-trans\" style=\"position: absolute; left: -50px; top: 4.31534px;\">\n<div class=\"gtx-trans-icon\"><\/div>\n<\/div>\n<\/div><\/section><\/div><div class=\"flex_column av_one_full  flex_column_div av-zero-column-padding first  avia-builder-el-4  el_after_av_one_full  el_before_av_hr  column-top-margin\" style='border-radius:0px; '><section class=\"av_textblock_section \"  itemscope=\"itemscope\" itemtype=\"https:\/\/schema.org\/BlogPosting\" itemprop=\"blogPost\" ><div class='avia_textblock  '   itemprop=\"text\" ><p class=\"v1MsoNormal\" style=\"text-align: justify;\">Un arduo trabajo es el que desarrolla Carabineros, Instituci\u00f3n que a trav\u00e9s de sus medios humanos y log\u00edsticos sumado a una planificaci\u00f3n de servicios, mantiene un despliegue 24\/7 en pos de garantizar la seguridad de todos.<\/p>\n<p class=\"v1MsoNormal\" style=\"text-align: justify;\">La 1ra. Comisar\u00eda de Coyhaique, al igual que las otras Unidades, retenes y destacamentos existentes en la regi\u00f3n, desarrollan un trabajo de manera coordinada con instituciones de la sociedad civil y la comunidad, para seguir haciendo del territorio de Ays\u00e9n una de las regiones m\u00e1s seguras del pa\u00eds.<\/p>\n<p class=\"v1MsoNormal\" style=\"text-align: justify;\">\u00abA la fecha llevamos 984 personas detenidas por diferentes delitos, dentro de los cuales\u00a0 91 casos corresponden a personas menores de 18 a\u00f1os, eso demuestra el trabajo constante que est\u00e1 efectuando Carabineros sobre todo en la comuna de Coyhaique\u00bb, expres\u00f3 el Comisario de esta ciudad, Mayor Franco Herrera Quezada.<\/p>\n<p class=\"v1MsoNormal\" style=\"text-align: justify;\">El Oficial Jefe valor\u00f3 los antecedentes que otorga la comunidad, lo cual permite establecer los d\u00edas, horarios, modus operandi que mantienen los antisociales, con la finalidad de realizar una mejor planificaci\u00f3n de los servicios, efectuar controles, fiscalizaciones y capturar a dichas personas ya sea en situaci\u00f3n de flagrancia o en virtud de \u00f3rdenes de aprehensi\u00f3n vigente.<\/p>\n<p class=\"v1MsoNormal\" style=\"text-align: justify;\">\u00abTodas estas medidas conllevan a brindar m\u00e1s seguridad a la poblaci\u00f3n. Hacemos un llamado para que las personas sigan confiando en Carabineros de Chile, sigan entregando informaci\u00f3n a trav\u00e9s de los diferentes canales, en nuestra p\u00e1gina web, el fono denuncia an\u00f3nimo que posee la Subsecretar\u00eda de Prevenci\u00f3n del Delito (600 400 0101), 133, 135 para poder ir en directo apoyo y ayuda a los intereses y la situaci\u00f3n que est\u00e1 afectando a la ciudadan\u00eda\u00bb, complement\u00f3.<\/p>\n<p class=\"v1MsoNormal\" style=\"text-align: justify;\"><b>Patrullajes<\/b><\/p>\n<p class=\"v1MsoNormal\" style=\"text-align: justify;\">Adicionalmente, Carabineros mantiene un amplio despliegue y presencia en diferentes puntos de la ciudad de Coyhaique, servicios que son apoyados en el sector central o l\u00ednea comercial de calle Prat por personal de la 5ta. Comisar\u00eda COP, sumado a patrullajes a pie, motorizados y en bicicleta.<\/p>\n<p class=\"v1MsoNormal\" style=\"text-align: justify;\">Estos \u00faltimos servicios fueron retomados tras la mejora en las condiciones clim\u00e1ticas registradas en la pasada temporada invernal, permitiendo dotar\u00a0 al personal \u2013a trav\u00e9s de este medio- de mayor agilidad y cercan\u00eda con la comunidad.<\/p>\n<p class=\"v1MsoNormal\" style=\"text-align: justify;\">\u00abCon la llegada de la primavera, las condiciones clim\u00e1ticas nos permiten desplegar estos medios que son bastante certeros y llegar de manera r\u00e1pida y eficiente donde la gente lo necesita. Hicimos una modificaci\u00f3n en nuestros horarios, en nuestros despliegues y vamos a estar presentes en la zona c\u00e9ntrica, en los horarios de salida de los establecimientos educacionales para prevenir la ocurrencia de hechos delictuales\u00bb, expres\u00f3 el Oficial.<\/p>\n<p class=\"v1MsoNormal\" style=\"text-align: justify;\"><b>Autocuidado<\/b><\/p>\n<p class=\"v1MsoNormal\" style=\"text-align: justify;\">No obstante lo anterior, la Instituci\u00f3n record\u00f3 a la comunidad adoptar y poner en pr\u00e1ctica medidas de autoprotecci\u00f3n y autocuidado, evitando incurrir en una excesiva confianza y no dejar especies de valor a la vista, cerrar correctamente los veh\u00edculos, evitar estacionarlos dejando el motor en marcha o las llaves en la chapa de contacto. Por las noches estacione en lugares iluminados, no deje la documentaci\u00f3n al interior del m\u00f3vil, utilice cortacorriente o traba volante.<\/p>\n<p class=\"v1MsoNormal\" style=\"text-align: justify;\">En sus desplazamientos evite usar joyas o portar altas sumas de dinero, no publique sus salidas o ausencia del hogar a trav\u00e9s de redes sociales.<\/p>\n<p class=\"v1MsoNormal\" style=\"text-align: justify;\">El Mayor Herrera inst\u00f3 a la comunidad a denunciar los delitos, permitiendo su georreferenciaci\u00f3n, distribuci\u00f3n de los servicios e iniciar las diligencias con la finalidad de recabar los antecedentes y colocarlos a disposici\u00f3n de la Fiscal\u00eda.<\/p>\n<\/div><\/section><\/div><div  style='height:50px' class='hr hr-invisible   avia-builder-el-6  el_after_av_one_full  el_before_av_social_share '><span class='hr-inner ' ><span class='hr-inner-style'><\/span><\/span><\/div><\/p>\n<div  class='av-social-sharing-box  avia-builder-el-7  el_after_av_hr  el_before_av_hr  '><div class='av-share-box'><h5 class='av-share-link-description av-no-toc '>Compartir esta noticia<\/h5><ul class='av-share-box-list noLightbox'><li class='av-share-link av-social-link-facebook' ><a target=\"_blank\" aria-label=\"Compartir en Facebook\" href='https:\/\/www.facebook.com\/sharer.php?u=https:\/\/radiorevelacionfm.cl\/?p=22990&#038;t=Carabineros%20de%20Coyhaique%20refuerza%20seguridad%20e%20insta%20a%20la%20comunidad%20a%20denunciar%20delitos' aria-hidden='false' data-av_icon='\ue8f3' data-av_iconfont='entypo-fontello' title='' data-avia-related-tooltip='Compartir en Facebook' rel=\"noopener\"><span class='avia_hidden_link_text'>Compartir en Facebook<\/span><\/a><\/li><li class='av-share-link av-social-link-twitter' ><a target=\"_blank\" aria-label=\"Compartir en Twitter\" href='https:\/\/twitter.com\/share?text=Carabineros%20de%20Coyhaique%20refuerza%20seguridad%20e%20insta%20a%20la%20comunidad%20a%20denunciar%20delitos&#038;url=https:\/\/radiorevelacionfm.cl\/?p=22990' aria-hidden='false' data-av_icon='\ue8f1' data-av_iconfont='entypo-fontello' title='' data-avia-related-tooltip='Compartir en Twitter' rel=\"noopener\"><span class='avia_hidden_link_text'>Compartir en Twitter<\/span><\/a><\/li><li class='av-share-link av-social-link-whatsapp' ><a target=\"_blank\" aria-label=\"Compartir en Whatsapp\" href='https:\/\/api.whatsapp.com\/send?text=https:\/\/radiorevelacionfm.cl\/?p=22990' aria-hidden='false' data-av_icon='\uf232' data-av_iconfont='entypo-fontello' title='' data-avia-related-tooltip='Compartir en Whatsapp' rel=\"noopener\"><span class='avia_hidden_link_text'>Compartir en Whatsapp<\/span><\/a><\/li><li class='av-share-link av-social-link-linkedin' ><a target=\"_blank\" aria-label=\"Compartir en LinkedIn\" href='https:\/\/linkedin.com\/shareArticle?mini=true&#038;title=Carabineros%20de%20Coyhaique%20refuerza%20seguridad%20e%20insta%20a%20la%20comunidad%20a%20denunciar%20delitos&#038;url=https:\/\/radiorevelacionfm.cl\/?p=22990' aria-hidden='false' data-av_icon='\ue8fc' data-av_iconfont='entypo-fontello' title='' data-avia-related-tooltip='Compartir en LinkedIn' rel=\"noopener\"><span class='avia_hidden_link_text'>Compartir en LinkedIn<\/span><\/a><\/li><li class='av-share-link av-social-link-mail' ><a  aria-label=\"Compartir por correo\" href='mailto:?subject=Carabineros%20de%20Coyhaique%20refuerza%20seguridad%20e%20insta%20a%20la%20comunidad%20a%20denunciar%20delitos&#038;body=https:\/\/radiorevelacionfm.cl\/?p=22990' aria-hidden='false' data-av_icon='\ue805' data-av_iconfont='entypo-fontello' title='' data-avia-related-tooltip='Compartir por correo'><span class='avia_hidden_link_text'>Compartir por correo<\/span><\/a><\/li><\/ul><\/div><\/div>\n<div  style='height:50px' class='hr hr-invisible   avia-builder-el-8  el_after_av_social_share  el_before_av_comments_list '><span class='hr-inner ' ><span class='hr-inner-style'><\/span><\/span><\/div>\n<div  class='av-buildercomment  av-blog-meta-html-info-disabled av-blog-meta-tag-disabled  '><\/div>\n","protected":false},"excerpt":{"rendered":"","protected":false},"author":1,"featured_media":22992,"comment_status":"open","ping_status":"open","sticky":false,"template":"","format":"standard","meta":{"footnotes":""},"categories":[36],"tags":[],"class_list":["post-22990","post","type-post","status-publish","format-standard","has-post-thumbnail","hentry","category-policial"],"jetpack_featured_media_url":"https:\/\/radiorevelacionfm.cl\/wp-content\/uploads\/2022\/10\/Carabineros_112933-1_optimized.jpg","_links":{"self":[{"href":"https:\/\/radiorevelacionfm.cl\/index.php?rest_route=\/wp\/v2\/posts\/22990","targetHints":{"allow":["GET"]}}],"collection":[{"href":"https:\/\/radiorevelacionfm.cl\/index.php?rest_route=\/wp\/v2\/posts"}],"about":[{"href":"https:\/\/radiorevelacionfm.cl\/index.php?rest_route=\/wp\/v2\/types\/post"}],"author":[{"embeddable":true,"href":"https:\/\/radiorevelacionfm.cl\/index.php?rest_route=\/wp\/v2\/users\/1"}],"replies":[{"embeddable":true,"href":"https:\/\/radiorevelacionfm.cl\/index.php?rest_route=%2Fwp%2Fv2%2Fcomments&post=22990"}],"version-history":[{"count":2,"href":"https:\/\/radiorevelacionfm.cl\/index.php?rest_route=\/wp\/v2\/posts\/22990\/revisions"}],"predecessor-version":[{"id":22994,"href":"https:\/\/radiorevelacionfm.cl\/index.php?rest_route=\/wp\/v2\/posts\/22990\/revisions\/22994"}],"wp:featuredmedia":[{"embeddable":true,"href":"https:\/\/radiorevelacionfm.cl\/index.php?rest_route=\/wp\/v2\/media\/22992"}],"wp:attachment":[{"href":"https:\/\/radiorevelacionfm.cl\/index.php?rest_route=%2Fwp%2Fv2%2Fmedia&parent=22990"}],"wp:term":[{"taxonomy":"category","embeddable":true,"href":"https:\/\/radiorevelacionfm.cl\/index.php?rest_route=%2Fwp%2Fv2%2Fcategories&post=22990"},{"taxonomy":"post_tag","embeddable":true,"href":"https:\/\/radiorevelacionfm.cl\/index.php?rest_route=%2Fwp%2Fv2%2Ftags&post=22990"}],"curies":[{"name":"wp","href":"https:\/\/api.w.org\/{rel}","templated":true}]}}