{"id":22986,"date":"2022-10-13T16:09:05","date_gmt":"2022-10-13T19:09:05","guid":{"rendered":"https:\/\/radiorevelacionfm.cl\/?p=22986"},"modified":"2022-10-13T16:09:05","modified_gmt":"2022-10-13T19:09:05","slug":"junta-de-vecinos-esteros-de-aysen-se-adjudicaron-2-iniciativas-fndr-para-apoyar-a-sus-vecinos-as","status":"publish","type":"post","link":"https:\/\/radiorevelacionfm.cl\/?p=22986","title":{"rendered":"Junta de Vecinos Esteros de Ays\u00e9n se adjudicaron 2 iniciativas FNDR para apoyar a sus vecinos\/as"},"content":{"rendered":"<div class=\"flex_column av_one_full  flex_column_div av-zero-column-padding first  avia-builder-el-0  el_before_av_one_full  avia-builder-el-first  \" style='border-radius:0px; '><div  class='avia-image-container  av-styling-    avia-builder-el-1  avia-builder-el-no-sibling  avia-align-center '  itemprop=\"image\" itemscope=\"itemscope\" itemtype=\"https:\/\/schema.org\/ImageObject\"  ><div class='avia-image-container-inner'><div class='avia-image-overlay-wrap'><img decoding=\"async\" class='wp-image-22987 avia-img-lazy-loading-not-22987 avia_image' src=\"https:\/\/radiorevelacionfm.cl\/wp-content\/uploads\/2022\/10\/segunda-etapa-accion-local-esteros-de-aysen-fndr-1_optimized.jpg\" alt='' title='segunda-etapa-acci\u00f3n-local-esteros-de-ays\u00e9n-fndr-(1)_optimized' height=\"600\" width=\"1067\"  itemprop=\"thumbnailUrl\" srcset=\"https:\/\/radiorevelacionfm.cl\/wp-content\/uploads\/2022\/10\/segunda-etapa-accion-local-esteros-de-aysen-fndr-1_optimized.jpg 1067w, https:\/\/radiorevelacionfm.cl\/wp-content\/uploads\/2022\/10\/segunda-etapa-accion-local-esteros-de-aysen-fndr-1_optimized-300x169.jpg 300w, https:\/\/radiorevelacionfm.cl\/wp-content\/uploads\/2022\/10\/segunda-etapa-accion-local-esteros-de-aysen-fndr-1_optimized-1030x579.jpg 1030w, https:\/\/radiorevelacionfm.cl\/wp-content\/uploads\/2022\/10\/segunda-etapa-accion-local-esteros-de-aysen-fndr-1_optimized-768x432.jpg 768w, https:\/\/radiorevelacionfm.cl\/wp-content\/uploads\/2022\/10\/segunda-etapa-accion-local-esteros-de-aysen-fndr-1_optimized-705x396.jpg 705w, https:\/\/radiorevelacionfm.cl\/wp-content\/uploads\/2022\/10\/segunda-etapa-accion-local-esteros-de-aysen-fndr-1_optimized-600x337.jpg 600w\" sizes=\"(max-width: 1067px) 100vw, 1067px\" \/><\/div><\/div><\/div><\/div><div class=\"flex_column av_one_full  flex_column_div av-zero-column-padding first  avia-builder-el-2  el_after_av_one_full  el_before_av_one_full  column-top-margin\" style='border-radius:0px; '><section class=\"av_textblock_section \"  itemscope=\"itemscope\" itemtype=\"https:\/\/schema.org\/BlogPosting\" itemprop=\"blogPost\" ><div class='avia_textblock  '   itemprop=\"text\" ><p style=\"text-align: center;\"><strong><span style=\"font-size: 18pt;\">Junta de Vecinos Esteros de Ays\u00e9n se adjudicaron 2 iniciativas FNDR para apoyar a sus vecinos\/as <\/span><\/strong><\/p>\n<div id=\"gtx-trans\" style=\"position: absolute; left: -50px; top: 4.31534px;\">\n<div class=\"gtx-trans-icon\"><\/div>\n<\/div>\n<\/div><\/section><\/div><div class=\"flex_column av_one_full  flex_column_div av-zero-column-padding first  avia-builder-el-4  el_after_av_one_full  el_before_av_hr  column-top-margin\" style='border-radius:0px; '><section class=\"av_textblock_section \"  itemscope=\"itemscope\" itemtype=\"https:\/\/schema.org\/BlogPosting\" itemprop=\"blogPost\" ><div class='avia_textblock  '   itemprop=\"text\" ><p style=\"text-align: justify;\">Hasta la Sede de la JJ.VV de la poblaci\u00f3n Esteros de Ays\u00e9n, lleg\u00f3 la Directora Regional del Fondo de Solidaridad e Inversi\u00f3n Social, FOSIS, Fernanda Leiva, para acompa\u00f1ar a vecinos y vecinas de esta poblaci\u00f3n de Coyhaique, quienes en el contexto de la segunda etapa del programa Acci\u00f3n Local y con el apoyo de la Coordinaci\u00f3n Intersectorial Publico Privada del FOSIS, postularon y se adjudicaron los proyectos \u201cRecuperado sonrisas\u201d y \u201cFomentando la autoreparaci\u00f3n\u201d.<\/p>\n<p style=\"text-align: justify;\">Las iniciativas que ser\u00e1n financiadas gracias al 7% del Fondo Nacional de Desarrollo Regional (FNDR), con recursos aprobados por el Gobierno Regional de Ays\u00e9n y su Consejo, consisten en un operativo odontol\u00f3gico para 10 personas y un curso de gasfiter\u00eda e instalaci\u00f3n el\u00e9ctrica para 15 personas.<\/p>\n<p style=\"text-align: justify;\">La Directora Regional del FOSIS en Ays\u00e9n, Fernanda Leiva, destac\u00f3 que \u201cel programa Acci\u00f3n busca que las comunidades trabajen asociativa y colaborativamente para fortalecer la participaci\u00f3n de los vecinos y vecinas y que se organicen para dar respuesta a las necesidades que ellos mismo priorizan. FOSIS contin\u00faa con el apoyo en la formulaci\u00f3n de estos dos proyectos que se postularon al Gobierno Regional de Ays\u00e9n, siendo finalmente adjudicadas ambas iniciativas. Estamos muy contentos de la participaci\u00f3n que se ve en esta JJ.VV. y de los beneficiarios\/as que van a poder acceder a estos 2 proyectos que se ganaron.\u201d<\/p>\n<p style=\"text-align: justify;\">Patricia Barrientos, Presidenta de la Poblaci\u00f3n Esteros de Ays\u00e9n, valor\u00f3 positivamente la adjudicaci\u00f3n de estos recursos que permitir\u00e1n ir en apoyo de sus vecinos y vecinas. \u201cContenta por mis vecinos que van a recibir este beneficio, esta ayuda que les va a permitir realizar alg\u00fan trabajo despu\u00e9s o tener una vida m\u00e1s plena. Darles las gracias a las autoridades y al Gobierno Regional por habernos adjudicado este proyecto. Agradecida de todo el apoyo que hemos tenido de parte del FOSIS.\u201d<\/p>\n<p style=\"text-align: justify;\">La vecina del sector y tambi\u00e9n miembro de la Directiva de la JJ.VV. de la poblaci\u00f3n, Bertila Canum\u00e1n, asegur\u00f3 estar \u201cagradecida de nuestra presidenta y la directiva, ya que ellos tramitaron e hicieron este proyecto y contenta porque fueron adjudicados. Muy contenta por los vecinos que vamos a hacer el curso y quienes van a ser atendidos por el operativo dental. Pedirles a nuestros vecinos que sean responsables y vayamos cuando nos pidan las horas al dentista y asistamos al curso, que seamos responsables porque cuesta conseguir estos proyectos y no debemos perder esta instancia.\u201d<\/p>\n<p style=\"text-align: justify;\">El programa Acci\u00f3n Local permiti\u00f3 financiar, gracias a recursos del FOSIS, la recuperaci\u00f3n de un \u00e1rea verde y su habilitaci\u00f3n como plazoleta, junto con una iniciativa de emergencia que permiti\u00f3 entregar canastas con alimentos a vecinos y vecinas que lo necesitaban en el contexto de pandemia.<\/p>\n<p style=\"text-align: justify;\"><strong><u>\u00a0<\/u><\/strong><\/p>\n<p style=\"text-align: justify;\"><strong><u>\u00a0<\/u><\/strong><\/p>\n<\/div><\/section><\/div><div  style='height:50px' class='hr hr-invisible   avia-builder-el-6  el_after_av_one_full  el_before_av_social_share '><span class='hr-inner ' ><span class='hr-inner-style'><\/span><\/span><\/div><\/p>\n<div  class='av-social-sharing-box  avia-builder-el-7  el_after_av_hr  el_before_av_hr  '><div class='av-share-box'><h5 class='av-share-link-description av-no-toc '>Compartir esta noticia<\/h5><ul class='av-share-box-list noLightbox'><li class='av-share-link av-social-link-facebook' ><a target=\"_blank\" aria-label=\"Compartir en Facebook\" href='https:\/\/www.facebook.com\/sharer.php?u=https:\/\/radiorevelacionfm.cl\/?p=22986&#038;t=Junta%20de%20Vecinos%20Esteros%20de%20Ays%C3%A9n%20se%20adjudicaron%202%20iniciativas%20FNDR%20para%20apoyar%20a%20sus%20vecinos%2Fas' aria-hidden='false' data-av_icon='\ue8f3' data-av_iconfont='entypo-fontello' title='' data-avia-related-tooltip='Compartir en Facebook' rel=\"noopener\"><span class='avia_hidden_link_text'>Compartir en Facebook<\/span><\/a><\/li><li class='av-share-link av-social-link-twitter' ><a target=\"_blank\" aria-label=\"Compartir en Twitter\" href='https:\/\/twitter.com\/share?text=Junta%20de%20Vecinos%20Esteros%20de%20Ays%C3%A9n%20se%20adjudicaron%202%20iniciativas%20FNDR%20para%20apoyar%20a%20sus%20vecinos%2Fas&#038;url=https:\/\/radiorevelacionfm.cl\/?p=22986' aria-hidden='false' data-av_icon='\ue8f1' data-av_iconfont='entypo-fontello' title='' data-avia-related-tooltip='Compartir en Twitter' rel=\"noopener\"><span class='avia_hidden_link_text'>Compartir en Twitter<\/span><\/a><\/li><li class='av-share-link av-social-link-whatsapp' ><a target=\"_blank\" aria-label=\"Compartir en Whatsapp\" href='https:\/\/api.whatsapp.com\/send?text=https:\/\/radiorevelacionfm.cl\/?p=22986' aria-hidden='false' data-av_icon='\uf232' data-av_iconfont='entypo-fontello' title='' data-avia-related-tooltip='Compartir en Whatsapp' rel=\"noopener\"><span class='avia_hidden_link_text'>Compartir en Whatsapp<\/span><\/a><\/li><li class='av-share-link av-social-link-linkedin' ><a target=\"_blank\" aria-label=\"Compartir en LinkedIn\" href='https:\/\/linkedin.com\/shareArticle?mini=true&#038;title=Junta%20de%20Vecinos%20Esteros%20de%20Ays%C3%A9n%20se%20adjudicaron%202%20iniciativas%20FNDR%20para%20apoyar%20a%20sus%20vecinos%2Fas&#038;url=https:\/\/radiorevelacionfm.cl\/?p=22986' aria-hidden='false' data-av_icon='\ue8fc' data-av_iconfont='entypo-fontello' title='' data-avia-related-tooltip='Compartir en LinkedIn' rel=\"noopener\"><span class='avia_hidden_link_text'>Compartir en LinkedIn<\/span><\/a><\/li><li class='av-share-link av-social-link-mail' ><a  aria-label=\"Compartir por correo\" href='mailto:?subject=Junta%20de%20Vecinos%20Esteros%20de%20Ays%C3%A9n%20se%20adjudicaron%202%20iniciativas%20FNDR%20para%20apoyar%20a%20sus%20vecinos%2Fas&#038;body=https:\/\/radiorevelacionfm.cl\/?p=22986' aria-hidden='false' data-av_icon='\ue805' data-av_iconfont='entypo-fontello' title='' data-avia-related-tooltip='Compartir por correo'><span class='avia_hidden_link_text'>Compartir por correo<\/span><\/a><\/li><\/ul><\/div><\/div>\n<div  style='height:50px' class='hr hr-invisible   avia-builder-el-8  el_after_av_social_share  el_before_av_comments_list '><span class='hr-inner ' ><span class='hr-inner-style'><\/span><\/span><\/div>\n<div  class='av-buildercomment  av-blog-meta-html-info-disabled av-blog-meta-tag-disabled  '><\/div>\n","protected":false},"excerpt":{"rendered":"","protected":false},"author":1,"featured_media":22987,"comment_status":"open","ping_status":"open","sticky":false,"template":"","format":"standard","meta":{"footnotes":""},"categories":[38],"tags":[],"class_list":["post-22986","post","type-post","status-publish","format-standard","has-post-thumbnail","hentry","category-regional"],"jetpack_featured_media_url":"https:\/\/radiorevelacionfm.cl\/wp-content\/uploads\/2022\/10\/segunda-etapa-accion-local-esteros-de-aysen-fndr-1_optimized.jpg","_links":{"self":[{"href":"https:\/\/radiorevelacionfm.cl\/index.php?rest_route=\/wp\/v2\/posts\/22986","targetHints":{"allow":["GET"]}}],"collection":[{"href":"https:\/\/radiorevelacionfm.cl\/index.php?rest_route=\/wp\/v2\/posts"}],"about":[{"href":"https:\/\/radiorevelacionfm.cl\/index.php?rest_route=\/wp\/v2\/types\/post"}],"author":[{"embeddable":true,"href":"https:\/\/radiorevelacionfm.cl\/index.php?rest_route=\/wp\/v2\/users\/1"}],"replies":[{"embeddable":true,"href":"https:\/\/radiorevelacionfm.cl\/index.php?rest_route=%2Fwp%2Fv2%2Fcomments&post=22986"}],"version-history":[{"count":2,"href":"https:\/\/radiorevelacionfm.cl\/index.php?rest_route=\/wp\/v2\/posts\/22986\/revisions"}],"predecessor-version":[{"id":22989,"href":"https:\/\/radiorevelacionfm.cl\/index.php?rest_route=\/wp\/v2\/posts\/22986\/revisions\/22989"}],"wp:featuredmedia":[{"embeddable":true,"href":"https:\/\/radiorevelacionfm.cl\/index.php?rest_route=\/wp\/v2\/media\/22987"}],"wp:attachment":[{"href":"https:\/\/radiorevelacionfm.cl\/index.php?rest_route=%2Fwp%2Fv2%2Fmedia&parent=22986"}],"wp:term":[{"taxonomy":"category","embeddable":true,"href":"https:\/\/radiorevelacionfm.cl\/index.php?rest_route=%2Fwp%2Fv2%2Fcategories&post=22986"},{"taxonomy":"post_tag","embeddable":true,"href":"https:\/\/radiorevelacionfm.cl\/index.php?rest_route=%2Fwp%2Fv2%2Ftags&post=22986"}],"curies":[{"name":"wp","href":"https:\/\/api.w.org\/{rel}","templated":true}]}}