{"id":22982,"date":"2022-10-13T18:41:05","date_gmt":"2022-10-13T21:41:05","guid":{"rendered":"https:\/\/radiorevelacionfm.cl\/?p=22982"},"modified":"2022-10-13T18:41:05","modified_gmt":"2022-10-13T21:41:05","slug":"crean-la-comision-de-reactivacion-economica-del-consejo-regional","status":"publish","type":"post","link":"https:\/\/radiorevelacionfm.cl\/?p=22982","title":{"rendered":"Crean la Comisi\u00f3n de Reactivaci\u00f3n Econ\u00f3mica del Consejo Regional"},"content":{"rendered":"<div class=\"flex_column av_one_full  flex_column_div av-zero-column-padding first  avia-builder-el-0  el_before_av_one_full  avia-builder-el-first  \" style='border-radius:0px; '><div  class='avia-image-container  av-styling-    avia-builder-el-1  avia-builder-el-no-sibling  avia-align-center '  itemprop=\"image\" itemscope=\"itemscope\" itemtype=\"https:\/\/schema.org\/ImageObject\"  ><div class='avia-image-container-inner'><div class='avia-image-overlay-wrap'><img decoding=\"async\" class='wp-image-22995 avia-img-lazy-loading-not-22995 avia_image' src=\"https:\/\/radiorevelacionfm.cl\/wp-content\/uploads\/2022\/10\/309872186_209444224760261_6629895671132431740_n-1-1.jpg\" alt='' title='309872186_209444224760261_6629895671132431740_n (1) (1)' height=\"600\" width=\"940\"  itemprop=\"thumbnailUrl\" srcset=\"https:\/\/radiorevelacionfm.cl\/wp-content\/uploads\/2022\/10\/309872186_209444224760261_6629895671132431740_n-1-1.jpg 940w, https:\/\/radiorevelacionfm.cl\/wp-content\/uploads\/2022\/10\/309872186_209444224760261_6629895671132431740_n-1-1-300x191.jpg 300w, https:\/\/radiorevelacionfm.cl\/wp-content\/uploads\/2022\/10\/309872186_209444224760261_6629895671132431740_n-1-1-768x490.jpg 768w, https:\/\/radiorevelacionfm.cl\/wp-content\/uploads\/2022\/10\/309872186_209444224760261_6629895671132431740_n-1-1-705x450.jpg 705w, https:\/\/radiorevelacionfm.cl\/wp-content\/uploads\/2022\/10\/309872186_209444224760261_6629895671132431740_n-1-1-600x383.jpg 600w\" sizes=\"(max-width: 940px) 100vw, 940px\" \/><\/div><\/div><\/div><\/div><div class=\"flex_column av_one_full  flex_column_div av-zero-column-padding first  avia-builder-el-2  el_after_av_one_full  el_before_av_one_full  column-top-margin\" style='border-radius:0px; '><section class=\"av_textblock_section \"  itemscope=\"itemscope\" itemtype=\"https:\/\/schema.org\/BlogPosting\" itemprop=\"blogPost\" ><div class='avia_textblock  '   itemprop=\"text\" ><p style=\"text-align: center;\"><strong><span style=\"font-size: 18pt;\">Crean la Comisi\u00f3n de Reactivaci\u00f3n Econ\u00f3mica del Consejo Regional<\/span><\/strong><\/p>\n<div id=\"gtx-trans\" style=\"position: absolute; left: -50px; top: 4.31534px;\">\n<div class=\"gtx-trans-icon\"><\/div>\n<\/div>\n<\/div><\/section><\/div><\/p>\n<div class=\"flex_column av_one_full  flex_column_div av-zero-column-padding first  avia-builder-el-4  el_after_av_one_full  el_before_av_hr  column-top-margin\" style='border-radius:0px; '><section class=\"av_textblock_section \"  itemscope=\"itemscope\" itemtype=\"https:\/\/schema.org\/BlogPosting\" itemprop=\"blogPost\" ><div class='avia_textblock  '   itemprop=\"text\" ><p dir=\"ltr\" style=\"text-align: justify;\">La nueva instancia la preside el Consejero Regional, Ra\u00fal Rudolphi, en la vicepresidencia est\u00e1 la Consejera Paulina Hern\u00e1ndez, e integrada por sus pares Lilian Inostroza, Sergio Gonz\u00e1lez, y Omar Mu\u00f1oz.<\/p>\n<p dir=\"ltr\" style=\"text-align: justify;\">De acuerdo a la informaci\u00f3n entregada por el presidente de la Comisi\u00f3n de Reactivaci\u00f3n Econ\u00f3mica, Ra\u00fal Rudolphi, tendr\u00e1n por objetivo contactar a \u00aborganizaciones de fomento de la regi\u00f3n, c\u00e1maras, las multigremiales, las c\u00e1maras de turismo de toda la regi\u00f3n y en ese trabajo que nos hemos dado, juntar informaci\u00f3n para presentar\u00bb.<\/p>\n<p dir=\"ltr\" style=\"text-align: justify;\">Los resultados los dar\u00e1n a conocer a la Gobernadora Regional, Andrea Mac\u00edas Palma, las que tengan relaci\u00f3n con el gobierno central, al Delegado Presidencial Regional, Rodrigo Araya, las y\/o los parlamentarios correspondientes.<\/p>\n<p dir=\"ltr\" style=\"text-align: justify;\">\u00abLa idea es involucrar a todo el sector privado en este trabajo y tambi\u00e9n tomamos la decisi\u00f3n de involucrar a los trabajadores. Creo que eso tambi\u00e9n es muy importante, c\u00f3mo miramos hacia adelante la Regi\u00f3n de Ays\u00e9n de manera conjunta, el sector p\u00fablico, el Consejo Regional, el sector privado, y tambi\u00e9n los trabajadores\u00bb, dijo el Consejero Regional, Ra\u00fal Rudolphi.<\/p>\n<p dir=\"ltr\" style=\"text-align: justify;\">Respecto a los \u00faltimos contactar\u00e1n a la Central Unitaria de Trabajadores (CUT) y sindicatos que no pertenezcan a ella con el fin de recabar contenido de utilidad para la Comisi\u00f3n de Reactivaci\u00f3n Econ\u00f3mica.<\/p>\n<p dir=\"ltr\" style=\"text-align: justify;\">\u00abLos temas que al d\u00eda de hoy m\u00e1s nos apuran, es la discusi\u00f3n presupuestaria que se est\u00e1 dando en el Congreso y que se define el 30 de noviembre de este a\u00f1o y, por de pronto, en lo propio del Gobierno Regional la definici\u00f3n del presupuesto del pr\u00f3ximo a\u00f1o que se da tradicionalmente, una vez publicada la Ley de Presupuesto la segunda quincena del mes de diciembre, as\u00ed que, tenemos un trabajo intenso, en fechas claras, y la invitaci\u00f3n que prontamente vamos a tomar contacto con las organizaciones para poder reunirnos y recabar estos antecedentes y trabajar de manera conjunta, p\u00fablicos y privados\u00bb, mencion\u00f3 el representante del cuerpo colegiado.<\/p>\n<\/div><\/section><\/div>\n<div  style='height:50px' class='hr hr-invisible   avia-builder-el-6  el_after_av_one_full  el_before_av_social_share '><span class='hr-inner ' ><span class='hr-inner-style'><\/span><\/span><\/div>\n<div  class='av-social-sharing-box  avia-builder-el-7  el_after_av_hr  el_before_av_hr  '><div class='av-share-box'><h5 class='av-share-link-description av-no-toc '>Compartir esta noticia<\/h5><ul class='av-share-box-list noLightbox'><li class='av-share-link av-social-link-facebook' ><a target=\"_blank\" aria-label=\"Compartir en Facebook\" href='https:\/\/www.facebook.com\/sharer.php?u=https:\/\/radiorevelacionfm.cl\/?p=22982&#038;t=Crean%20la%20Comisi%C3%B3n%20de%20Reactivaci%C3%B3n%20Econ%C3%B3mica%20del%20Consejo%20Regional' aria-hidden='false' data-av_icon='\ue8f3' data-av_iconfont='entypo-fontello' title='' data-avia-related-tooltip='Compartir en Facebook' rel=\"noopener\"><span class='avia_hidden_link_text'>Compartir en Facebook<\/span><\/a><\/li><li class='av-share-link av-social-link-twitter' ><a target=\"_blank\" aria-label=\"Compartir en Twitter\" href='https:\/\/twitter.com\/share?text=Crean%20la%20Comisi%C3%B3n%20de%20Reactivaci%C3%B3n%20Econ%C3%B3mica%20del%20Consejo%20Regional&#038;url=https:\/\/radiorevelacionfm.cl\/?p=22982' aria-hidden='false' data-av_icon='\ue8f1' data-av_iconfont='entypo-fontello' title='' data-avia-related-tooltip='Compartir en Twitter' rel=\"noopener\"><span class='avia_hidden_link_text'>Compartir en Twitter<\/span><\/a><\/li><li class='av-share-link av-social-link-whatsapp' ><a target=\"_blank\" aria-label=\"Compartir en Whatsapp\" href='https:\/\/api.whatsapp.com\/send?text=https:\/\/radiorevelacionfm.cl\/?p=22982' aria-hidden='false' data-av_icon='\uf232' data-av_iconfont='entypo-fontello' title='' data-avia-related-tooltip='Compartir en Whatsapp' rel=\"noopener\"><span class='avia_hidden_link_text'>Compartir en Whatsapp<\/span><\/a><\/li><li class='av-share-link av-social-link-linkedin' ><a target=\"_blank\" aria-label=\"Compartir en LinkedIn\" href='https:\/\/linkedin.com\/shareArticle?mini=true&#038;title=Crean%20la%20Comisi%C3%B3n%20de%20Reactivaci%C3%B3n%20Econ%C3%B3mica%20del%20Consejo%20Regional&#038;url=https:\/\/radiorevelacionfm.cl\/?p=22982' aria-hidden='false' data-av_icon='\ue8fc' data-av_iconfont='entypo-fontello' title='' data-avia-related-tooltip='Compartir en LinkedIn' rel=\"noopener\"><span class='avia_hidden_link_text'>Compartir en LinkedIn<\/span><\/a><\/li><li class='av-share-link av-social-link-mail' ><a  aria-label=\"Compartir por correo\" href='mailto:?subject=Crean%20la%20Comisi%C3%B3n%20de%20Reactivaci%C3%B3n%20Econ%C3%B3mica%20del%20Consejo%20Regional&#038;body=https:\/\/radiorevelacionfm.cl\/?p=22982' aria-hidden='false' data-av_icon='\ue805' data-av_iconfont='entypo-fontello' title='' data-avia-related-tooltip='Compartir por correo'><span class='avia_hidden_link_text'>Compartir por correo<\/span><\/a><\/li><\/ul><\/div><\/div>\n<div  style='height:50px' class='hr hr-invisible   avia-builder-el-8  el_after_av_social_share  el_before_av_comments_list '><span class='hr-inner ' ><span class='hr-inner-style'><\/span><\/span><\/div>\n<div  class='av-buildercomment  av-blog-meta-html-info-disabled av-blog-meta-tag-disabled  '><\/div>\n","protected":false},"excerpt":{"rendered":"","protected":false},"author":1,"featured_media":22995,"comment_status":"open","ping_status":"open","sticky":false,"template":"","format":"standard","meta":{"footnotes":""},"categories":[38],"tags":[],"class_list":["post-22982","post","type-post","status-publish","format-standard","has-post-thumbnail","hentry","category-regional"],"jetpack_featured_media_url":"https:\/\/radiorevelacionfm.cl\/wp-content\/uploads\/2022\/10\/309872186_209444224760261_6629895671132431740_n-1-1.jpg","_links":{"self":[{"href":"https:\/\/radiorevelacionfm.cl\/index.php?rest_route=\/wp\/v2\/posts\/22982","targetHints":{"allow":["GET"]}}],"collection":[{"href":"https:\/\/radiorevelacionfm.cl\/index.php?rest_route=\/wp\/v2\/posts"}],"about":[{"href":"https:\/\/radiorevelacionfm.cl\/index.php?rest_route=\/wp\/v2\/types\/post"}],"author":[{"embeddable":true,"href":"https:\/\/radiorevelacionfm.cl\/index.php?rest_route=\/wp\/v2\/users\/1"}],"replies":[{"embeddable":true,"href":"https:\/\/radiorevelacionfm.cl\/index.php?rest_route=%2Fwp%2Fv2%2Fcomments&post=22982"}],"version-history":[{"count":3,"href":"https:\/\/radiorevelacionfm.cl\/index.php?rest_route=\/wp\/v2\/posts\/22982\/revisions"}],"predecessor-version":[{"id":22997,"href":"https:\/\/radiorevelacionfm.cl\/index.php?rest_route=\/wp\/v2\/posts\/22982\/revisions\/22997"}],"wp:featuredmedia":[{"embeddable":true,"href":"https:\/\/radiorevelacionfm.cl\/index.php?rest_route=\/wp\/v2\/media\/22995"}],"wp:attachment":[{"href":"https:\/\/radiorevelacionfm.cl\/index.php?rest_route=%2Fwp%2Fv2%2Fmedia&parent=22982"}],"wp:term":[{"taxonomy":"category","embeddable":true,"href":"https:\/\/radiorevelacionfm.cl\/index.php?rest_route=%2Fwp%2Fv2%2Fcategories&post=22982"},{"taxonomy":"post_tag","embeddable":true,"href":"https:\/\/radiorevelacionfm.cl\/index.php?rest_route=%2Fwp%2Fv2%2Ftags&post=22982"}],"curies":[{"name":"wp","href":"https:\/\/api.w.org\/{rel}","templated":true}]}}