{"id":22977,"date":"2022-10-13T15:21:18","date_gmt":"2022-10-13T18:21:18","guid":{"rendered":"https:\/\/radiorevelacionfm.cl\/?p=22977"},"modified":"2022-10-13T15:22:56","modified_gmt":"2022-10-13T18:22:56","slug":"directoras-de-jardines-infantiles-de-integra-se-reunen-en-jornada-territorial","status":"publish","type":"post","link":"https:\/\/radiorevelacionfm.cl\/?p=22977","title":{"rendered":"Directoras de Jardines Infantiles de Integra se re\u00fanen en jornada territorial"},"content":{"rendered":"<div class=\"flex_column av_one_full  flex_column_div av-zero-column-padding first  avia-builder-el-0  el_before_av_one_full  avia-builder-el-first  \" style='border-radius:0px; '><div  class='avia-image-container  av-styling-    avia-builder-el-1  avia-builder-el-no-sibling  avia-align-center '  itemprop=\"image\" itemscope=\"itemscope\" itemtype=\"https:\/\/schema.org\/ImageObject\"  ><div class='avia-image-container-inner'><div class='avia-image-overlay-wrap'><img decoding=\"async\" class='wp-image-22978 avia-img-lazy-loading-not-22978 avia_image' src=\"https:\/\/radiorevelacionfm.cl\/wp-content\/uploads\/2022\/10\/img_9271-min-1_optimized-1.jpg\" alt='' title='img_9271-min-(1)_optimized (1)' height=\"600\" width=\"902\"  itemprop=\"thumbnailUrl\" srcset=\"https:\/\/radiorevelacionfm.cl\/wp-content\/uploads\/2022\/10\/img_9271-min-1_optimized-1.jpg 902w, https:\/\/radiorevelacionfm.cl\/wp-content\/uploads\/2022\/10\/img_9271-min-1_optimized-1-300x200.jpg 300w, https:\/\/radiorevelacionfm.cl\/wp-content\/uploads\/2022\/10\/img_9271-min-1_optimized-1-768x511.jpg 768w, https:\/\/radiorevelacionfm.cl\/wp-content\/uploads\/2022\/10\/img_9271-min-1_optimized-1-705x469.jpg 705w, https:\/\/radiorevelacionfm.cl\/wp-content\/uploads\/2022\/10\/img_9271-min-1_optimized-1-600x399.jpg 600w\" sizes=\"(max-width: 902px) 100vw, 902px\" \/><\/div><\/div><\/div><\/div><div class=\"flex_column av_one_full  flex_column_div av-zero-column-padding first  avia-builder-el-2  el_after_av_one_full  el_before_av_one_full  column-top-margin\" style='border-radius:0px; '><section class=\"av_textblock_section \"  itemscope=\"itemscope\" itemtype=\"https:\/\/schema.org\/BlogPosting\" itemprop=\"blogPost\" ><div class='avia_textblock  '   itemprop=\"text\" ><p style=\"text-align: center;\"><strong><span style=\"font-size: 18pt;\">Directoras de Jardines Infantiles de Integra se re\u00fanen en jornada territorial<\/span><\/strong><\/p>\n<div id=\"gtx-trans\" style=\"position: absolute; left: -50px; top: 4.31534px;\">\n<div class=\"gtx-trans-icon\"><\/div>\n<\/div>\n<\/div><\/section><\/div><div class=\"flex_column av_one_full  flex_column_div av-zero-column-padding first  avia-builder-el-4  el_after_av_one_full  el_before_av_hr  column-top-margin\" style='border-radius:0px; '><section class=\"av_textblock_section \"  itemscope=\"itemscope\" itemtype=\"https:\/\/schema.org\/BlogPosting\" itemprop=\"blogPost\" ><div class='avia_textblock  '   itemprop=\"text\" ><p style=\"font-weight: 400; text-align: justify;\">El segundo encuentro regional de directoras de \u00a0Jardines Infantiles y Salas Cuna de Fundaci\u00f3n Integra en la regi\u00f3n de Ays\u00e9n se vivi\u00f3 en Coyhaique, la que tuvo por objetivo poder fortalecer y potenciar la gesti\u00f3n de los establecimientos que ellas encabezan, esto desde una perspectiva con enfoque de derecho.<\/p>\n<p style=\"font-weight: 400; text-align: justify;\">La Directora Regional de Fundaci\u00f3n Integra, Leticia Araya Norambuena, tras el t\u00e9rmino de este encuentro destac\u00f3 la importancia de estos espacios recalcando que es importante \u201cfortalecer el rol de la directora del jard\u00edn infantil y creo que esta actividad apunta a validarlas, reconocerlas, escucharlas y que tengan el tiempo y el espacio para mostrar el trabajo que ellas hacen. El jard\u00edn infantil es un espacio de compartir, de aprender y qu\u00e9 mejor que ellas para contarnos lo que pasa en esos espacios\u201d.<\/p>\n<p style=\"font-weight: 400; text-align: justify;\">Durante los cuatro d\u00edas de encuentro se abordaron temas tales como la construcci\u00f3n de comunidades educativas inclusivas, relevar el rol protag\u00f3nico de los ni\u00f1os y ni\u00f1as, potenciar la capacidad de directoras, los nuevos desaf\u00edos de Fundaci\u00f3n Integra, fueron parte de los temas abordados durante estos cuatro d\u00edas de trabajo, con el objetivo de enriquecer el trabajo que desarrollan en sus respectivos jardines infantiles.<\/p>\n<p style=\"font-weight: 400; text-align: justify;\">Marcela Noches, directora (s) del Jard\u00edn Infantil y Sala Cuna \u201cNueva Esperanza\u201d destac\u00f3 que \u201chan sido unos d\u00edas de mucho aprendizaje y de remirar nuestras pr\u00e1cticas pedag\u00f3gicas y, por supuesto, nos vamos con muchos desaf\u00edos para generar y establecer estrategias en cada uno de nuestros establecimientos\u201d.<\/p>\n<p style=\"font-weight: 400; text-align: justify;\">Por su parte, Priscila Gutierrez, directora del Jard\u00edn Infantil y Sala Cuna \u201cBambi\u201d refuerza que \u201cla invitaci\u00f3n a las familias es a que conozcan nuestra oferta pedag\u00f3gica, la que es integral e inclusiva. Nuestros jardines infantiles est\u00e1n adecuados y con todas las condiciones necesarias para que nuestros ni\u00f1os y ni\u00f1as est\u00e9n c\u00f3modos, aprendan, jueguen y sean felices en nuestros jardines infantiles\u201d.<\/p>\n<p style=\"font-weight: 400; text-align: justify;\">Leticia Araya Norambuena, enfatiza del rol que cumple la Educaci\u00f3n Parvularia en los aprendizajes y el desarrollo de los ni\u00f1os y ni\u00f1as que forman parte de estos espacios reforzando que \u201cnosotros como Fundaci\u00f3n Integra, las directoras de los jardines infantiles y sus equipos despliegan todas sus habilidades, cari\u00f1o y conocimiento para que estos espacios sean de aprendizaje y en bienestar\u201d.<\/p>\n<p style=\"font-weight: 400; text-align: justify;\">Finalmente, cabe recordar que Fundaci\u00f3n Integra pertenece a la Red de Fundaciones de la Presidencia de la Rep\u00fablica. Con 32 a\u00f1os de experiencia, es la red m\u00e1s grande de salas cuna y jardines infantiles del pa\u00eds con m\u00e1s de 1.200 establecimientos gratuitos, a los que asisten m\u00e1s de 85 mil ni\u00f1os y ni\u00f1as en todo Chile.<\/p>\n<\/div><\/section><\/div><div  style='height:50px' class='hr hr-invisible   avia-builder-el-6  el_after_av_one_full  el_before_av_social_share '><span class='hr-inner ' ><span class='hr-inner-style'><\/span><\/span><\/div><\/p>\n<div  class='av-social-sharing-box  avia-builder-el-7  el_after_av_hr  el_before_av_hr  '><div class='av-share-box'><h5 class='av-share-link-description av-no-toc '>Compartir esta noticia<\/h5><ul class='av-share-box-list noLightbox'><li class='av-share-link av-social-link-facebook' ><a target=\"_blank\" aria-label=\"Compartir en Facebook\" href='https:\/\/www.facebook.com\/sharer.php?u=https:\/\/radiorevelacionfm.cl\/?p=22977&#038;t=Directoras%20de%20Jardines%20Infantiles%20de%20Integra%20se%20re%C3%BAnen%20en%20jornada%20territorial' aria-hidden='false' data-av_icon='\ue8f3' data-av_iconfont='entypo-fontello' title='' data-avia-related-tooltip='Compartir en Facebook' rel=\"noopener\"><span class='avia_hidden_link_text'>Compartir en Facebook<\/span><\/a><\/li><li class='av-share-link av-social-link-twitter' ><a target=\"_blank\" aria-label=\"Compartir en Twitter\" href='https:\/\/twitter.com\/share?text=Directoras%20de%20Jardines%20Infantiles%20de%20Integra%20se%20re%C3%BAnen%20en%20jornada%20territorial&#038;url=https:\/\/radiorevelacionfm.cl\/?p=22977' aria-hidden='false' data-av_icon='\ue8f1' data-av_iconfont='entypo-fontello' title='' data-avia-related-tooltip='Compartir en Twitter' rel=\"noopener\"><span class='avia_hidden_link_text'>Compartir en Twitter<\/span><\/a><\/li><li class='av-share-link av-social-link-whatsapp' ><a target=\"_blank\" aria-label=\"Compartir en Whatsapp\" href='https:\/\/api.whatsapp.com\/send?text=https:\/\/radiorevelacionfm.cl\/?p=22977' aria-hidden='false' data-av_icon='\uf232' data-av_iconfont='entypo-fontello' title='' data-avia-related-tooltip='Compartir en Whatsapp' rel=\"noopener\"><span class='avia_hidden_link_text'>Compartir en Whatsapp<\/span><\/a><\/li><li class='av-share-link av-social-link-linkedin' ><a target=\"_blank\" aria-label=\"Compartir en LinkedIn\" href='https:\/\/linkedin.com\/shareArticle?mini=true&#038;title=Directoras%20de%20Jardines%20Infantiles%20de%20Integra%20se%20re%C3%BAnen%20en%20jornada%20territorial&#038;url=https:\/\/radiorevelacionfm.cl\/?p=22977' aria-hidden='false' data-av_icon='\ue8fc' data-av_iconfont='entypo-fontello' title='' data-avia-related-tooltip='Compartir en LinkedIn' rel=\"noopener\"><span class='avia_hidden_link_text'>Compartir en LinkedIn<\/span><\/a><\/li><li class='av-share-link av-social-link-mail' ><a  aria-label=\"Compartir por correo\" href='mailto:?subject=Directoras%20de%20Jardines%20Infantiles%20de%20Integra%20se%20re%C3%BAnen%20en%20jornada%20territorial&#038;body=https:\/\/radiorevelacionfm.cl\/?p=22977' aria-hidden='false' data-av_icon='\ue805' data-av_iconfont='entypo-fontello' title='' data-avia-related-tooltip='Compartir por correo'><span class='avia_hidden_link_text'>Compartir por correo<\/span><\/a><\/li><\/ul><\/div><\/div>\n<div  style='height:50px' class='hr hr-invisible   avia-builder-el-8  el_after_av_social_share  el_before_av_comments_list '><span class='hr-inner ' ><span class='hr-inner-style'><\/span><\/span><\/div>\n<div  class='av-buildercomment  av-blog-meta-html-info-disabled av-blog-meta-tag-disabled  '><\/div>\n","protected":false},"excerpt":{"rendered":"","protected":false},"author":1,"featured_media":22978,"comment_status":"open","ping_status":"open","sticky":false,"template":"","format":"standard","meta":{"footnotes":""},"categories":[49],"tags":[],"class_list":["post-22977","post","type-post","status-publish","format-standard","has-post-thumbnail","hentry","category-educacion"],"jetpack_featured_media_url":"https:\/\/radiorevelacionfm.cl\/wp-content\/uploads\/2022\/10\/img_9271-min-1_optimized-1.jpg","_links":{"self":[{"href":"https:\/\/radiorevelacionfm.cl\/index.php?rest_route=\/wp\/v2\/posts\/22977","targetHints":{"allow":["GET"]}}],"collection":[{"href":"https:\/\/radiorevelacionfm.cl\/index.php?rest_route=\/wp\/v2\/posts"}],"about":[{"href":"https:\/\/radiorevelacionfm.cl\/index.php?rest_route=\/wp\/v2\/types\/post"}],"author":[{"embeddable":true,"href":"https:\/\/radiorevelacionfm.cl\/index.php?rest_route=\/wp\/v2\/users\/1"}],"replies":[{"embeddable":true,"href":"https:\/\/radiorevelacionfm.cl\/index.php?rest_route=%2Fwp%2Fv2%2Fcomments&post=22977"}],"version-history":[{"count":3,"href":"https:\/\/radiorevelacionfm.cl\/index.php?rest_route=\/wp\/v2\/posts\/22977\/revisions"}],"predecessor-version":[{"id":22980,"href":"https:\/\/radiorevelacionfm.cl\/index.php?rest_route=\/wp\/v2\/posts\/22977\/revisions\/22980"}],"wp:featuredmedia":[{"embeddable":true,"href":"https:\/\/radiorevelacionfm.cl\/index.php?rest_route=\/wp\/v2\/media\/22978"}],"wp:attachment":[{"href":"https:\/\/radiorevelacionfm.cl\/index.php?rest_route=%2Fwp%2Fv2%2Fmedia&parent=22977"}],"wp:term":[{"taxonomy":"category","embeddable":true,"href":"https:\/\/radiorevelacionfm.cl\/index.php?rest_route=%2Fwp%2Fv2%2Fcategories&post=22977"},{"taxonomy":"post_tag","embeddable":true,"href":"https:\/\/radiorevelacionfm.cl\/index.php?rest_route=%2Fwp%2Fv2%2Ftags&post=22977"}],"curies":[{"name":"wp","href":"https:\/\/api.w.org\/{rel}","templated":true}]}}