{"id":22961,"date":"2022-10-13T09:47:37","date_gmt":"2022-10-13T12:47:37","guid":{"rendered":"https:\/\/radiorevelacionfm.cl\/?p=22961"},"modified":"2022-10-13T09:47:37","modified_gmt":"2022-10-13T12:47:37","slug":"presentan-programa-fortalece-y-reactiva-para-micro-y-pequenas-empresas","status":"publish","type":"post","link":"https:\/\/radiorevelacionfm.cl\/?p=22961","title":{"rendered":"Presentan Programa \u00abFortalece y Reactiva para Micro y Peque\u00f1as Empresas\u00bb"},"content":{"rendered":"<div class=\"flex_column av_one_full  flex_column_div av-zero-column-padding first  avia-builder-el-0  el_before_av_one_full  avia-builder-el-first  \" style='border-radius:0px; '><div  class='avia-image-container  av-styling-    avia-builder-el-1  avia-builder-el-no-sibling  avia-align-center '  itemprop=\"image\" itemscope=\"itemscope\" itemtype=\"https:\/\/schema.org\/ImageObject\"  ><div class='avia-image-container-inner'><div class='avia-image-overlay-wrap'><img decoding=\"async\" class='wp-image-22962 avia-img-lazy-loading-not-22962 avia_image' src=\"https:\/\/radiorevelacionfm.cl\/wp-content\/uploads\/2022\/10\/Fortalece-y-Reactiva-2022-10-11-at-7.26.14-PM-1-1-1.jpeg\" alt='' title='Fortalece y Reactiva 2022-10-11 at 7.26.14 PM (1) (1) (1)' height=\"600\" width=\"900\"  itemprop=\"thumbnailUrl\" srcset=\"https:\/\/radiorevelacionfm.cl\/wp-content\/uploads\/2022\/10\/Fortalece-y-Reactiva-2022-10-11-at-7.26.14-PM-1-1-1.jpeg 900w, https:\/\/radiorevelacionfm.cl\/wp-content\/uploads\/2022\/10\/Fortalece-y-Reactiva-2022-10-11-at-7.26.14-PM-1-1-1-300x200.jpeg 300w, https:\/\/radiorevelacionfm.cl\/wp-content\/uploads\/2022\/10\/Fortalece-y-Reactiva-2022-10-11-at-7.26.14-PM-1-1-1-768x512.jpeg 768w, https:\/\/radiorevelacionfm.cl\/wp-content\/uploads\/2022\/10\/Fortalece-y-Reactiva-2022-10-11-at-7.26.14-PM-1-1-1-705x470.jpeg 705w, https:\/\/radiorevelacionfm.cl\/wp-content\/uploads\/2022\/10\/Fortalece-y-Reactiva-2022-10-11-at-7.26.14-PM-1-1-1-600x400.jpeg 600w\" sizes=\"(max-width: 900px) 100vw, 900px\" \/><\/div><\/div><\/div><\/div><div class=\"flex_column av_one_full  flex_column_div av-zero-column-padding first  avia-builder-el-2  el_after_av_one_full  el_before_av_one_full  column-top-margin\" style='border-radius:0px; '><section class=\"av_textblock_section \"  itemscope=\"itemscope\" itemtype=\"https:\/\/schema.org\/BlogPosting\" itemprop=\"blogPost\" ><div class='avia_textblock  '   itemprop=\"text\" ><p style=\"text-align: center;\"><strong><span style=\"font-size: 18pt;\">Presentan Programa \u00abFortalece y Reactiva para Micro y Peque\u00f1as Empresas\u00bb<\/span><\/strong><\/p>\n<div id=\"gtx-trans\" style=\"position: absolute; left: -50px; top: 4.31534px;\">\n<div class=\"gtx-trans-icon\"><\/div>\n<\/div>\n<\/div><\/section><\/div><div class=\"flex_column av_one_full  flex_column_div av-zero-column-padding first  avia-builder-el-4  el_after_av_one_full  el_before_av_hr  column-top-margin\" style='border-radius:0px; '><section class=\"av_textblock_section \"  itemscope=\"itemscope\" itemtype=\"https:\/\/schema.org\/BlogPosting\" itemprop=\"blogPost\" ><div class='avia_textblock  '   itemprop=\"text\" ><p dir=\"ltr\" style=\"text-align: justify;\">La Gobernadora Regional, Andrea Mac\u00edas Palma, present\u00f3 \u00abFortalece y Reactiva: Programa para Micro y Peque\u00f1as Empresas\u00bb, iniciativa que tiene una inversi\u00f3n de cuatro mil millones de pesos y cuyo objetivo es apoyar a las personas de m\u00e1s de mil empresas, entre peque\u00f1os y medianos emprendedores, de las cuatro provincias; Coyhaique, Ays\u00e9n, Capit\u00e1n Prat y General Carrera.<\/p>\n<p dir=\"ltr\" style=\"text-align: justify;\">\u00abEntendemos que la inversi\u00f3n p\u00fablica debe reducir distintas brechas, una de ellas es la de g\u00e9nero, otra de ruralidad, por lo tanto, este es un programa que adem\u00e1s focaliza a aquellas micro y peque\u00f1as empresas que sean de jefatura femenina\u00bb, inform\u00f3 la Gobernadora Regional, Andrea Mac\u00edas Palma.<\/p>\n<p dir=\"ltr\" style=\"text-align: justify;\">En primera instancia, realizar\u00e1n dos l\u00edneas de trabajo con la finalidad de abarcar las distintas necesidades de los y las emprendedoras de la Regi\u00f3n de Ays\u00e9n. Un foco ser\u00e1 \u00abFortalece Mipe-Ays\u00e9n\u00bb, aportar\u00e1 a los negocios de menor escala mediante la incorporaci\u00f3n de financiamiento para materia prima, mercader\u00eda y arriendos, entre otros. Junto con ello, se dar\u00e1 un subsidio extra a las empresas lideradas por mujeres, personas pertenecientes a alg\u00fan pueblo originario y aquellos que tienen negocios de car\u00e1cter rural.<\/p>\n<p dir=\"ltr\" style=\"text-align: justify;\">El programa tiene una alianza con la Fundaci\u00f3n de Desarrollo Educacional y Tecnol\u00f3gico la Araucan\u00eda de la Universidad de la Frontera (FUDEA), la que efectuar\u00e1 una asesor\u00eda del plan de negocio para cada micro y peque\u00f1a empresa. As\u00ed lo explic\u00f3 su director ejecutivo, Ismel Toloza, quien dijo que van a estar \u00abpor todo el territorio. Nuestro compromiso es tener presencia f\u00edsica en cada una de las provincias. Hemos estado trabajando con las personas que van a ser los responsables de liderar cada uno de estos procesos en cada uno de los territorios y, adem\u00e1s, vamos a acompa\u00f1ar los procesos de postulaci\u00f3n, tambi\u00e9n, a los distintos programas\u00bb.<\/p>\n<p dir=\"ltr\" style=\"text-align: justify;\">El segundo foco es: \u00abCooperativas Ays\u00e9n\u00bb, una l\u00ednea de trabajo que busca apoyar a las empresas asociadas en cooperativas o que tienen ese prop\u00f3sito.<\/p>\n<p dir=\"ltr\" style=\"text-align: justify;\">Durante la actividad, la Gobernadora Andrea Mac\u00edas Palma moder\u00f3 un panel de conversaci\u00f3n, que cont\u00f3 con la participaci\u00f3n de la fundadora y propietaria del emprendimiento Patagonia Bees, Roc\u00edo Ortega, y\u00a0 del rector de la Universidad de Magallanes y el Doctor en Econom\u00eda, Jos\u00e9 Maripani. Ambos relataron su experiencia en el desarrollo de los modelos de negocios.<\/p>\n<p dir=\"ltr\" style=\"text-align: justify;\">\u00abEl camino para que las comunidades se desarrollen est\u00e1 en fortalecimiento de capital humano y, sin lugar a duda, los emprendedores son aquellas personas que visualizan lo que est\u00e1 ocurriendo y, claramente, hay que avanzar en capacitaciones y m\u00e1s procesos de innovaci\u00f3n. Bajo esa perspectiva. Yo creo que la regi\u00f3n est\u00e1 en un camino que promete, porque hay que avanzar en el crecimiento\u00bb, dijo el rector de la Universidad de Magallanes, Jos\u00e9 Maripani.<\/p>\n<p dir=\"ltr\" style=\"text-align: justify;\">Roc\u00edo Ortega fund\u00f3 Patagonia Bees en la localidad de La Junta. A pesar de la pandemia logr\u00f3 mantener el negocio, pero asegur\u00f3 que no fue algo f\u00e1cil. \u00abLo considero una tremenda oportunidad para poder repuntar los emprendimientos regionales. Muchos comenzamos en pandemia y fue bastante complejo poder mantenernos durante ese tiempo. Ahora que estamos saliendo de lo que signific\u00f3 esa crisis sanitaria, el poder contar con un apoyo directo desde el Gobierno Regional para nuestros emprendimientos, la verdad que es una tremenda oportunidad que debemos aprovechar\u00bb.<\/p>\n<p dir=\"ltr\" style=\"text-align: justify;\">En el evento que se realiz\u00f3 en la casa central del Gobierno Regional, particip\u00f3 el Delegado Presidencial Regional, Rodrigo Araya y los secretarios Ministeriales: Econom\u00eda, Rosa Machacan, y Agricultura, Alan Espinoza, las Consejeras Regionales, Paulina Hern\u00e1ndez, Lilian Inostroza, Marisol Mart\u00ednez, Paola Rodr\u00edguez,\u00a0 Mar\u00eda Loreta Villegas, y los Consejeros Regionales, Jorge Abello, Marco Gillibrand, Sergio Gonz\u00e1lez, Felipe Klein, Omar Mu\u00f1oz y Ra\u00fal Rudolphi, el director de la Corporaci\u00f3n de Fomento de la Producci\u00f3n de la Regi\u00f3n de Ays\u00e9n (CORFO), Humberto Mar\u00edn, desde el sector acad\u00e9mico estuvo presente el rector de la Universidad de Magallanes, Jos\u00e9 Maripani e Ismael Toloza, el director ejecutivo de Fundaci\u00f3n de Desarrollo Educacional y Tecnol\u00f3gico la Araucan\u00eda de la Universidad de la Frontera (Fudea UFRO). Como representante del sector econ\u00f3mico, se hizo presente el presidente del Instituto de Desarrollo Empresarial y del Emprendimiento en Ays\u00e9n, H\u00e9ctor Canales.<\/p>\n<\/div><\/section><\/div><div  style='height:50px' class='hr hr-invisible   avia-builder-el-6  el_after_av_one_full  el_before_av_social_share '><span class='hr-inner ' ><span class='hr-inner-style'><\/span><\/span><\/div><\/p>\n<div  class='av-social-sharing-box  avia-builder-el-7  el_after_av_hr  el_before_av_hr  '><div class='av-share-box'><h5 class='av-share-link-description av-no-toc '>Compartir esta noticia<\/h5><ul class='av-share-box-list noLightbox'><li class='av-share-link av-social-link-facebook' ><a target=\"_blank\" aria-label=\"Compartir en Facebook\" href='https:\/\/www.facebook.com\/sharer.php?u=https:\/\/radiorevelacionfm.cl\/?p=22961&#038;t=Presentan%20Programa%20%C2%ABFortalece%20y%20Reactiva%20para%20Micro%20y%20Peque%C3%B1as%20Empresas%C2%BB' aria-hidden='false' data-av_icon='\ue8f3' data-av_iconfont='entypo-fontello' title='' data-avia-related-tooltip='Compartir en Facebook' rel=\"noopener\"><span class='avia_hidden_link_text'>Compartir en Facebook<\/span><\/a><\/li><li class='av-share-link av-social-link-twitter' ><a target=\"_blank\" aria-label=\"Compartir en Twitter\" href='https:\/\/twitter.com\/share?text=Presentan%20Programa%20%C2%ABFortalece%20y%20Reactiva%20para%20Micro%20y%20Peque%C3%B1as%20Empresas%C2%BB&#038;url=https:\/\/radiorevelacionfm.cl\/?p=22961' aria-hidden='false' data-av_icon='\ue8f1' data-av_iconfont='entypo-fontello' title='' data-avia-related-tooltip='Compartir en Twitter' rel=\"noopener\"><span class='avia_hidden_link_text'>Compartir en Twitter<\/span><\/a><\/li><li class='av-share-link av-social-link-whatsapp' ><a target=\"_blank\" aria-label=\"Compartir en Whatsapp\" href='https:\/\/api.whatsapp.com\/send?text=https:\/\/radiorevelacionfm.cl\/?p=22961' aria-hidden='false' data-av_icon='\uf232' data-av_iconfont='entypo-fontello' title='' data-avia-related-tooltip='Compartir en Whatsapp' rel=\"noopener\"><span class='avia_hidden_link_text'>Compartir en Whatsapp<\/span><\/a><\/li><li class='av-share-link av-social-link-linkedin' ><a target=\"_blank\" aria-label=\"Compartir en LinkedIn\" href='https:\/\/linkedin.com\/shareArticle?mini=true&#038;title=Presentan%20Programa%20%C2%ABFortalece%20y%20Reactiva%20para%20Micro%20y%20Peque%C3%B1as%20Empresas%C2%BB&#038;url=https:\/\/radiorevelacionfm.cl\/?p=22961' aria-hidden='false' data-av_icon='\ue8fc' data-av_iconfont='entypo-fontello' title='' data-avia-related-tooltip='Compartir en LinkedIn' rel=\"noopener\"><span class='avia_hidden_link_text'>Compartir en LinkedIn<\/span><\/a><\/li><li class='av-share-link av-social-link-mail' ><a  aria-label=\"Compartir por correo\" href='mailto:?subject=Presentan%20Programa%20%C2%ABFortalece%20y%20Reactiva%20para%20Micro%20y%20Peque%C3%B1as%20Empresas%C2%BB&#038;body=https:\/\/radiorevelacionfm.cl\/?p=22961' aria-hidden='false' data-av_icon='\ue805' data-av_iconfont='entypo-fontello' title='' data-avia-related-tooltip='Compartir por correo'><span class='avia_hidden_link_text'>Compartir por correo<\/span><\/a><\/li><\/ul><\/div><\/div>\n<div  style='height:50px' class='hr hr-invisible   avia-builder-el-8  el_after_av_social_share  el_before_av_comments_list '><span class='hr-inner ' ><span class='hr-inner-style'><\/span><\/span><\/div>\n<div  class='av-buildercomment  av-blog-meta-html-info-disabled av-blog-meta-tag-disabled  '><\/div>\n","protected":false},"excerpt":{"rendered":"","protected":false},"author":1,"featured_media":22962,"comment_status":"open","ping_status":"open","sticky":false,"template":"","format":"standard","meta":{"footnotes":""},"categories":[38],"tags":[],"class_list":["post-22961","post","type-post","status-publish","format-standard","has-post-thumbnail","hentry","category-regional"],"jetpack_featured_media_url":"https:\/\/radiorevelacionfm.cl\/wp-content\/uploads\/2022\/10\/Fortalece-y-Reactiva-2022-10-11-at-7.26.14-PM-1-1-1.jpeg","_links":{"self":[{"href":"https:\/\/radiorevelacionfm.cl\/index.php?rest_route=\/wp\/v2\/posts\/22961","targetHints":{"allow":["GET"]}}],"collection":[{"href":"https:\/\/radiorevelacionfm.cl\/index.php?rest_route=\/wp\/v2\/posts"}],"about":[{"href":"https:\/\/radiorevelacionfm.cl\/index.php?rest_route=\/wp\/v2\/types\/post"}],"author":[{"embeddable":true,"href":"https:\/\/radiorevelacionfm.cl\/index.php?rest_route=\/wp\/v2\/users\/1"}],"replies":[{"embeddable":true,"href":"https:\/\/radiorevelacionfm.cl\/index.php?rest_route=%2Fwp%2Fv2%2Fcomments&post=22961"}],"version-history":[{"count":2,"href":"https:\/\/radiorevelacionfm.cl\/index.php?rest_route=\/wp\/v2\/posts\/22961\/revisions"}],"predecessor-version":[{"id":22967,"href":"https:\/\/radiorevelacionfm.cl\/index.php?rest_route=\/wp\/v2\/posts\/22961\/revisions\/22967"}],"wp:featuredmedia":[{"embeddable":true,"href":"https:\/\/radiorevelacionfm.cl\/index.php?rest_route=\/wp\/v2\/media\/22962"}],"wp:attachment":[{"href":"https:\/\/radiorevelacionfm.cl\/index.php?rest_route=%2Fwp%2Fv2%2Fmedia&parent=22961"}],"wp:term":[{"taxonomy":"category","embeddable":true,"href":"https:\/\/radiorevelacionfm.cl\/index.php?rest_route=%2Fwp%2Fv2%2Fcategories&post=22961"},{"taxonomy":"post_tag","embeddable":true,"href":"https:\/\/radiorevelacionfm.cl\/index.php?rest_route=%2Fwp%2Fv2%2Ftags&post=22961"}],"curies":[{"name":"wp","href":"https:\/\/api.w.org\/{rel}","templated":true}]}}