{"id":22956,"date":"2022-10-12T20:47:07","date_gmt":"2022-10-12T23:47:07","guid":{"rendered":"https:\/\/radiorevelacionfm.cl\/?p=22956"},"modified":"2022-10-12T20:47:07","modified_gmt":"2022-10-12T23:47:07","slug":"carabineros-detuvo-a-menor-por-porte-de-arma-de-fuego-tras-control-vehicular-en-coyhaique","status":"publish","type":"post","link":"https:\/\/radiorevelacionfm.cl\/?p=22956","title":{"rendered":"Carabineros detuvo a menor por porte de arma de fuego tras control vehicular en Coyhaique"},"content":{"rendered":"<div class=\"flex_column av_one_full  flex_column_div av-zero-column-padding first  avia-builder-el-0  el_before_av_one_full  avia-builder-el-first  \" style='border-radius:0px; '><div  class='avia-image-container  av-styling-    avia-builder-el-1  avia-builder-el-no-sibling  avia-align-center '  itemprop=\"image\" itemscope=\"itemscope\" itemtype=\"https:\/\/schema.org\/ImageObject\"  ><div class='avia-image-container-inner'><div class='avia-image-overlay-wrap'><img decoding=\"async\" class='wp-image-22957 avia-img-lazy-loading-not-22957 avia_image' src=\"https:\/\/radiorevelacionfm.cl\/wp-content\/uploads\/2022\/10\/c3f26e00-8865-4072-8dca-2b05ce02cb20-1-1.jpg\" alt='' title='c3f26e00-8865-4072-8dca-2b05ce02cb20 (1) (1)' height=\"600\" width=\"800\"  itemprop=\"thumbnailUrl\" srcset=\"https:\/\/radiorevelacionfm.cl\/wp-content\/uploads\/2022\/10\/c3f26e00-8865-4072-8dca-2b05ce02cb20-1-1.jpg 800w, https:\/\/radiorevelacionfm.cl\/wp-content\/uploads\/2022\/10\/c3f26e00-8865-4072-8dca-2b05ce02cb20-1-1-300x225.jpg 300w, https:\/\/radiorevelacionfm.cl\/wp-content\/uploads\/2022\/10\/c3f26e00-8865-4072-8dca-2b05ce02cb20-1-1-768x576.jpg 768w, https:\/\/radiorevelacionfm.cl\/wp-content\/uploads\/2022\/10\/c3f26e00-8865-4072-8dca-2b05ce02cb20-1-1-705x529.jpg 705w, https:\/\/radiorevelacionfm.cl\/wp-content\/uploads\/2022\/10\/c3f26e00-8865-4072-8dca-2b05ce02cb20-1-1-600x450.jpg 600w\" sizes=\"(max-width: 800px) 100vw, 800px\" \/><\/div><\/div><\/div><\/div><div class=\"flex_column av_one_full  flex_column_div av-zero-column-padding first  avia-builder-el-2  el_after_av_one_full  el_before_av_one_full  column-top-margin\" style='border-radius:0px; '><section class=\"av_textblock_section \"  itemscope=\"itemscope\" itemtype=\"https:\/\/schema.org\/BlogPosting\" itemprop=\"blogPost\" ><div class='avia_textblock  '   itemprop=\"text\" ><p style=\"text-align: center;\"><strong><span style=\"font-size: 18pt;\">Carabineros detuvo a menor por porte de arma de fuego tras control vehicular en Coyhaique<\/span><\/strong><\/p>\n<div id=\"gtx-trans\" style=\"position: absolute; left: -50px; top: 4.31534px;\">\n<div class=\"gtx-trans-icon\"><\/div>\n<\/div>\n<\/div><\/section><\/div><div class=\"flex_column av_one_full  flex_column_div av-zero-column-padding first  avia-builder-el-4  el_after_av_one_full  el_before_av_hr  column-top-margin\" style='border-radius:0px; '><section class=\"av_textblock_section \"  itemscope=\"itemscope\" itemtype=\"https:\/\/schema.org\/BlogPosting\" itemprop=\"blogPost\" ><div class='avia_textblock  '   itemprop=\"text\" ><p class=\"v1MsoNormal\" style=\"text-align: justify;\">Los antecedentes fueron informados a la Fiscal\u00eda local de esta ciudad, en tanto que el armamento fue derivado a Labocar para el peritaje respectivo.<\/p>\n<p class=\"v1MsoNormal\" style=\"text-align: justify;\">Un control vehicular efectuado por Carabineros de dotaci\u00f3n de la 1ra. Comisar\u00eda de Coyhaique, permiti\u00f3 la detenci\u00f3n de un menor de 17 a\u00f1os de edad por el delito de porte de arma de fuego.<\/p>\n<p class=\"v1MsoNormal\" style=\"text-align: justify;\">El Comisario de esta Unidad, Mayor Franco Herrera Quezada, detall\u00f3 que siendo aproximadamente las 18:00 horas del d\u00eda martes, en circunstancias en que personal del servicio motorizado \u00abpatrulla centauro\u00bb efectuaba un control vehicular \u2013en la intersecci\u00f3n de calle Francisco Bilbao y Campos de Hielo- fiscalizaron un m\u00f3vil, pudiendo advertir que el conductor lo hac\u00eda sin licencia, siendo cursada la infracci\u00f3n respectiva.<\/p>\n<p class=\"v1MsoNormal\" style=\"text-align: justify;\">\u00abFue en ese instante en que los motoristas se percataron que el copiloto, dej\u00f3 un rev\u00f3lver en el piso del veh\u00edculo, lo que motiv\u00f3 a que ambos sujetos fueran fiscalizados, bajados desde el m\u00f3vil y efectuado un control de identidad, pudiendo acreditar que este elemento -del tipo rev\u00f3lver- se encontraba con munici\u00f3n al interior del cilindro\u00bb, expres\u00f3 el Oficial.<\/p>\n<p class=\"v1MsoNormal\" style=\"text-align: justify;\">Se trata de una pieza calibre .32 con seis tiros no percutados en su interior, hecho por el cual el copiloto fue detenido en el lugar, por el delito de porte ilegal de arma de fuego.<\/p>\n<p class=\"v1MsoNormal\" style=\"text-align: justify;\">El detenido corresponde a un adolescente de 17 a\u00f1os de edad \u2013que tiene domicilio en la comuna de Coyhaique, quien \u2013seg\u00fan indic\u00f3 el Mayor Herrera- al momento de la fiscalizaci\u00f3n, intent\u00f3 darse a la fuga, siendo reducido por el personal en el lugar.<\/p>\n<p class=\"v1MsoNormal\" style=\"text-align: justify;\">\u00abConsultada nuestra base de datos, el armamento no se encuentra inscrito, por tal motivo se desconoce su procedencia. El Ministerio P\u00fablico dispuso que este rev\u00f3lver fuese puesto a disposici\u00f3n de Labocar para efecto que se realicen los peritajes de rigor\u00bb, detall\u00f3 el Comisario de Coyhaique.<\/p>\n<p class=\"v1MsoNormal\" style=\"text-align: justify;\">\u00abEstamos hablando de un calibre .32 que se asimila bastante al .38 que es el que ocupan las polic\u00edas. Es un armamento de un alto poder de fuego, Labocar va a efectuar los peritajes para acreditar y dar fe \u2013y certeza al Tribunal- que su mecanismo se encuentra en \u00f3ptimas condiciones de tiro y que no presenta ninguna aver\u00eda en su funcionamiento ni partes que lo componen\u00bb, complement\u00f3.<\/p>\n<p class=\"v1MsoNormal\" style=\"text-align: justify;\">Los antecedentes del procedimiento se encuentran en conocimiento de la Fiscal\u00eda, en tanto que el adolecente fue puesto a disposici\u00f3n de la audiencia de control de detenci\u00f3n por este hecho.<\/p>\n<\/div><\/section><\/div><div  style='height:50px' class='hr hr-invisible   avia-builder-el-6  el_after_av_one_full  el_before_av_social_share '><span class='hr-inner ' ><span class='hr-inner-style'><\/span><\/span><\/div><\/p>\n<div  class='av-social-sharing-box  avia-builder-el-7  el_after_av_hr  el_before_av_hr  '><div class='av-share-box'><h5 class='av-share-link-description av-no-toc '>Compartir esta noticia<\/h5><ul class='av-share-box-list noLightbox'><li class='av-share-link av-social-link-facebook' ><a target=\"_blank\" aria-label=\"Compartir en Facebook\" href='https:\/\/www.facebook.com\/sharer.php?u=https:\/\/radiorevelacionfm.cl\/?p=22956&#038;t=Carabineros%20detuvo%20a%20menor%20por%20porte%20de%20arma%20de%20fuego%20tras%20control%20vehicular%20en%20Coyhaique' aria-hidden='false' data-av_icon='\ue8f3' data-av_iconfont='entypo-fontello' title='' data-avia-related-tooltip='Compartir en Facebook' rel=\"noopener\"><span class='avia_hidden_link_text'>Compartir en Facebook<\/span><\/a><\/li><li class='av-share-link av-social-link-twitter' ><a target=\"_blank\" aria-label=\"Compartir en Twitter\" href='https:\/\/twitter.com\/share?text=Carabineros%20detuvo%20a%20menor%20por%20porte%20de%20arma%20de%20fuego%20tras%20control%20vehicular%20en%20Coyhaique&#038;url=https:\/\/radiorevelacionfm.cl\/?p=22956' aria-hidden='false' data-av_icon='\ue8f1' data-av_iconfont='entypo-fontello' title='' data-avia-related-tooltip='Compartir en Twitter' rel=\"noopener\"><span class='avia_hidden_link_text'>Compartir en Twitter<\/span><\/a><\/li><li class='av-share-link av-social-link-whatsapp' ><a target=\"_blank\" aria-label=\"Compartir en Whatsapp\" href='https:\/\/api.whatsapp.com\/send?text=https:\/\/radiorevelacionfm.cl\/?p=22956' aria-hidden='false' data-av_icon='\uf232' data-av_iconfont='entypo-fontello' title='' data-avia-related-tooltip='Compartir en Whatsapp' rel=\"noopener\"><span class='avia_hidden_link_text'>Compartir en Whatsapp<\/span><\/a><\/li><li class='av-share-link av-social-link-linkedin' ><a target=\"_blank\" aria-label=\"Compartir en LinkedIn\" href='https:\/\/linkedin.com\/shareArticle?mini=true&#038;title=Carabineros%20detuvo%20a%20menor%20por%20porte%20de%20arma%20de%20fuego%20tras%20control%20vehicular%20en%20Coyhaique&#038;url=https:\/\/radiorevelacionfm.cl\/?p=22956' aria-hidden='false' data-av_icon='\ue8fc' data-av_iconfont='entypo-fontello' title='' data-avia-related-tooltip='Compartir en LinkedIn' rel=\"noopener\"><span class='avia_hidden_link_text'>Compartir en LinkedIn<\/span><\/a><\/li><li class='av-share-link av-social-link-mail' ><a  aria-label=\"Compartir por correo\" href='mailto:?subject=Carabineros%20detuvo%20a%20menor%20por%20porte%20de%20arma%20de%20fuego%20tras%20control%20vehicular%20en%20Coyhaique&#038;body=https:\/\/radiorevelacionfm.cl\/?p=22956' aria-hidden='false' data-av_icon='\ue805' data-av_iconfont='entypo-fontello' title='' data-avia-related-tooltip='Compartir por correo'><span class='avia_hidden_link_text'>Compartir por correo<\/span><\/a><\/li><\/ul><\/div><\/div>\n<div  style='height:50px' class='hr hr-invisible   avia-builder-el-8  el_after_av_social_share  el_before_av_comments_list '><span class='hr-inner ' ><span class='hr-inner-style'><\/span><\/span><\/div>\n<div  class='av-buildercomment  av-blog-meta-html-info-disabled av-blog-meta-tag-disabled  '><\/div>\n","protected":false},"excerpt":{"rendered":"","protected":false},"author":1,"featured_media":22957,"comment_status":"open","ping_status":"open","sticky":false,"template":"","format":"standard","meta":{"footnotes":""},"categories":[36],"tags":[],"class_list":["post-22956","post","type-post","status-publish","format-standard","has-post-thumbnail","hentry","category-policial"],"jetpack_featured_media_url":"https:\/\/radiorevelacionfm.cl\/wp-content\/uploads\/2022\/10\/c3f26e00-8865-4072-8dca-2b05ce02cb20-1-1.jpg","_links":{"self":[{"href":"https:\/\/radiorevelacionfm.cl\/index.php?rest_route=\/wp\/v2\/posts\/22956","targetHints":{"allow":["GET"]}}],"collection":[{"href":"https:\/\/radiorevelacionfm.cl\/index.php?rest_route=\/wp\/v2\/posts"}],"about":[{"href":"https:\/\/radiorevelacionfm.cl\/index.php?rest_route=\/wp\/v2\/types\/post"}],"author":[{"embeddable":true,"href":"https:\/\/radiorevelacionfm.cl\/index.php?rest_route=\/wp\/v2\/users\/1"}],"replies":[{"embeddable":true,"href":"https:\/\/radiorevelacionfm.cl\/index.php?rest_route=%2Fwp%2Fv2%2Fcomments&post=22956"}],"version-history":[{"count":2,"href":"https:\/\/radiorevelacionfm.cl\/index.php?rest_route=\/wp\/v2\/posts\/22956\/revisions"}],"predecessor-version":[{"id":22960,"href":"https:\/\/radiorevelacionfm.cl\/index.php?rest_route=\/wp\/v2\/posts\/22956\/revisions\/22960"}],"wp:featuredmedia":[{"embeddable":true,"href":"https:\/\/radiorevelacionfm.cl\/index.php?rest_route=\/wp\/v2\/media\/22957"}],"wp:attachment":[{"href":"https:\/\/radiorevelacionfm.cl\/index.php?rest_route=%2Fwp%2Fv2%2Fmedia&parent=22956"}],"wp:term":[{"taxonomy":"category","embeddable":true,"href":"https:\/\/radiorevelacionfm.cl\/index.php?rest_route=%2Fwp%2Fv2%2Fcategories&post=22956"},{"taxonomy":"post_tag","embeddable":true,"href":"https:\/\/radiorevelacionfm.cl\/index.php?rest_route=%2Fwp%2Fv2%2Ftags&post=22956"}],"curies":[{"name":"wp","href":"https:\/\/api.w.org\/{rel}","templated":true}]}}