{"id":22949,"date":"2022-10-12T18:56:32","date_gmt":"2022-10-12T21:56:32","guid":{"rendered":"https:\/\/radiorevelacionfm.cl\/?p=22949"},"modified":"2022-10-12T18:56:32","modified_gmt":"2022-10-12T21:56:32","slug":"concurso-ponle-color-a-tus-derechos-ultimos-dias-para-enviar-tu-dibujo-o-pintura","status":"publish","type":"post","link":"https:\/\/radiorevelacionfm.cl\/?p=22949","title":{"rendered":"Concurso: \u00abPonle Color a tus Derechos\u00bb, \u00faltimos d\u00edas para enviar tu dibujo o pintura"},"content":{"rendered":"<div class=\"flex_column av_one_full  flex_column_div av-zero-column-padding first  avia-builder-el-0  el_before_av_one_full  avia-builder-el-first  \" style='border-radius:0px; '><div  class='avia-image-container  av-styling-    avia-builder-el-1  avia-builder-el-no-sibling  avia-align-center '  itemprop=\"image\" itemscope=\"itemscope\" itemtype=\"https:\/\/schema.org\/ImageObject\"  ><div class='avia-image-container-inner'><div class='avia-image-overlay-wrap'><img decoding=\"async\" class='wp-image-21925 avia-img-lazy-loading-not-21925 avia_image' src=\"https:\/\/radiorevelacionfm.cl\/wp-content\/uploads\/2022\/09\/afiche-concurso_3-1-1.jpg\" alt='' title='afiche concurso_3 (1) (1)' height=\"599\" width=\"380\"  itemprop=\"thumbnailUrl\" srcset=\"https:\/\/radiorevelacionfm.cl\/wp-content\/uploads\/2022\/09\/afiche-concurso_3-1-1.jpg 380w, https:\/\/radiorevelacionfm.cl\/wp-content\/uploads\/2022\/09\/afiche-concurso_3-1-1-190x300.jpg 190w\" sizes=\"(max-width: 380px) 100vw, 380px\" \/><\/div><\/div><\/div><\/div><div class=\"flex_column av_one_full  flex_column_div av-zero-column-padding first  avia-builder-el-2  el_after_av_one_full  el_before_av_one_full  column-top-margin\" style='border-radius:0px; '><section class=\"av_textblock_section \"  itemscope=\"itemscope\" itemtype=\"https:\/\/schema.org\/BlogPosting\" itemprop=\"blogPost\" ><div class='avia_textblock  '   itemprop=\"text\" ><p style=\"text-align: center;\"><span style=\"font-size: 18pt;\"><strong>Concurso: \u00abPonle Color a tus Derechos\u00bb, \u00faltimos d\u00edas para enviar tu dibujo o pintura<\/strong><\/span><\/p>\n<div id=\"gtx-trans\" style=\"position: absolute; left: -50px; top: 4.31534px;\">\n<div class=\"gtx-trans-icon\"><\/div>\n<\/div>\n<\/div><\/section><\/div><div class=\"flex_column av_one_full  flex_column_div av-zero-column-padding first  avia-builder-el-4  el_after_av_one_full  el_before_av_hr  column-top-margin\" style='border-radius:0px; '><section class=\"av_textblock_section \"  itemscope=\"itemscope\" itemtype=\"https:\/\/schema.org\/BlogPosting\" itemprop=\"blogPost\" ><div class='avia_textblock  '   itemprop=\"text\" ><p class=\"v1MsoNormal\" style=\"text-align: justify;\">La Comisi\u00f3n de Promoci\u00f3n de Derechos de la jurisdicci\u00f3n Coyhaique reitera la invitaci\u00f3n a ni\u00f1os, ni\u00f1as y adolescentes de entre 8 y 12 a\u00f1os, a participar del concurso \u00abPonle Color a Tus Derechos\u00bb. Instancia art\u00edstica y l\u00fadica que tiene como objetivo conocer, comprender y expresar sus derechos.<\/p>\n<p class=\"v1MsoNormal\" style=\"text-align: justify;\">Los participantes podr\u00e1n elegir como t\u00e9cnica el uso de l\u00e1piz de cera, acuarela, l\u00e1pices de colores, t\u00e9mpera o cualquier otra que le permita aplicar color a su trabajo.<\/p>\n<p class=\"v1MsoNormal\" style=\"text-align: justify;\">El trabajo debe ser presentado, idealmente, en una hoja de block, o superficie similar (bastidores, acr\u00edlicos, etc.), utilizando la mayor parte posible del espacio disponible. La posici\u00f3n del dibujo puede ser en vertical u horizontal.<\/p>\n<p class=\"v1MsoNormal\" style=\"text-align: justify;\"><b>El env\u00edo de los trabajos<\/b><\/p>\n<p class=\"v1MsoNormal\" style=\"text-align: justify;\">Existen dos formas de hace llegar los trabajos, f\u00edsica o de manera digital, en la primera deber\u00e1 ir en un sobre cerrado dirigido a la Comisi\u00f3n de Promoci\u00f3n de Derechos de la regi\u00f3n de Ays\u00e9n y podr\u00e1 ser entregado en cualquier Juzgado de la regi\u00f3n.\u00a0 La digital se recepcionar\u00e1 v\u00eda correo electr\u00f3nico, para lo cual se pide remitir el trabajo en una fotograf\u00eda u otro formato de archivo que permita visualizar de la forma m\u00e1s clara posible el dibujo, envi\u00e1ndolo al correo electr\u00f3nico\u00a0<a href=\"mailto:concursopintura@pjud.cl\" rel=\"noreferrer\">concursopintura@pjud.cl<\/a>.<\/p>\n<p class=\"v1MsoNormal\" style=\"text-align: justify;\">En ambas formas de env\u00edo se deber\u00e1n indicar los siguientes datos: Nombre completo del autor; Rut; fecha de nacimiento, direcci\u00f3n; tema escogido, curso o nivel educacional que cursa y establecimiento educacional. Adem\u00e1s de los datos de contacto de un adulto responsable.<\/p>\n<p class=\"v1MsoNormal\" style=\"text-align: justify;\">El plazo de recepci\u00f3n de trabajos ser\u00e1 desde el 17 de septiembre y hasta el 17 de octubre del presente a\u00f1o.<\/p>\n<\/div><\/section><\/div><div  style='height:50px' class='hr hr-invisible   avia-builder-el-6  el_after_av_one_full  el_before_av_social_share '><span class='hr-inner ' ><span class='hr-inner-style'><\/span><\/span><\/div><\/p>\n<div  class='av-social-sharing-box  avia-builder-el-7  el_after_av_hr  el_before_av_hr  '><div class='av-share-box'><h5 class='av-share-link-description av-no-toc '>Compartir esta noticia<\/h5><ul class='av-share-box-list noLightbox'><li class='av-share-link av-social-link-facebook' ><a target=\"_blank\" aria-label=\"Compartir en Facebook\" href='https:\/\/www.facebook.com\/sharer.php?u=https:\/\/radiorevelacionfm.cl\/?p=22949&#038;t=Concurso%3A%20%C2%ABPonle%20Color%20a%20tus%20Derechos%C2%BB%2C%20%C3%BAltimos%20d%C3%ADas%20para%20enviar%20tu%20dibujo%20o%20pintura' aria-hidden='false' data-av_icon='\ue8f3' data-av_iconfont='entypo-fontello' title='' data-avia-related-tooltip='Compartir en Facebook' rel=\"noopener\"><span class='avia_hidden_link_text'>Compartir en Facebook<\/span><\/a><\/li><li class='av-share-link av-social-link-twitter' ><a target=\"_blank\" aria-label=\"Compartir en Twitter\" href='https:\/\/twitter.com\/share?text=Concurso%3A%20%C2%ABPonle%20Color%20a%20tus%20Derechos%C2%BB%2C%20%C3%BAltimos%20d%C3%ADas%20para%20enviar%20tu%20dibujo%20o%20pintura&#038;url=https:\/\/radiorevelacionfm.cl\/?p=22949' aria-hidden='false' data-av_icon='\ue8f1' data-av_iconfont='entypo-fontello' title='' data-avia-related-tooltip='Compartir en Twitter' rel=\"noopener\"><span class='avia_hidden_link_text'>Compartir en Twitter<\/span><\/a><\/li><li class='av-share-link av-social-link-whatsapp' ><a target=\"_blank\" aria-label=\"Compartir en Whatsapp\" href='https:\/\/api.whatsapp.com\/send?text=https:\/\/radiorevelacionfm.cl\/?p=22949' aria-hidden='false' data-av_icon='\uf232' data-av_iconfont='entypo-fontello' title='' data-avia-related-tooltip='Compartir en Whatsapp' rel=\"noopener\"><span class='avia_hidden_link_text'>Compartir en Whatsapp<\/span><\/a><\/li><li class='av-share-link av-social-link-linkedin' ><a target=\"_blank\" aria-label=\"Compartir en LinkedIn\" href='https:\/\/linkedin.com\/shareArticle?mini=true&#038;title=Concurso%3A%20%C2%ABPonle%20Color%20a%20tus%20Derechos%C2%BB%2C%20%C3%BAltimos%20d%C3%ADas%20para%20enviar%20tu%20dibujo%20o%20pintura&#038;url=https:\/\/radiorevelacionfm.cl\/?p=22949' aria-hidden='false' data-av_icon='\ue8fc' data-av_iconfont='entypo-fontello' title='' data-avia-related-tooltip='Compartir en LinkedIn' rel=\"noopener\"><span class='avia_hidden_link_text'>Compartir en LinkedIn<\/span><\/a><\/li><li class='av-share-link av-social-link-mail' ><a  aria-label=\"Compartir por correo\" href='mailto:?subject=Concurso%3A%20%C2%ABPonle%20Color%20a%20tus%20Derechos%C2%BB%2C%20%C3%BAltimos%20d%C3%ADas%20para%20enviar%20tu%20dibujo%20o%20pintura&#038;body=https:\/\/radiorevelacionfm.cl\/?p=22949' aria-hidden='false' data-av_icon='\ue805' data-av_iconfont='entypo-fontello' title='' data-avia-related-tooltip='Compartir por correo'><span class='avia_hidden_link_text'>Compartir por correo<\/span><\/a><\/li><\/ul><\/div><\/div>\n<div  style='height:50px' class='hr hr-invisible   avia-builder-el-8  el_after_av_social_share  el_before_av_comments_list '><span class='hr-inner ' ><span class='hr-inner-style'><\/span><\/span><\/div>\n<div  class='av-buildercomment  av-blog-meta-html-info-disabled av-blog-meta-tag-disabled  '><\/div>\n","protected":false},"excerpt":{"rendered":"","protected":false},"author":1,"featured_media":21924,"comment_status":"open","ping_status":"open","sticky":false,"template":"","format":"standard","meta":{"footnotes":""},"categories":[38],"tags":[],"class_list":["post-22949","post","type-post","status-publish","format-standard","has-post-thumbnail","hentry","category-regional"],"jetpack_featured_media_url":"https:\/\/radiorevelacionfm.cl\/wp-content\/uploads\/2022\/09\/afiche-concurso_r-1-1_optimized-1.jpg","_links":{"self":[{"href":"https:\/\/radiorevelacionfm.cl\/index.php?rest_route=\/wp\/v2\/posts\/22949","targetHints":{"allow":["GET"]}}],"collection":[{"href":"https:\/\/radiorevelacionfm.cl\/index.php?rest_route=\/wp\/v2\/posts"}],"about":[{"href":"https:\/\/radiorevelacionfm.cl\/index.php?rest_route=\/wp\/v2\/types\/post"}],"author":[{"embeddable":true,"href":"https:\/\/radiorevelacionfm.cl\/index.php?rest_route=\/wp\/v2\/users\/1"}],"replies":[{"embeddable":true,"href":"https:\/\/radiorevelacionfm.cl\/index.php?rest_route=%2Fwp%2Fv2%2Fcomments&post=22949"}],"version-history":[{"count":2,"href":"https:\/\/radiorevelacionfm.cl\/index.php?rest_route=\/wp\/v2\/posts\/22949\/revisions"}],"predecessor-version":[{"id":22951,"href":"https:\/\/radiorevelacionfm.cl\/index.php?rest_route=\/wp\/v2\/posts\/22949\/revisions\/22951"}],"wp:featuredmedia":[{"embeddable":true,"href":"https:\/\/radiorevelacionfm.cl\/index.php?rest_route=\/wp\/v2\/media\/21924"}],"wp:attachment":[{"href":"https:\/\/radiorevelacionfm.cl\/index.php?rest_route=%2Fwp%2Fv2%2Fmedia&parent=22949"}],"wp:term":[{"taxonomy":"category","embeddable":true,"href":"https:\/\/radiorevelacionfm.cl\/index.php?rest_route=%2Fwp%2Fv2%2Fcategories&post=22949"},{"taxonomy":"post_tag","embeddable":true,"href":"https:\/\/radiorevelacionfm.cl\/index.php?rest_route=%2Fwp%2Fv2%2Ftags&post=22949"}],"curies":[{"name":"wp","href":"https:\/\/api.w.org\/{rel}","templated":true}]}}