{"id":22938,"date":"2022-10-15T12:09:16","date_gmt":"2022-10-15T15:09:16","guid":{"rendered":"https:\/\/radiorevelacionfm.cl\/?p=22938"},"modified":"2022-10-15T12:15:37","modified_gmt":"2022-10-15T15:15:37","slug":"exposicion-a-60-anos-del-periodico-el-farellon","status":"publish","type":"post","link":"https:\/\/radiorevelacionfm.cl\/?p=22938","title":{"rendered":"Exposici\u00f3n: \u201cA 60 a\u00f1os del peri\u00f3dico \u00abEl Farell\u00f3n\u201d"},"content":{"rendered":"<div class=\"flex_column av_one_full  flex_column_div av-zero-column-padding first  avia-builder-el-0  el_before_av_one_full  avia-builder-el-first  \" style='border-radius:0px; '><div  class='avia-image-container  av-styling-    avia-builder-el-1  avia-builder-el-no-sibling  avia-align-center '  itemprop=\"image\" itemscope=\"itemscope\" itemtype=\"https:\/\/schema.org\/ImageObject\"  ><div class='avia-image-container-inner'><div class='avia-image-overlay-wrap'><img decoding=\"async\" class='wp-image-22939 avia-img-lazy-loading-not-22939 avia_image' src=\"https:\/\/radiorevelacionfm.cl\/wp-content\/uploads\/2022\/10\/00-5-1-1.jpg\" alt='' title='00 (5) (1) (1)' height=\"600\" width=\"813\"  itemprop=\"thumbnailUrl\" srcset=\"https:\/\/radiorevelacionfm.cl\/wp-content\/uploads\/2022\/10\/00-5-1-1.jpg 813w, https:\/\/radiorevelacionfm.cl\/wp-content\/uploads\/2022\/10\/00-5-1-1-300x221.jpg 300w, https:\/\/radiorevelacionfm.cl\/wp-content\/uploads\/2022\/10\/00-5-1-1-768x567.jpg 768w, https:\/\/radiorevelacionfm.cl\/wp-content\/uploads\/2022\/10\/00-5-1-1-705x520.jpg 705w, https:\/\/radiorevelacionfm.cl\/wp-content\/uploads\/2022\/10\/00-5-1-1-600x443.jpg 600w\" sizes=\"(max-width: 813px) 100vw, 813px\" \/><\/div><\/div><\/div><\/div>\n<div class=\"flex_column av_one_full  flex_column_div av-zero-column-padding first  avia-builder-el-2  el_after_av_one_full  el_before_av_one_full  column-top-margin\" style='border-radius:0px; '><section class=\"av_textblock_section \"  itemscope=\"itemscope\" itemtype=\"https:\/\/schema.org\/BlogPosting\" itemprop=\"blogPost\" ><div class='avia_textblock  '   itemprop=\"text\" ><p style=\"text-align: center;\"><strong><span style=\"font-size: 18pt;\">Exposici\u00f3n: \u201cA 60 a\u00f1os del peri\u00f3dico \u00abEl Farell\u00f3n\u201d<\/span><\/strong><\/p>\n<div id=\"gtx-trans\" style=\"position: absolute; left: -50px; top: 4.31534px;\">\n<div class=\"gtx-trans-icon\"><\/div>\n<\/div>\n<\/div><\/section><\/div>\n<div class=\"flex_column av_one_full  flex_column_div av-zero-column-padding first  avia-builder-el-4  el_after_av_one_full  el_before_av_hr  column-top-margin\" style='border-radius:0px; '><section class=\"av_textblock_section \"  itemscope=\"itemscope\" itemtype=\"https:\/\/schema.org\/BlogPosting\" itemprop=\"blogPost\" ><div class='avia_textblock  '   itemprop=\"text\" ><p style=\"font-weight: 400; text-align: justify;\">Para hacer \u201cmemoria agradecida\u201d de una de las m\u00e1s significativas experiencias comunicacionales de la Iglesia de Ays\u00e9n, junto con la Biblioteca Regional este mes octubre se expondr\u00e1 una muestra que rescata contenidos relevantes del peri\u00f3dico \u201cEl Farell\u00f3n\u201d (1962 &#8211; 1974), y la imprenta del mismo nombre.<\/p>\n<p style=\"font-weight: 400; text-align: justify;\">El padre obispo Luis comparte que: \u201cla llegada de los Siervos de Mar\u00eda a Ays\u00e9n en noviembre de 1937 le dio un especial impulso a la fe de los escasos habitantes de esta provincia (unos 7 a 8 mil en los a\u00f1os 40), con un sello de compromiso social, humano y espiritual\u201d.<\/p>\n<p style=\"font-weight: 400; text-align: justify;\">\u201cLa educaci\u00f3n de la ni\u00f1ez y juventud \u2014agrega\u2014 fue su primera opci\u00f3n evangelizadora\u2026 Pero el empuje evangelizador se acrecent\u00f3 en los a\u00f1os 50 del siglo pasado con una nueva opci\u00f3n pastoral: los medios de comunicaci\u00f3n social, especialmente escritos y radiales\u201d.<\/p>\n<p style=\"font-weight: 400; text-align: justify;\">\u201cEl 12 de octubre de 1962 \u2014contin\u00faa el pastor de Ays\u00e9n\u2014 con mayor calidad profesional y de impresi\u00f3n vio la luz p\u00fablica el peri\u00f3dico \u201cEl Farell\u00f3n\u201d, dirigido y editado en Coyhaique por el padre Alfonso Massignani\u201d.<\/p>\n<p style=\"font-weight: 400; text-align: justify;\">Esta iniciativa comunicacional se impuls\u00f3 para celebrar el 93 Aniversario de Coyhaique, y sobre todo el comienzo de Concilio Ecum\u00e9nico Vaticano II.<\/p>\n<p style=\"font-weight: 400; text-align: justify;\">\u201cEl Farell\u00f3n\u201d realiz\u00f3 un amplio servicio evangelizador y comunicacional no solo a la actual capital regional, sino que a la mayor\u00eda de las localidades de la regi\u00f3n relevando junto a sus colaboradores informaciones eclesiales, pol\u00edticas, culturales, deportivas y sociales.<\/p>\n<p style=\"font-weight: 400; text-align: justify;\">Este peri\u00f3dico termin\u00f3 sus ediciones en octubre de 1974, y la exposici\u00f3n que se realizar\u00e1 entre el 17 y 21 de octubre de 2022 en dependencias de la Biblioteca Regional de Ays\u00e9n, en coordinaci\u00f3n con el \u00e1rea de pastoral de la cultura, presentar\u00e1 algunos de sus contenidos con una selecci\u00f3n de informaciones y noticias en el \u00e1mbito eclesial y social de la regi\u00f3n y el mundo; adem\u00e1s de rescatar el arte tipogr\u00e1fico de la \u00e9poca en la experiencia viva, desde sus 15 a\u00f1os como aprendiz de gr\u00e1fica y actual administrador de la imprenta, de Ram\u00f3n Mu\u00f1oz, di\u00e1cono de la Iglesia de Ays\u00e9n.<\/p>\n<\/div><\/section><\/div><div  style='height:50px' class='hr hr-invisible   avia-builder-el-6  el_after_av_one_full  el_before_av_social_share '><span class='hr-inner ' ><span class='hr-inner-style'><\/span><\/span><\/div><\/p>\n<div  class='av-social-sharing-box  avia-builder-el-7  el_after_av_hr  el_before_av_hr  '><div class='av-share-box'><h5 class='av-share-link-description av-no-toc '>Compartir esta noticia<\/h5><ul class='av-share-box-list noLightbox'><li class='av-share-link av-social-link-facebook' ><a target=\"_blank\" aria-label=\"Compartir en Facebook\" href='https:\/\/www.facebook.com\/sharer.php?u=https:\/\/radiorevelacionfm.cl\/?p=22938&#038;t=Exposici%C3%B3n%3A%20%E2%80%9CA%2060%20a%C3%B1os%20del%20peri%C3%B3dico%20%C2%ABEl%20Farell%C3%B3n%E2%80%9D' aria-hidden='false' data-av_icon='\ue8f3' data-av_iconfont='entypo-fontello' title='' data-avia-related-tooltip='Compartir en Facebook' rel=\"noopener\"><span class='avia_hidden_link_text'>Compartir en Facebook<\/span><\/a><\/li><li class='av-share-link av-social-link-twitter' ><a target=\"_blank\" aria-label=\"Compartir en Twitter\" href='https:\/\/twitter.com\/share?text=Exposici%C3%B3n%3A%20%E2%80%9CA%2060%20a%C3%B1os%20del%20peri%C3%B3dico%20%C2%ABEl%20Farell%C3%B3n%E2%80%9D&#038;url=https:\/\/radiorevelacionfm.cl\/?p=22938' aria-hidden='false' data-av_icon='\ue8f1' data-av_iconfont='entypo-fontello' title='' data-avia-related-tooltip='Compartir en Twitter' rel=\"noopener\"><span class='avia_hidden_link_text'>Compartir en Twitter<\/span><\/a><\/li><li class='av-share-link av-social-link-whatsapp' ><a target=\"_blank\" aria-label=\"Compartir en Whatsapp\" href='https:\/\/api.whatsapp.com\/send?text=https:\/\/radiorevelacionfm.cl\/?p=22938' aria-hidden='false' data-av_icon='\uf232' data-av_iconfont='entypo-fontello' title='' data-avia-related-tooltip='Compartir en Whatsapp' rel=\"noopener\"><span class='avia_hidden_link_text'>Compartir en Whatsapp<\/span><\/a><\/li><li class='av-share-link av-social-link-linkedin' ><a target=\"_blank\" aria-label=\"Compartir en LinkedIn\" href='https:\/\/linkedin.com\/shareArticle?mini=true&#038;title=Exposici%C3%B3n%3A%20%E2%80%9CA%2060%20a%C3%B1os%20del%20peri%C3%B3dico%20%C2%ABEl%20Farell%C3%B3n%E2%80%9D&#038;url=https:\/\/radiorevelacionfm.cl\/?p=22938' aria-hidden='false' data-av_icon='\ue8fc' data-av_iconfont='entypo-fontello' title='' data-avia-related-tooltip='Compartir en LinkedIn' rel=\"noopener\"><span class='avia_hidden_link_text'>Compartir en LinkedIn<\/span><\/a><\/li><li class='av-share-link av-social-link-mail' ><a  aria-label=\"Compartir por correo\" href='mailto:?subject=Exposici%C3%B3n%3A%20%E2%80%9CA%2060%20a%C3%B1os%20del%20peri%C3%B3dico%20%C2%ABEl%20Farell%C3%B3n%E2%80%9D&#038;body=https:\/\/radiorevelacionfm.cl\/?p=22938' aria-hidden='false' data-av_icon='\ue805' data-av_iconfont='entypo-fontello' title='' data-avia-related-tooltip='Compartir por correo'><span class='avia_hidden_link_text'>Compartir por correo<\/span><\/a><\/li><\/ul><\/div><\/div>\n<div  style='height:50px' class='hr hr-invisible   avia-builder-el-8  el_after_av_social_share  el_before_av_comments_list '><span class='hr-inner ' ><span class='hr-inner-style'><\/span><\/span><\/div>\n<div  class='av-buildercomment  av-blog-meta-html-info-disabled av-blog-meta-tag-disabled  '><\/div>\n","protected":false},"excerpt":{"rendered":"","protected":false},"author":1,"featured_media":22939,"comment_status":"open","ping_status":"open","sticky":false,"template":"","format":"standard","meta":{"footnotes":""},"categories":[52],"tags":[],"class_list":["post-22938","post","type-post","status-publish","format-standard","has-post-thumbnail","hentry","category-cultura"],"jetpack_featured_media_url":"https:\/\/radiorevelacionfm.cl\/wp-content\/uploads\/2022\/10\/00-5-1-1.jpg","_links":{"self":[{"href":"https:\/\/radiorevelacionfm.cl\/index.php?rest_route=\/wp\/v2\/posts\/22938","targetHints":{"allow":["GET"]}}],"collection":[{"href":"https:\/\/radiorevelacionfm.cl\/index.php?rest_route=\/wp\/v2\/posts"}],"about":[{"href":"https:\/\/radiorevelacionfm.cl\/index.php?rest_route=\/wp\/v2\/types\/post"}],"author":[{"embeddable":true,"href":"https:\/\/radiorevelacionfm.cl\/index.php?rest_route=\/wp\/v2\/users\/1"}],"replies":[{"embeddable":true,"href":"https:\/\/radiorevelacionfm.cl\/index.php?rest_route=%2Fwp%2Fv2%2Fcomments&post=22938"}],"version-history":[{"count":3,"href":"https:\/\/radiorevelacionfm.cl\/index.php?rest_route=\/wp\/v2\/posts\/22938\/revisions"}],"predecessor-version":[{"id":23065,"href":"https:\/\/radiorevelacionfm.cl\/index.php?rest_route=\/wp\/v2\/posts\/22938\/revisions\/23065"}],"wp:featuredmedia":[{"embeddable":true,"href":"https:\/\/radiorevelacionfm.cl\/index.php?rest_route=\/wp\/v2\/media\/22939"}],"wp:attachment":[{"href":"https:\/\/radiorevelacionfm.cl\/index.php?rest_route=%2Fwp%2Fv2%2Fmedia&parent=22938"}],"wp:term":[{"taxonomy":"category","embeddable":true,"href":"https:\/\/radiorevelacionfm.cl\/index.php?rest_route=%2Fwp%2Fv2%2Fcategories&post=22938"},{"taxonomy":"post_tag","embeddable":true,"href":"https:\/\/radiorevelacionfm.cl\/index.php?rest_route=%2Fwp%2Fv2%2Ftags&post=22938"}],"curies":[{"name":"wp","href":"https:\/\/api.w.org\/{rel}","templated":true}]}}