{"id":22934,"date":"2022-10-13T09:17:06","date_gmt":"2022-10-13T12:17:06","guid":{"rendered":"https:\/\/radiorevelacionfm.cl\/?p=22934"},"modified":"2022-10-13T09:45:32","modified_gmt":"2022-10-13T12:45:32","slug":"parque-nacional-queulat-39-anos-protegiendo-a-la-ranita-de-darwin","status":"publish","type":"post","link":"https:\/\/radiorevelacionfm.cl\/?p=22934","title":{"rendered":"Parque Nacional Queulat: 39 a\u00f1os protegiendo a la ranita de Darwin"},"content":{"rendered":"<div class=\"flex_column av_one_full  flex_column_div av-zero-column-padding first  avia-builder-el-0  el_before_av_one_full  avia-builder-el-first  \" style='border-radius:0px; '><div  class='avia-image-container  av-styling-    avia-builder-el-1  avia-builder-el-no-sibling  avia-align-center '  itemprop=\"image\" itemscope=\"itemscope\" itemtype=\"https:\/\/schema.org\/ImageObject\"  ><div class='avia-image-container-inner'><div class='avia-image-overlay-wrap'><img decoding=\"async\" class='wp-image-22965 avia-img-lazy-loading-not-22965 avia_image' src=\"https:\/\/radiorevelacionfm.cl\/wp-content\/uploads\/2022\/10\/Queulat-IMG_Parque-1.jpg\" alt='' title='Queulat IMG_Parque (1)' height=\"600\" width=\"800\"  itemprop=\"thumbnailUrl\" srcset=\"https:\/\/radiorevelacionfm.cl\/wp-content\/uploads\/2022\/10\/Queulat-IMG_Parque-1.jpg 800w, https:\/\/radiorevelacionfm.cl\/wp-content\/uploads\/2022\/10\/Queulat-IMG_Parque-1-300x225.jpg 300w, https:\/\/radiorevelacionfm.cl\/wp-content\/uploads\/2022\/10\/Queulat-IMG_Parque-1-768x576.jpg 768w, https:\/\/radiorevelacionfm.cl\/wp-content\/uploads\/2022\/10\/Queulat-IMG_Parque-1-705x529.jpg 705w, https:\/\/radiorevelacionfm.cl\/wp-content\/uploads\/2022\/10\/Queulat-IMG_Parque-1-600x450.jpg 600w\" sizes=\"(max-width: 800px) 100vw, 800px\" \/><\/div><\/div><\/div><\/div><div class=\"flex_column av_one_full  flex_column_div av-zero-column-padding first  avia-builder-el-2  el_after_av_one_full  el_before_av_one_full  column-top-margin\" style='border-radius:0px; '><section class=\"av_textblock_section \"  itemscope=\"itemscope\" itemtype=\"https:\/\/schema.org\/BlogPosting\" itemprop=\"blogPost\" ><div class='avia_textblock  '   itemprop=\"text\" ><p style=\"text-align: center;\"><strong><span style=\"font-size: 18pt;\">Parque Nacional Queulat: 39 a\u00f1os protegiendo a la ranita de Darwin<\/span><\/strong><\/p>\n<div id=\"gtx-trans\" style=\"position: absolute; left: -50px; top: 4.31534px;\">\n<div class=\"gtx-trans-icon\"><\/div>\n<\/div>\n<\/div><\/section><\/div><\/p>\n<div class=\"flex_column av_one_full  flex_column_div av-zero-column-padding first  avia-builder-el-4  el_after_av_one_full  el_before_av_hr  column-top-margin\" style='border-radius:0px; '><section class=\"av_textblock_section \"  itemscope=\"itemscope\" itemtype=\"https:\/\/schema.org\/BlogPosting\" itemprop=\"blogPost\" ><div class='avia_textblock  '   itemprop=\"text\" ><p style=\"text-align: justify;\">Con una superficie de 154.093 hect\u00e1reas y una tasa de visitaci\u00f3n actual de 32 mil 540 personas, es el \u00e1rea silvestre protegida m\u00e1s visitada en la Regi\u00f3n de Ays\u00e9n.<\/p>\n<p style=\"text-align: justify;\">El Parque Nacional Queulat est\u00e1 ubicada en la Regi\u00f3n de Ays\u00e9n del General Carlos Ib\u00e1\u00f1ez del Campo, al sur de Chait\u00e9n y a 220 km al norte de Coyhaique. Fue creada el 13 de octubre de 1983, por el Decreto Supremo N\u00b0 640, cumpliendo 39 a\u00f1os de conservaci\u00f3n, protecci\u00f3n y educaci\u00f3n ambiental a la sociedad.<\/p>\n<p style=\"text-align: justify;\">Perteneciente al Sistema Nacional de \u00c1reas Silvestres Protegidas del Estado (SNASPE), administrado por la Corporaci\u00f3n Nacional Forestal (CONAF), destaca por la protecci\u00f3n y monitoreo constante de fauna como carpintero negro, c\u00f3ndor, chucao, pud\u00fa, g\u00fci\u00f1a, puma y el l\u00edmite m\u00e1s austral de la ranita de Darwin. Esta \u00faltima, clasificada actualmente en la categor\u00eda \u201cEn Peligro de Extinci\u00f3n\u201d por la Lista Roja de Especies Amenazadas de la Uni\u00f3n Internacional de Conservaci\u00f3n de la Naturaleza (UICN) y por el Reglamento de Clasificaci\u00f3n de Especies del Ministerio del Medio Ambiente de Chile (RCE) .<\/p>\n<p style=\"text-align: justify;\">En cuanto a flora, se destaca por la protecci\u00f3n de bosques andinos patag\u00f3nicos, conformados por especies como la lenga, mait\u00e9n enano, michay blanco y el coig\u00fce de Magallanes, que se encuentran por sobre los 500 metros sobre el nivel del mar, en la parte alta de la unidad. Mientras que en los bosques siempreverde y turberas est\u00e1 presente el coig\u00fce de Chilo\u00e9, tepa, tineo, chilco y canelo.<\/p>\n<p style=\"text-align: justify;\">Es preciso recordar que Parque Nacional Queulat ya abri\u00f3 sus puertas de martes a domingo y se espera cerrar con una tasa de 40 mil visitantes al 31 de diciembre del presente a\u00f1o. Para mayor informaci\u00f3n de horarios y lugares habilitados para visita, pueden ingresar a la p\u00e1gina <a href=\"https:\/\/www.conaf.cl\/situacion-de-parques-nacionales\/\">https:\/\/www.conaf.cl\/situacion-de-parques-nacionales\/<\/a><\/p>\n<\/div><\/section><\/div>\n<div  style='height:50px' class='hr hr-invisible   avia-builder-el-6  el_after_av_one_full  el_before_av_social_share '><span class='hr-inner ' ><span class='hr-inner-style'><\/span><\/span><\/div>\n<div  class='av-social-sharing-box  avia-builder-el-7  el_after_av_hr  el_before_av_hr  '><div class='av-share-box'><h5 class='av-share-link-description av-no-toc '>Compartir esta noticia<\/h5><ul class='av-share-box-list noLightbox'><li class='av-share-link av-social-link-facebook' ><a target=\"_blank\" aria-label=\"Compartir en Facebook\" href='https:\/\/www.facebook.com\/sharer.php?u=https:\/\/radiorevelacionfm.cl\/?p=22934&#038;t=Parque%20Nacional%20Queulat%3A%2039%20a%C3%B1os%20protegiendo%20a%20la%20ranita%20de%20Darwin' aria-hidden='false' data-av_icon='\ue8f3' data-av_iconfont='entypo-fontello' title='' data-avia-related-tooltip='Compartir en Facebook' rel=\"noopener\"><span class='avia_hidden_link_text'>Compartir en Facebook<\/span><\/a><\/li><li class='av-share-link av-social-link-twitter' ><a target=\"_blank\" aria-label=\"Compartir en Twitter\" href='https:\/\/twitter.com\/share?text=Parque%20Nacional%20Queulat%3A%2039%20a%C3%B1os%20protegiendo%20a%20la%20ranita%20de%20Darwin&#038;url=https:\/\/radiorevelacionfm.cl\/?p=22934' aria-hidden='false' data-av_icon='\ue8f1' data-av_iconfont='entypo-fontello' title='' data-avia-related-tooltip='Compartir en Twitter' rel=\"noopener\"><span class='avia_hidden_link_text'>Compartir en Twitter<\/span><\/a><\/li><li class='av-share-link av-social-link-whatsapp' ><a target=\"_blank\" aria-label=\"Compartir en Whatsapp\" href='https:\/\/api.whatsapp.com\/send?text=https:\/\/radiorevelacionfm.cl\/?p=22934' aria-hidden='false' data-av_icon='\uf232' data-av_iconfont='entypo-fontello' title='' data-avia-related-tooltip='Compartir en Whatsapp' rel=\"noopener\"><span class='avia_hidden_link_text'>Compartir en Whatsapp<\/span><\/a><\/li><li class='av-share-link av-social-link-linkedin' ><a target=\"_blank\" aria-label=\"Compartir en LinkedIn\" href='https:\/\/linkedin.com\/shareArticle?mini=true&#038;title=Parque%20Nacional%20Queulat%3A%2039%20a%C3%B1os%20protegiendo%20a%20la%20ranita%20de%20Darwin&#038;url=https:\/\/radiorevelacionfm.cl\/?p=22934' aria-hidden='false' data-av_icon='\ue8fc' data-av_iconfont='entypo-fontello' title='' data-avia-related-tooltip='Compartir en LinkedIn' rel=\"noopener\"><span class='avia_hidden_link_text'>Compartir en LinkedIn<\/span><\/a><\/li><li class='av-share-link av-social-link-mail' ><a  aria-label=\"Compartir por correo\" href='mailto:?subject=Parque%20Nacional%20Queulat%3A%2039%20a%C3%B1os%20protegiendo%20a%20la%20ranita%20de%20Darwin&#038;body=https:\/\/radiorevelacionfm.cl\/?p=22934' aria-hidden='false' data-av_icon='\ue805' data-av_iconfont='entypo-fontello' title='' data-avia-related-tooltip='Compartir por correo'><span class='avia_hidden_link_text'>Compartir por correo<\/span><\/a><\/li><\/ul><\/div><\/div>\n<div  style='height:50px' class='hr hr-invisible   avia-builder-el-8  el_after_av_social_share  el_before_av_comments_list '><span class='hr-inner ' ><span class='hr-inner-style'><\/span><\/span><\/div>\n<div  class='av-buildercomment  av-blog-meta-html-info-disabled av-blog-meta-tag-disabled  '><\/div>\n","protected":false},"excerpt":{"rendered":"","protected":false},"author":1,"featured_media":22965,"comment_status":"open","ping_status":"open","sticky":false,"template":"","format":"standard","meta":{"footnotes":""},"categories":[54],"tags":[],"class_list":["post-22934","post","type-post","status-publish","format-standard","has-post-thumbnail","hentry","category-turismo"],"jetpack_featured_media_url":"https:\/\/radiorevelacionfm.cl\/wp-content\/uploads\/2022\/10\/Queulat-IMG_Parque-1.jpg","_links":{"self":[{"href":"https:\/\/radiorevelacionfm.cl\/index.php?rest_route=\/wp\/v2\/posts\/22934","targetHints":{"allow":["GET"]}}],"collection":[{"href":"https:\/\/radiorevelacionfm.cl\/index.php?rest_route=\/wp\/v2\/posts"}],"about":[{"href":"https:\/\/radiorevelacionfm.cl\/index.php?rest_route=\/wp\/v2\/types\/post"}],"author":[{"embeddable":true,"href":"https:\/\/radiorevelacionfm.cl\/index.php?rest_route=\/wp\/v2\/users\/1"}],"replies":[{"embeddable":true,"href":"https:\/\/radiorevelacionfm.cl\/index.php?rest_route=%2Fwp%2Fv2%2Fcomments&post=22934"}],"version-history":[{"count":3,"href":"https:\/\/radiorevelacionfm.cl\/index.php?rest_route=\/wp\/v2\/posts\/22934\/revisions"}],"predecessor-version":[{"id":22964,"href":"https:\/\/radiorevelacionfm.cl\/index.php?rest_route=\/wp\/v2\/posts\/22934\/revisions\/22964"}],"wp:featuredmedia":[{"embeddable":true,"href":"https:\/\/radiorevelacionfm.cl\/index.php?rest_route=\/wp\/v2\/media\/22965"}],"wp:attachment":[{"href":"https:\/\/radiorevelacionfm.cl\/index.php?rest_route=%2Fwp%2Fv2%2Fmedia&parent=22934"}],"wp:term":[{"taxonomy":"category","embeddable":true,"href":"https:\/\/radiorevelacionfm.cl\/index.php?rest_route=%2Fwp%2Fv2%2Fcategories&post=22934"},{"taxonomy":"post_tag","embeddable":true,"href":"https:\/\/radiorevelacionfm.cl\/index.php?rest_route=%2Fwp%2Fv2%2Ftags&post=22934"}],"curies":[{"name":"wp","href":"https:\/\/api.w.org\/{rel}","templated":true}]}}