{"id":22931,"date":"2022-10-12T17:20:51","date_gmt":"2022-10-12T20:20:51","guid":{"rendered":"https:\/\/radiorevelacionfm.cl\/?p=22931"},"modified":"2022-10-12T17:20:51","modified_gmt":"2022-10-12T20:20:51","slug":"comunidad-de-chile-chico-participa-en-la-elaboracion-del-plan-de-gestion-de-la-casa-de-la-cultura","status":"publish","type":"post","link":"https:\/\/radiorevelacionfm.cl\/?p=22931","title":{"rendered":"Comunidad de Chile Chico participa en la elaboraci\u00f3n del plan de gesti\u00f3n de la Casa de la Cultura"},"content":{"rendered":"<div class=\"flex_column av_one_full  flex_column_div av-zero-column-padding first  avia-builder-el-0  el_before_av_one_full  avia-builder-el-first  \" style='border-radius:0px; '><div  class='avia-image-container  av-styling-    avia-builder-el-1  avia-builder-el-no-sibling  avia-align-center '  itemprop=\"image\" itemscope=\"itemscope\" itemtype=\"https:\/\/schema.org\/ImageObject\"  ><div class='avia-image-container-inner'><div class='avia-image-overlay-wrap'><img decoding=\"async\" class='wp-image-22932 avia-img-lazy-loading-not-22932 avia_image' src=\"https:\/\/radiorevelacionfm.cl\/wp-content\/uploads\/2022\/10\/chile-chico1-1.jpg\" alt='' title='chile chico1 (1)' height=\"601\" width=\"896\"  itemprop=\"thumbnailUrl\" srcset=\"https:\/\/radiorevelacionfm.cl\/wp-content\/uploads\/2022\/10\/chile-chico1-1.jpg 896w, https:\/\/radiorevelacionfm.cl\/wp-content\/uploads\/2022\/10\/chile-chico1-1-300x201.jpg 300w, https:\/\/radiorevelacionfm.cl\/wp-content\/uploads\/2022\/10\/chile-chico1-1-768x515.jpg 768w, https:\/\/radiorevelacionfm.cl\/wp-content\/uploads\/2022\/10\/chile-chico1-1-705x473.jpg 705w, https:\/\/radiorevelacionfm.cl\/wp-content\/uploads\/2022\/10\/chile-chico1-1-600x402.jpg 600w\" sizes=\"(max-width: 896px) 100vw, 896px\" \/><\/div><\/div><\/div><\/div><div class=\"flex_column av_one_full  flex_column_div av-zero-column-padding first  avia-builder-el-2  el_after_av_one_full  el_before_av_one_full  column-top-margin\" style='border-radius:0px; '><section class=\"av_textblock_section \"  itemscope=\"itemscope\" itemtype=\"https:\/\/schema.org\/BlogPosting\" itemprop=\"blogPost\" ><div class='avia_textblock  '   itemprop=\"text\" ><p style=\"text-align: center;\"><strong><span style=\"font-size: 18pt;\">Comunidad de Chile Chico participa en la elaboraci\u00f3n del plan de gesti\u00f3n de la Casa de la Cultura<\/span><\/strong><\/p>\n<div id=\"gtx-trans\" style=\"position: absolute; left: -50px; top: 4.31534px;\">\n<div class=\"gtx-trans-icon\"><\/div>\n<\/div>\n<\/div><\/section><\/div><div class=\"flex_column av_one_full  flex_column_div av-zero-column-padding first  avia-builder-el-4  el_after_av_one_full  el_before_av_hr  column-top-margin\" style='border-radius:0px; '><section class=\"av_textblock_section \"  itemscope=\"itemscope\" itemtype=\"https:\/\/schema.org\/BlogPosting\" itemprop=\"blogPost\" ><div class='avia_textblock  '   itemprop=\"text\" ><p class=\"v1p6 v1ContentPasted0\" style=\"text-align: justify;\">Vecinos y vecinas de la localidad de Chile Chico est\u00e1n participando activamente en la elaboraci\u00f3n del Plan de Gesti\u00f3n de la Casa de la Cultura de la ciudad, proceso que renovar\u00e1 las formas de trabajo y las herramientas con que cuenta dicha instituci\u00f3n cultural.<\/p>\n<p class=\"v1p6 v1ContentPasted0\" style=\"text-align: justify;\">Esto ocurre a partir del trabajo mancomunado de la Secretar\u00eda Regional Ministerial de las Culturas, las Artes y el Patrimonio y los municipios de la Regi\u00f3n de Ays\u00e9n, en este caso, el de Chile Chico, que recibe recursos del Programa Red Cultura de Cultura Ays\u00e9n para llevar a cabo este proceso de actualizaci\u00f3n de sus planes de gesti\u00f3n.<\/p>\n<p class=\"v1p6 v1ContentPasted0\" style=\"text-align: justify;\">\u00abEl trabajo se concentra en el levantamiento de informaci\u00f3n a partir de encuentros participativos de codise\u00f1o\u00bb, explica el seremi de Culturas Ays\u00e9n, Felipe Quiroz, quien agrega que \u00ab\u00e9stos procesos de participaci\u00f3n en que la comunidad se compromete con sus municipios y, en definitiva, con las familias, que utilizan la casa de la cultura, son fundamentales para enriquecer la forma en que trabajamos las culturas en el territorio, pues juntos y juntas construimos una hoja de ruta que nos guiar\u00e1 hacia la mejora de todos nuestros procesos\u00bb.<\/p>\n<p class=\"v1p6 v1ContentPasted0\" style=\"text-align: justify;\">Luis Aravena estuvo a cargo del proceso en Chile Chico y dijo que \u00aben la primera etapa fue la revisi\u00f3n de antecedentes y ahora estamos en el levantamiento directamente, actividades participativas con grupos definidos, por ejemplo, educaci\u00f3n, jard\u00edn, colegios y liceos, adultos mayores, funcionarios municipales y tambi\u00e9n una gran actividad abierta a la comunidad que fue realizada en la propia Casa de la Cultura donde se invitaba a toda la comunidad, a la diversidad de la comuna\u00bb.<\/p>\n<p class=\"v1p6 v1ContentPasted0\" style=\"text-align: justify;\">Aravena cuenta que la comunidad de Chile Chico entrega una alta valoraci\u00f3n al espacio que, adem\u00e1s, cuenta con muy buena infraestructura. Por todo esto, \u00abse advierte que los vecinos y vecinas quieren poder utilizar m\u00e1s el espacio, apropiarse de \u00e9l y sumar oportunidades para poder avanzar en la inclusi\u00f3n con el sistema escolar y la vinculaci\u00f3n con las distintas organizaciones comunitarias y sociales\u00bb.<\/p>\n<p class=\"v1p6 v1ContentPasted0\" style=\"text-align: justify;\">El proceso participativo en Chile Chico cont\u00f3 con la asistencia de 60 personas. Este a\u00f1o, Red Cultura del Ministerio de las Culturas, las Artes el Patrimonio, tambi\u00e9n financiar\u00e1 la actualizaci\u00f3n del Plan Municipal de Cultura en Guaitecas, R\u00edo Ib\u00e1\u00f1ez y Coyhaique;\u00a0y del Plan de Gesti\u00f3n Municipal\u00a0de la Casa de la Cultura de Cochrane y la l\u00ednea estrat\u00e9gica de Sostenibilidad del PMC en O\u00b4Higgins.<\/p>\n<\/div><\/section><\/div><div  style='height:50px' class='hr hr-invisible   avia-builder-el-6  el_after_av_one_full  el_before_av_social_share '><span class='hr-inner ' ><span class='hr-inner-style'><\/span><\/span><\/div><\/p>\n<div  class='av-social-sharing-box  avia-builder-el-7  el_after_av_hr  el_before_av_hr  '><div class='av-share-box'><h5 class='av-share-link-description av-no-toc '>Compartir esta noticia<\/h5><ul class='av-share-box-list noLightbox'><li class='av-share-link av-social-link-facebook' ><a target=\"_blank\" aria-label=\"Compartir en Facebook\" href='https:\/\/www.facebook.com\/sharer.php?u=https:\/\/radiorevelacionfm.cl\/?p=22931&#038;t=Comunidad%20de%20Chile%20Chico%20participa%20en%20la%20elaboraci%C3%B3n%20del%20plan%20de%20gesti%C3%B3n%20de%20la%20Casa%20de%20la%20Cultura' aria-hidden='false' data-av_icon='\ue8f3' data-av_iconfont='entypo-fontello' title='' data-avia-related-tooltip='Compartir en Facebook' rel=\"noopener\"><span class='avia_hidden_link_text'>Compartir en Facebook<\/span><\/a><\/li><li class='av-share-link av-social-link-twitter' ><a target=\"_blank\" aria-label=\"Compartir en Twitter\" href='https:\/\/twitter.com\/share?text=Comunidad%20de%20Chile%20Chico%20participa%20en%20la%20elaboraci%C3%B3n%20del%20plan%20de%20gesti%C3%B3n%20de%20la%20Casa%20de%20la%20Cultura&#038;url=https:\/\/radiorevelacionfm.cl\/?p=22931' aria-hidden='false' data-av_icon='\ue8f1' data-av_iconfont='entypo-fontello' title='' data-avia-related-tooltip='Compartir en Twitter' rel=\"noopener\"><span class='avia_hidden_link_text'>Compartir en Twitter<\/span><\/a><\/li><li class='av-share-link av-social-link-whatsapp' ><a target=\"_blank\" aria-label=\"Compartir en Whatsapp\" href='https:\/\/api.whatsapp.com\/send?text=https:\/\/radiorevelacionfm.cl\/?p=22931' aria-hidden='false' data-av_icon='\uf232' data-av_iconfont='entypo-fontello' title='' data-avia-related-tooltip='Compartir en Whatsapp' rel=\"noopener\"><span class='avia_hidden_link_text'>Compartir en Whatsapp<\/span><\/a><\/li><li class='av-share-link av-social-link-linkedin' ><a target=\"_blank\" aria-label=\"Compartir en LinkedIn\" href='https:\/\/linkedin.com\/shareArticle?mini=true&#038;title=Comunidad%20de%20Chile%20Chico%20participa%20en%20la%20elaboraci%C3%B3n%20del%20plan%20de%20gesti%C3%B3n%20de%20la%20Casa%20de%20la%20Cultura&#038;url=https:\/\/radiorevelacionfm.cl\/?p=22931' aria-hidden='false' data-av_icon='\ue8fc' data-av_iconfont='entypo-fontello' title='' data-avia-related-tooltip='Compartir en LinkedIn' rel=\"noopener\"><span class='avia_hidden_link_text'>Compartir en LinkedIn<\/span><\/a><\/li><li class='av-share-link av-social-link-mail' ><a  aria-label=\"Compartir por correo\" href='mailto:?subject=Comunidad%20de%20Chile%20Chico%20participa%20en%20la%20elaboraci%C3%B3n%20del%20plan%20de%20gesti%C3%B3n%20de%20la%20Casa%20de%20la%20Cultura&#038;body=https:\/\/radiorevelacionfm.cl\/?p=22931' aria-hidden='false' data-av_icon='\ue805' data-av_iconfont='entypo-fontello' title='' data-avia-related-tooltip='Compartir por correo'><span class='avia_hidden_link_text'>Compartir por correo<\/span><\/a><\/li><\/ul><\/div><\/div>\n<div  style='height:50px' class='hr hr-invisible   avia-builder-el-8  el_after_av_social_share  el_before_av_comments_list '><span class='hr-inner ' ><span class='hr-inner-style'><\/span><\/span><\/div>\n<div  class='av-buildercomment  av-blog-meta-html-info-disabled av-blog-meta-tag-disabled  '><\/div>\n","protected":false},"excerpt":{"rendered":"","protected":false},"author":1,"featured_media":22932,"comment_status":"open","ping_status":"open","sticky":false,"template":"","format":"standard","meta":{"footnotes":""},"categories":[52],"tags":[],"class_list":["post-22931","post","type-post","status-publish","format-standard","has-post-thumbnail","hentry","category-cultura"],"jetpack_featured_media_url":"https:\/\/radiorevelacionfm.cl\/wp-content\/uploads\/2022\/10\/chile-chico1-1.jpg","_links":{"self":[{"href":"https:\/\/radiorevelacionfm.cl\/index.php?rest_route=\/wp\/v2\/posts\/22931","targetHints":{"allow":["GET"]}}],"collection":[{"href":"https:\/\/radiorevelacionfm.cl\/index.php?rest_route=\/wp\/v2\/posts"}],"about":[{"href":"https:\/\/radiorevelacionfm.cl\/index.php?rest_route=\/wp\/v2\/types\/post"}],"author":[{"embeddable":true,"href":"https:\/\/radiorevelacionfm.cl\/index.php?rest_route=\/wp\/v2\/users\/1"}],"replies":[{"embeddable":true,"href":"https:\/\/radiorevelacionfm.cl\/index.php?rest_route=%2Fwp%2Fv2%2Fcomments&post=22931"}],"version-history":[{"count":2,"href":"https:\/\/radiorevelacionfm.cl\/index.php?rest_route=\/wp\/v2\/posts\/22931\/revisions"}],"predecessor-version":[{"id":22937,"href":"https:\/\/radiorevelacionfm.cl\/index.php?rest_route=\/wp\/v2\/posts\/22931\/revisions\/22937"}],"wp:featuredmedia":[{"embeddable":true,"href":"https:\/\/radiorevelacionfm.cl\/index.php?rest_route=\/wp\/v2\/media\/22932"}],"wp:attachment":[{"href":"https:\/\/radiorevelacionfm.cl\/index.php?rest_route=%2Fwp%2Fv2%2Fmedia&parent=22931"}],"wp:term":[{"taxonomy":"category","embeddable":true,"href":"https:\/\/radiorevelacionfm.cl\/index.php?rest_route=%2Fwp%2Fv2%2Fcategories&post=22931"},{"taxonomy":"post_tag","embeddable":true,"href":"https:\/\/radiorevelacionfm.cl\/index.php?rest_route=%2Fwp%2Fv2%2Ftags&post=22931"}],"curies":[{"name":"wp","href":"https:\/\/api.w.org\/{rel}","templated":true}]}}