{"id":22926,"date":"2022-10-12T15:24:44","date_gmt":"2022-10-12T18:24:44","guid":{"rendered":"https:\/\/radiorevelacionfm.cl\/?p=22926"},"modified":"2022-10-12T15:24:44","modified_gmt":"2022-10-12T18:24:44","slug":"vocera-de-gobierno-destaco-apoyo-a-organizaciones-sociales-tras-firma-de-convenio-entre-segegob-y-bancoestado","status":"publish","type":"post","link":"https:\/\/radiorevelacionfm.cl\/?p=22926","title":{"rendered":"Vocera de Gobierno destac\u00f3 apoyo a organizaciones sociales tras firma de convenio entre Segegob y BancoEstado"},"content":{"rendered":"<div class=\"flex_column av_one_full  flex_column_div av-zero-column-padding first  avia-builder-el-0  el_before_av_one_full  avia-builder-el-first  \" style='border-radius:0px; '><div  class='avia-image-container  av-styling-    avia-builder-el-1  avia-builder-el-no-sibling  avia-align-center '  itemprop=\"image\" itemscope=\"itemscope\" itemtype=\"https:\/\/schema.org\/ImageObject\"  ><div class='avia-image-container-inner'><div class='avia-image-overlay-wrap'><img decoding=\"async\" class='wp-image-22927 avia-img-lazy-loading-not-22927 avia_image' src=\"https:\/\/radiorevelacionfm.cl\/wp-content\/uploads\/2022\/10\/seremi-1-2-1_optimized-1.jpeg\" alt='' title='seremi-1-(2)-(1)_optimized (1)' height=\"600\" width=\"1082\"  itemprop=\"thumbnailUrl\" srcset=\"https:\/\/radiorevelacionfm.cl\/wp-content\/uploads\/2022\/10\/seremi-1-2-1_optimized-1.jpeg 1082w, https:\/\/radiorevelacionfm.cl\/wp-content\/uploads\/2022\/10\/seremi-1-2-1_optimized-1-300x166.jpeg 300w, https:\/\/radiorevelacionfm.cl\/wp-content\/uploads\/2022\/10\/seremi-1-2-1_optimized-1-1030x571.jpeg 1030w, https:\/\/radiorevelacionfm.cl\/wp-content\/uploads\/2022\/10\/seremi-1-2-1_optimized-1-768x426.jpeg 768w, https:\/\/radiorevelacionfm.cl\/wp-content\/uploads\/2022\/10\/seremi-1-2-1_optimized-1-705x391.jpeg 705w, https:\/\/radiorevelacionfm.cl\/wp-content\/uploads\/2022\/10\/seremi-1-2-1_optimized-1-600x333.jpeg 600w\" sizes=\"(max-width: 1082px) 100vw, 1082px\" \/><\/div><\/div><\/div><\/div><div class=\"flex_column av_one_full  flex_column_div av-zero-column-padding first  avia-builder-el-2  el_after_av_one_full  el_before_av_one_full  column-top-margin\" style='border-radius:0px; '><section class=\"av_textblock_section \"  itemscope=\"itemscope\" itemtype=\"https:\/\/schema.org\/BlogPosting\" itemprop=\"blogPost\" ><div class='avia_textblock  '   itemprop=\"text\" ><p style=\"text-align: center;\"><strong><span style=\"font-size: 18pt;\">Vocera de Gobierno destac\u00f3 apoyo a organizaciones sociales tras firma de convenio entre Segegob y BancoEstado<\/span><\/strong><\/p>\n<div id=\"gtx-trans\" style=\"position: absolute; left: -50px; top: 4.31534px;\">\n<div class=\"gtx-trans-icon\"><\/div>\n<\/div>\n<\/div><\/section><\/div><div class=\"flex_column av_one_full  flex_column_div av-zero-column-padding first  avia-builder-el-4  el_after_av_one_full  el_before_av_hr  column-top-margin\" style='border-radius:0px; '><section class=\"av_textblock_section \"  itemscope=\"itemscope\" itemtype=\"https:\/\/schema.org\/BlogPosting\" itemprop=\"blogPost\" ><div class='avia_textblock  '   itemprop=\"text\" ><p class=\"v1MsoNormal\" style=\"text-align: justify;\">La Seremi de Gobierno de Ays\u00e9n, Tatiana Pl\u00e1 \u00c1lvarez, celebr\u00f3 la firma de un convenio entre el Ministerio Secretar\u00eda General de Gobierno y BancoEstado para hacer un trabajo activo en las necesidades, problemas y dificultades de las organizaciones asociadas a la gesti\u00f3n de sus productos financieros.<\/p>\n<p class=\"v1MsoNormal\" style=\"text-align: justify;\">Esta iniciativa surgi\u00f3 desde la Divisi\u00f3n de Organizaciones Sociales, DOS, tras algunas conversaciones con BancoEstado, para apoyar a diferentes agrupaciones, y el resultado fue un convenio marco de colaboraci\u00f3n cuyo objetivo es dar lugar a acciones de fortalecimiento de las organizaciones de la sociedad civil, para recopilar e intercambiar informaci\u00f3n, generar instancias conjuntas de difusi\u00f3n, participaci\u00f3n, capacitaci\u00f3n, educaci\u00f3n e informaci\u00f3n en los asuntos relacionados con BancoEstado a las organizaciones de la sociedad civil.<\/p>\n<p class=\"v1MsoNormal\" style=\"text-align: justify;\">\u00abLa finalidad de este convenio es trabajar en acciones para propiciar la inclusi\u00f3n financiera de las organizaciones comunitarias y territoriales vinculadas a la Segegob, as\u00ed como tambi\u00e9n realizar difusi\u00f3n de informaci\u00f3n, eventos y noticias de inter\u00e9s para estas organizaciones a trav\u00e9s de la Plataforma Comunidades en Red de BancoEstado, proporcionada por la Segegob de Gobierno y, entre otras cosas, la b\u00fasqueda de mejoras en el acceso a productos y servicios del sistema financiero para las organizaciones de la sociedad civil\u00bb, explic\u00f3 Tatiana Pl\u00e1.<\/p>\n<p class=\"v1MsoNormal\" style=\"text-align: justify;\">La vocera agreg\u00f3, \u00abuno de los ejes principales de<span class=\"v1gmail-Apple-converted-space\">\u00a0<\/span>\u00a0nuestro gobierno es entregar seguridad, y eso implica seguridad ciudadana,\u00a0pero tambi\u00e9n seguridad social al trav\u00e9s de pensiones. Y en ese sentido, aclarar que tambi\u00e9n nos importa la seguridad econ\u00f3mica. Entonces, que podamos avanzar en un convenio que est\u00e1 pensado en la \u00f3ptica de entregar mejores condiciones en cuanto a seguridad econ\u00f3mica y social a trav\u00e9s del empoderamiento de las y los dirigentes sociales, es muy importante y va en la l\u00ednea con lo que el Presidente Gabriel Boric ha querido desarrollar\u00bb.<\/p>\n<p class=\"v1MsoNormal\" style=\"text-align: justify;\">Para el Gobierno, existe la convicci\u00f3n de que el manejo de herramientas bancarias por parte de dirigentes sociales y sus organizaciones, son pilares fundamentales para el fortalecimiento de la participaci\u00f3n de la sociedad civil y en definitiva para la elaboraci\u00f3n de pol\u00edticas p\u00fablicas y nuestra democracia.<\/p>\n<\/div><\/section><\/div><div  style='height:50px' class='hr hr-invisible   avia-builder-el-6  el_after_av_one_full  el_before_av_social_share '><span class='hr-inner ' ><span class='hr-inner-style'><\/span><\/span><\/div><\/p>\n<div  class='av-social-sharing-box  avia-builder-el-7  el_after_av_hr  el_before_av_hr  '><div class='av-share-box'><h5 class='av-share-link-description av-no-toc '>Compartir esta noticia<\/h5><ul class='av-share-box-list noLightbox'><li class='av-share-link av-social-link-facebook' ><a target=\"_blank\" aria-label=\"Compartir en Facebook\" href='https:\/\/www.facebook.com\/sharer.php?u=https:\/\/radiorevelacionfm.cl\/?p=22926&#038;t=Vocera%20de%20Gobierno%20destac%C3%B3%20apoyo%20a%20organizaciones%20sociales%20tras%20firma%20de%20convenio%20entre%20Segegob%20y%20BancoEstado' aria-hidden='false' data-av_icon='\ue8f3' data-av_iconfont='entypo-fontello' title='' data-avia-related-tooltip='Compartir en Facebook' rel=\"noopener\"><span class='avia_hidden_link_text'>Compartir en Facebook<\/span><\/a><\/li><li class='av-share-link av-social-link-twitter' ><a target=\"_blank\" aria-label=\"Compartir en Twitter\" href='https:\/\/twitter.com\/share?text=Vocera%20de%20Gobierno%20destac%C3%B3%20apoyo%20a%20organizaciones%20sociales%20tras%20firma%20de%20convenio%20entre%20Segegob%20y%20BancoEstado&#038;url=https:\/\/radiorevelacionfm.cl\/?p=22926' aria-hidden='false' data-av_icon='\ue8f1' data-av_iconfont='entypo-fontello' title='' data-avia-related-tooltip='Compartir en Twitter' rel=\"noopener\"><span class='avia_hidden_link_text'>Compartir en Twitter<\/span><\/a><\/li><li class='av-share-link av-social-link-whatsapp' ><a target=\"_blank\" aria-label=\"Compartir en Whatsapp\" href='https:\/\/api.whatsapp.com\/send?text=https:\/\/radiorevelacionfm.cl\/?p=22926' aria-hidden='false' data-av_icon='\uf232' data-av_iconfont='entypo-fontello' title='' data-avia-related-tooltip='Compartir en Whatsapp' rel=\"noopener\"><span class='avia_hidden_link_text'>Compartir en Whatsapp<\/span><\/a><\/li><li class='av-share-link av-social-link-linkedin' ><a target=\"_blank\" aria-label=\"Compartir en LinkedIn\" href='https:\/\/linkedin.com\/shareArticle?mini=true&#038;title=Vocera%20de%20Gobierno%20destac%C3%B3%20apoyo%20a%20organizaciones%20sociales%20tras%20firma%20de%20convenio%20entre%20Segegob%20y%20BancoEstado&#038;url=https:\/\/radiorevelacionfm.cl\/?p=22926' aria-hidden='false' data-av_icon='\ue8fc' data-av_iconfont='entypo-fontello' title='' data-avia-related-tooltip='Compartir en LinkedIn' rel=\"noopener\"><span class='avia_hidden_link_text'>Compartir en LinkedIn<\/span><\/a><\/li><li class='av-share-link av-social-link-mail' ><a  aria-label=\"Compartir por correo\" href='mailto:?subject=Vocera%20de%20Gobierno%20destac%C3%B3%20apoyo%20a%20organizaciones%20sociales%20tras%20firma%20de%20convenio%20entre%20Segegob%20y%20BancoEstado&#038;body=https:\/\/radiorevelacionfm.cl\/?p=22926' aria-hidden='false' data-av_icon='\ue805' data-av_iconfont='entypo-fontello' title='' data-avia-related-tooltip='Compartir por correo'><span class='avia_hidden_link_text'>Compartir por correo<\/span><\/a><\/li><\/ul><\/div><\/div>\n<div  style='height:50px' class='hr hr-invisible   avia-builder-el-8  el_after_av_social_share  el_before_av_comments_list '><span class='hr-inner ' ><span class='hr-inner-style'><\/span><\/span><\/div>\n<div  class='av-buildercomment  av-blog-meta-html-info-disabled av-blog-meta-tag-disabled  '><\/div>\n","protected":false},"excerpt":{"rendered":"","protected":false},"author":1,"featured_media":22927,"comment_status":"open","ping_status":"open","sticky":false,"template":"","format":"standard","meta":{"footnotes":""},"categories":[38],"tags":[],"class_list":["post-22926","post","type-post","status-publish","format-standard","has-post-thumbnail","hentry","category-regional"],"jetpack_featured_media_url":"https:\/\/radiorevelacionfm.cl\/wp-content\/uploads\/2022\/10\/seremi-1-2-1_optimized-1.jpeg","_links":{"self":[{"href":"https:\/\/radiorevelacionfm.cl\/index.php?rest_route=\/wp\/v2\/posts\/22926","targetHints":{"allow":["GET"]}}],"collection":[{"href":"https:\/\/radiorevelacionfm.cl\/index.php?rest_route=\/wp\/v2\/posts"}],"about":[{"href":"https:\/\/radiorevelacionfm.cl\/index.php?rest_route=\/wp\/v2\/types\/post"}],"author":[{"embeddable":true,"href":"https:\/\/radiorevelacionfm.cl\/index.php?rest_route=\/wp\/v2\/users\/1"}],"replies":[{"embeddable":true,"href":"https:\/\/radiorevelacionfm.cl\/index.php?rest_route=%2Fwp%2Fv2%2Fcomments&post=22926"}],"version-history":[{"count":2,"href":"https:\/\/radiorevelacionfm.cl\/index.php?rest_route=\/wp\/v2\/posts\/22926\/revisions"}],"predecessor-version":[{"id":22929,"href":"https:\/\/radiorevelacionfm.cl\/index.php?rest_route=\/wp\/v2\/posts\/22926\/revisions\/22929"}],"wp:featuredmedia":[{"embeddable":true,"href":"https:\/\/radiorevelacionfm.cl\/index.php?rest_route=\/wp\/v2\/media\/22927"}],"wp:attachment":[{"href":"https:\/\/radiorevelacionfm.cl\/index.php?rest_route=%2Fwp%2Fv2%2Fmedia&parent=22926"}],"wp:term":[{"taxonomy":"category","embeddable":true,"href":"https:\/\/radiorevelacionfm.cl\/index.php?rest_route=%2Fwp%2Fv2%2Fcategories&post=22926"},{"taxonomy":"post_tag","embeddable":true,"href":"https:\/\/radiorevelacionfm.cl\/index.php?rest_route=%2Fwp%2Fv2%2Ftags&post=22926"}],"curies":[{"name":"wp","href":"https:\/\/api.w.org\/{rel}","templated":true}]}}