{"id":22917,"date":"2022-10-12T09:41:28","date_gmt":"2022-10-12T12:41:28","guid":{"rendered":"https:\/\/radiorevelacionfm.cl\/?p=22917"},"modified":"2022-10-12T09:41:28","modified_gmt":"2022-10-12T12:41:28","slug":"proyecto-patrimonial-pone-en-valor-la-historia-de-puerto-raul-marin-balmaceda","status":"publish","type":"post","link":"https:\/\/radiorevelacionfm.cl\/?p=22917","title":{"rendered":"Proyecto patrimonial pone en valor la historia de Puerto Ra\u00fal Mar\u00edn Balmaceda"},"content":{"rendered":"<div class=\"flex_column av_one_full  flex_column_div av-zero-column-padding first  avia-builder-el-0  el_before_av_one_full  avia-builder-el-first  \" style='border-radius:0px; '><div  class='avia-image-container  av-styling-    avia-builder-el-1  avia-builder-el-no-sibling  avia-align-center '  itemprop=\"image\" itemscope=\"itemscope\" itemtype=\"https:\/\/schema.org\/ImageObject\"  ><div class='avia-image-container-inner'><div class='avia-image-overlay-wrap'><img decoding=\"async\" class='wp-image-22919 avia-img-lazy-loading-not-22919 avia_image' src=\"https:\/\/radiorevelacionfm.cl\/wp-content\/uploads\/2022\/10\/MAPA-FONDO-FINAL_revb-en-baja-03-1-1.jpg\" alt='' title='MAPA FONDO FINAL_revb en baja-03 (1) (1)' height=\"600\" width=\"450\"  itemprop=\"thumbnailUrl\" srcset=\"https:\/\/radiorevelacionfm.cl\/wp-content\/uploads\/2022\/10\/MAPA-FONDO-FINAL_revb-en-baja-03-1-1.jpg 450w, https:\/\/radiorevelacionfm.cl\/wp-content\/uploads\/2022\/10\/MAPA-FONDO-FINAL_revb-en-baja-03-1-1-225x300.jpg 225w\" sizes=\"(max-width: 450px) 100vw, 450px\" \/><\/div><\/div><\/div><\/div><div class=\"flex_column av_one_full  flex_column_div av-zero-column-padding first  avia-builder-el-2  el_after_av_one_full  el_before_av_one_full  column-top-margin\" style='border-radius:0px; '><section class=\"av_textblock_section \"  itemscope=\"itemscope\" itemtype=\"https:\/\/schema.org\/BlogPosting\" itemprop=\"blogPost\" ><div class='avia_textblock  '   itemprop=\"text\" ><p style=\"text-align: center;\"><strong><span style=\"font-size: 18pt;\">Proyecto patrimonial pone en valor la historia de Puerto Ra\u00fal Mar\u00edn Balmaceda<\/span><\/strong><\/p>\n<div id=\"gtx-trans\" style=\"position: absolute; left: -50px; top: 4.31534px;\">\n<div class=\"gtx-trans-icon\"><\/div>\n<\/div>\n<\/div><\/section><\/div><div class=\"flex_column av_one_full  flex_column_div av-zero-column-padding first  avia-builder-el-4  el_after_av_one_full  el_before_av_hr  column-top-margin\" style='border-radius:0px; '><section class=\"av_textblock_section \"  itemscope=\"itemscope\" itemtype=\"https:\/\/schema.org\/BlogPosting\" itemprop=\"blogPost\" ><div class='avia_textblock  '   itemprop=\"text\" ><p style=\"text-align: justify;\">\u201cRa\u00fal Mar\u00edn es la localidad m\u00e1s antigua de la regi\u00f3n de Ays\u00e9n con 133 a\u00f1os, sin embargo, la salvaguarda de su historia se recapitula a partir de las investigaciones patrimoniales realizadas por Nathalie Brito, tambi\u00e9n integrante de la organizaci\u00f3n quien ha publicado tres libros que abordan parte de la historia local de RMB. Este rescate m\u00e1s bien tard\u00edo, ha tenido como consecuencia una progresiva p\u00e9rdida de la memoria colectiva y una amenaza para la consolidaci\u00f3n de la identidad local. Sin una identidad fortalecida, el sentido de pertenencia y arraigo al territorio se va desvaneciendo, lo que se ha traducido en un continuo despoblamiento de la localidad\u201d enfatiza Alejandra Gonz\u00e1lez, arquitecta parte del equipo de trabajo.<\/p>\n<p style=\"text-align: justify;\">\u201cLa ruta patrimonial como proyecto general al corto plazo propone once estaciones iniciales, que ponen en valor distintos elementos identitarios, reconocidos por la comunidad a trav\u00e9s de diversos talleres participativos. En ese sentido el proyecto como objetivo general busca salvaguardar el patrimonio y la memoria, creando una herramienta de educaci\u00f3n patrimonial atractiva para todas las generaciones\u201d destaca tambi\u00e9n la soci\u00f3loga Nathalie Brito.<\/p>\n<p style=\"text-align: justify;\">\u201cA la fecha se han construido dos estaciones las cuales son parte del eje de hitos hist\u00f3ricos. A trav\u00e9s de este Fondo Regional se construir\u00e1n dos estaciones m\u00e1s, las cuales son: el eje de hitos socio-productivos, la estaci\u00f3n Agricultores, en relaci\u00f3n a este oficio y la estaci\u00f3n Pesca Artesanal, que es parte de los procesos econ\u00f3micos transversales a todas las etapas de asentamiento en el territorio. Esperamos que ambas est\u00e9n operativas a partir de Julio 2023\u201d, comenta Alejandra Gonz\u00e1lez.<\/p>\n<p style=\"text-align: justify;\">Esta Ruta Patrimonial cuenta con un seguimiento audiovisual de todo lo que ha sido el proceso de levantamiento de informaci\u00f3n y creaci\u00f3n de las estaciones, agrupados en c\u00e1psulas audiovisuales de corta duraci\u00f3n (1-2 minutos).<\/p>\n<p style=\"text-align: justify;\">Financiada por el Fondo de Desarrollo Cultural y las Artes, Convocatoria 2022 y ejecutada por la organizaci\u00f3n cultural Mujer Austral, esta iniciativa entra en su segunda etapa teniendo como objetivo principal la salvaguarda de la historia de esta localidad costera.<\/p>\n<p style=\"text-align: justify;\">Este material se puede revisar en el canal de Youtube de Mujer Austral<br \/>\n(<a href=\"https:\/\/www.youtube.com\/channel\/UC3yygZUhbN9XAWoXKJL56Ew\">https:\/\/www.youtube.com\/channel\/UC3yygZUhbN9XAWoXKJL56Ew<\/a>) o a trav\u00e9s de sus redes sociales (<a href=\"http:\/\/www.instagram.com\/mujer.austral\">www.instagram.com\/mujer.austral<\/a>)<\/p>\n<\/div><\/section><\/div><div  style='height:50px' class='hr hr-invisible   avia-builder-el-6  el_after_av_one_full  el_before_av_social_share '><span class='hr-inner ' ><span class='hr-inner-style'><\/span><\/span><\/div><\/p>\n<div  class='av-social-sharing-box  avia-builder-el-7  el_after_av_hr  el_before_av_hr  '><div class='av-share-box'><h5 class='av-share-link-description av-no-toc '>Compartir esta noticia<\/h5><ul class='av-share-box-list noLightbox'><li class='av-share-link av-social-link-facebook' ><a target=\"_blank\" aria-label=\"Compartir en Facebook\" href='https:\/\/www.facebook.com\/sharer.php?u=https:\/\/radiorevelacionfm.cl\/?p=22917&#038;t=Proyecto%20patrimonial%20pone%20en%20valor%20la%20historia%20de%20Puerto%20Ra%C3%BAl%20Mar%C3%ADn%20Balmaceda' aria-hidden='false' data-av_icon='\ue8f3' data-av_iconfont='entypo-fontello' title='' data-avia-related-tooltip='Compartir en Facebook' rel=\"noopener\"><span class='avia_hidden_link_text'>Compartir en Facebook<\/span><\/a><\/li><li class='av-share-link av-social-link-twitter' ><a target=\"_blank\" aria-label=\"Compartir en Twitter\" href='https:\/\/twitter.com\/share?text=Proyecto%20patrimonial%20pone%20en%20valor%20la%20historia%20de%20Puerto%20Ra%C3%BAl%20Mar%C3%ADn%20Balmaceda&#038;url=https:\/\/radiorevelacionfm.cl\/?p=22917' aria-hidden='false' data-av_icon='\ue8f1' data-av_iconfont='entypo-fontello' title='' data-avia-related-tooltip='Compartir en Twitter' rel=\"noopener\"><span class='avia_hidden_link_text'>Compartir en Twitter<\/span><\/a><\/li><li class='av-share-link av-social-link-whatsapp' ><a target=\"_blank\" aria-label=\"Compartir en Whatsapp\" href='https:\/\/api.whatsapp.com\/send?text=https:\/\/radiorevelacionfm.cl\/?p=22917' aria-hidden='false' data-av_icon='\uf232' data-av_iconfont='entypo-fontello' title='' data-avia-related-tooltip='Compartir en Whatsapp' rel=\"noopener\"><span class='avia_hidden_link_text'>Compartir en Whatsapp<\/span><\/a><\/li><li class='av-share-link av-social-link-linkedin' ><a target=\"_blank\" aria-label=\"Compartir en LinkedIn\" href='https:\/\/linkedin.com\/shareArticle?mini=true&#038;title=Proyecto%20patrimonial%20pone%20en%20valor%20la%20historia%20de%20Puerto%20Ra%C3%BAl%20Mar%C3%ADn%20Balmaceda&#038;url=https:\/\/radiorevelacionfm.cl\/?p=22917' aria-hidden='false' data-av_icon='\ue8fc' data-av_iconfont='entypo-fontello' title='' data-avia-related-tooltip='Compartir en LinkedIn' rel=\"noopener\"><span class='avia_hidden_link_text'>Compartir en LinkedIn<\/span><\/a><\/li><li class='av-share-link av-social-link-mail' ><a  aria-label=\"Compartir por correo\" href='mailto:?subject=Proyecto%20patrimonial%20pone%20en%20valor%20la%20historia%20de%20Puerto%20Ra%C3%BAl%20Mar%C3%ADn%20Balmaceda&#038;body=https:\/\/radiorevelacionfm.cl\/?p=22917' aria-hidden='false' data-av_icon='\ue805' data-av_iconfont='entypo-fontello' title='' data-avia-related-tooltip='Compartir por correo'><span class='avia_hidden_link_text'>Compartir por correo<\/span><\/a><\/li><\/ul><\/div><\/div>\n<div  style='height:50px' class='hr hr-invisible   avia-builder-el-8  el_after_av_social_share  el_before_av_comments_list '><span class='hr-inner ' ><span class='hr-inner-style'><\/span><\/span><\/div>\n<div  class='av-buildercomment  av-blog-meta-html-info-disabled av-blog-meta-tag-disabled  '><\/div>\n","protected":false},"excerpt":{"rendered":"","protected":false},"author":1,"featured_media":22918,"comment_status":"open","ping_status":"open","sticky":false,"template":"","format":"standard","meta":{"footnotes":""},"categories":[38],"tags":[],"class_list":["post-22917","post","type-post","status-publish","format-standard","has-post-thumbnail","hentry","category-regional"],"jetpack_featured_media_url":"https:\/\/radiorevelacionfm.cl\/wp-content\/uploads\/2022\/10\/MAPA-FONDO-FINAL_C-1-1.jpg","_links":{"self":[{"href":"https:\/\/radiorevelacionfm.cl\/index.php?rest_route=\/wp\/v2\/posts\/22917","targetHints":{"allow":["GET"]}}],"collection":[{"href":"https:\/\/radiorevelacionfm.cl\/index.php?rest_route=\/wp\/v2\/posts"}],"about":[{"href":"https:\/\/radiorevelacionfm.cl\/index.php?rest_route=\/wp\/v2\/types\/post"}],"author":[{"embeddable":true,"href":"https:\/\/radiorevelacionfm.cl\/index.php?rest_route=\/wp\/v2\/users\/1"}],"replies":[{"embeddable":true,"href":"https:\/\/radiorevelacionfm.cl\/index.php?rest_route=%2Fwp%2Fv2%2Fcomments&post=22917"}],"version-history":[{"count":2,"href":"https:\/\/radiorevelacionfm.cl\/index.php?rest_route=\/wp\/v2\/posts\/22917\/revisions"}],"predecessor-version":[{"id":22921,"href":"https:\/\/radiorevelacionfm.cl\/index.php?rest_route=\/wp\/v2\/posts\/22917\/revisions\/22921"}],"wp:featuredmedia":[{"embeddable":true,"href":"https:\/\/radiorevelacionfm.cl\/index.php?rest_route=\/wp\/v2\/media\/22918"}],"wp:attachment":[{"href":"https:\/\/radiorevelacionfm.cl\/index.php?rest_route=%2Fwp%2Fv2%2Fmedia&parent=22917"}],"wp:term":[{"taxonomy":"category","embeddable":true,"href":"https:\/\/radiorevelacionfm.cl\/index.php?rest_route=%2Fwp%2Fv2%2Fcategories&post=22917"},{"taxonomy":"post_tag","embeddable":true,"href":"https:\/\/radiorevelacionfm.cl\/index.php?rest_route=%2Fwp%2Fv2%2Ftags&post=22917"}],"curies":[{"name":"wp","href":"https:\/\/api.w.org\/{rel}","templated":true}]}}