{"id":2291,"date":"2021-02-01T17:45:25","date_gmt":"2021-02-01T20:45:25","guid":{"rendered":"https:\/\/radiorevelacionfm.cl\/?p=2291"},"modified":"2021-02-01T17:45:25","modified_gmt":"2021-02-01T20:45:25","slug":"refuerzan-implementacion-de-medidas-contra-el-coronavirus-en-el-comercio","status":"publish","type":"post","link":"https:\/\/radiorevelacionfm.cl\/?p=2291","title":{"rendered":"Refuerzan implementaci\u00f3n de medidas contra el coronavirus en el comercio"},"content":{"rendered":"<div class=\"flex_column av_one_full  flex_column_div av-zero-column-padding first  avia-builder-el-0  el_before_av_one_full  avia-builder-el-first  \" style='border-radius:0px; '><div  class='avia-image-container  av-styling-    avia-builder-el-1  avia-builder-el-no-sibling  avia-align-center '  itemprop=\"image\" itemscope=\"itemscope\" itemtype=\"https:\/\/schema.org\/ImageObject\"  ><div class='avia-image-container-inner'><div class='avia-image-overlay-wrap'><img decoding=\"async\" class='wp-image-0 avia-img-lazy-loading-not-0 avia_image' src=\"https:\/\/radiorevelacionfm.cl\/wp-content\/uploads\/2021\/02\/FUF_ComercioCoy-1.jpg\" alt='' title=''   itemprop=\"thumbnailUrl\"  \/><\/div><\/div><\/div><\/div><div class=\"flex_column av_one_full  flex_column_div av-zero-column-padding first  avia-builder-el-2  el_after_av_one_full  el_before_av_one_full  column-top-margin\" style='border-radius:0px; '><section class=\"av_textblock_section \"  itemscope=\"itemscope\" itemtype=\"https:\/\/schema.org\/BlogPosting\" itemprop=\"blogPost\" ><div class='avia_textblock  '   itemprop=\"text\" ><p style=\"text-align: center;\"><span style=\"font-size: 18pt;\"><strong>Refuerzan implementaci\u00f3n de medidas contra el coronavirus en el comercio<\/strong><\/span><\/p>\n<div id=\"gtx-trans\" style=\"position: absolute; left: -50px; top: 4.31534px;\">\n<div class=\"gtx-trans-icon\"><\/div>\n<\/div>\n<\/div><\/section><\/div><div class=\"flex_column av_one_full  flex_column_div av-zero-column-padding first  avia-builder-el-4  el_after_av_one_full  el_before_av_hr  column-top-margin\" style='border-radius:0px; '><section class=\"av_textblock_section \"  itemscope=\"itemscope\" itemtype=\"https:\/\/schema.org\/BlogPosting\" itemprop=\"blogPost\" ><div class='avia_textblock  '   itemprop=\"text\" ><p>Las medidas para disminuir el contagio en lugares laborales est\u00e1n contenidas en el Formulario \u00danico de Fiscalizaci\u00f3n, parte del Plan Paso a Paso Laboral y deben ser conocidas por empleadores y trabajadores.<\/p>\n<p>Las autoridades del Trabajo recalcaron que se est\u00e1n realizando fiscalizaciones y que gran parte del comercio est\u00e1 implementando las normas sanitarias.<\/p>\n<p style=\"text-align: justify;\">Con el prop\u00f3sito de reforzar la implementaci\u00f3n de las medidas de cuidado contra el coronavirus en el comercio, la Seremi de Trabajo y Previsi\u00f3n Social, Andrea Ponce, junto al Director Regional(s) del Trabajo, Christian Aros, estos \u00faltimos d\u00edas realizaron un recorrido por locales comerciales de Coyhaique y sostuvieron una reuni\u00f3n virtual con la C\u00e1mara de Comercio, Turismo, Industrias y Servicio de Coyhaique, difundiendo el Formulario \u00danico de Fiscalizaci\u00f3n, parte del Plan Paso a Paso Laboral del Ministerio del Trabajo y Previsi\u00f3n Social, entre otros temas del \u00e1mbito laboral.<\/p>\n<p style=\"text-align: justify;\">La Seremi Andrea Ponce destac\u00f3 la importancia de conocer e implementar el Formulario \u00danico de Fiscalizaci\u00f3n en el comercio y en todos los lugares de trabajo, sosteniendo reuniones con dirigentes de diversos \u00e1mbitos: construcci\u00f3n, salmonera, pesca y comercio.<\/p>\n<p style=\"text-align: justify;\">\u201cSeguimos difundiendo el Formulario \u00danico de Fiscalizaci\u00f3n, que es un documento redactado entre la Direcci\u00f3n del Trabajo, el Ministerio de Salud y SUSESO, que tiene 30 medidas que sirven como gu\u00eda para disminuir los riesgos de contagio de coronavirus en los lugares de trabajo. Debo mencionar que los brotes de Covid 19 en nuestra regi\u00f3n de Ays\u00e9n han sido en su gran mayor\u00eda por actividades sociales, no laborales, ni en el comercio, sin embargo, es fundamental que los empleadores implementen las medidas de este formulario y que los trabajadores tambi\u00e9n lo conozcan. Por ello, hemos realizado difusi\u00f3n junto a la Direcci\u00f3n del Trabajo, en locales comerciales de Puerto Ays\u00e9n, Puerto Ib\u00e1\u00f1ez y Coyhaique, reuni\u00e9ndonos tambi\u00e9n con la C\u00e1mara de Comercio de Coyhaique y antes de la Cuarentena, con dirigentas de la C\u00e1mara de Comercio de Puerto Ays\u00e9n. Les solicitamos que sean rigurosos en aplicar este formulario, desc\u00e1rguenlo en el sitio web <a href=\"http:\/\/www.pasoapasolaboral.cl\">www.pasoapasolaboral.cl<\/a> o desde la p\u00e1gina de la Direcci\u00f3n del Trabajo, <a href=\"http:\/\/www.direcciondeltrabajo.cl\">www.direcciondeltrabajo.cl<\/a>\u201d.<\/p>\n<p style=\"text-align: justify;\">Soledad Mart\u00ednez, vicepresidenta de la C\u00e1mara de Comercio Coyhaique, destac\u00f3 que los locatarios est\u00e1n implementando las medidas sanitarias contra el coronavirus, \u201ca nombre de nuestra C\u00e1mara de Comercio de Coyhaique, queremos felicitar a nuestros comerciantes por cumplir con las normas de higiene y protecci\u00f3n preventivo, frente a los contagios de Covid 19. Les recuerdo que el Formulario \u00danico de Fiscalizaci\u00f3n lo pueden encontrar y descargar en la p\u00e1gina <a href=\"http:\/\/www.pasoapasolaboral.cl\">www.pasoapasolaboral.cl<\/a> . Les recuerdo a los comerciantes y clientes, siempre el uso de mascarillas, lavado constante de manos y respetar las distancias, porque en nuestra querida regi\u00f3n de Ays\u00e9n, nos cuidamos entre todos\u201d.\u00a0\u00a0\u00a0 <strong>\u00a0\u00a0\u00a0<\/strong><\/p>\n<p style=\"text-align: justify;\"><strong><u>Orientaci\u00f3n y denuncias <\/u><\/strong><\/p>\n<p style=\"text-align: justify;\">Sobre las denuncias y fiscalizaciones, se refiri\u00f3 el Director Regional(s) de la Direcci\u00f3n del Trabajo, Christian Aros, \u201cNuestros fiscalizadores, al igual que los fiscalizadores de la Seremi de Salud, aplicar\u00e1n este formulario en los lugares de trabajo para revisar, entre otras medidas, la existencia de los pediluvios, demarcaciones para las distancias apropiadas, los aforos, etc. Este formulario ser\u00e1 aplicado, tanto de oficio por nuestras Inspecciones, como tambi\u00e9n por denuncias que recibamos en la p\u00e1gina de la Direcci\u00f3n del Trabajo, a trav\u00e9s de las denuncias electr\u00f3nicas o en cualquier oficina de nuestra regi\u00f3n o en la casilla de correo electr\u00f3nico, <a href=\"mailto:upartesaysen@dt.gob.cl\">upartesaysen@dt.gob.cl<\/a>\u201d.<\/p>\n<p style=\"text-align: justify;\">Con respecto a las orientaciones y denuncias, la Seremi del Trabajo recalc\u00f3 la importancia de realizar las denuncias formales, \u201cMuchas veces la comunidad realiza denuncias o comenta situaciones que sanitariamente ponen en riesgo a trabajadores y clientes, pero realizan estas denuncias por redes sociales. Quiero hacer un llamado, nuevamente, a hacer las denuncias de manera formal, en la Direcci\u00f3n del Trabajo o sus Inspecciones, para hacer las fiscalizaciones necesarias\u201d, insisti\u00f3 Andrea Ponce.<\/p>\n<p style=\"text-align: justify;\">En el sitio web <a href=\"http:\/\/www.pasoapasolaboral.cl\">www.pasoapasolaboral.cl<\/a> adem\u00e1s del Formulario \u00danico de Fiscalizaci\u00f3n, existen secciones con preguntas\/respuestas para trabajadores y empleadores, medidas pr\u00e1cticas de salud contra el coronavirus, protocolos sanitarios seg\u00fan sector laboral, consultas sobre trabajo a distancia o teletrabajo, d\u00f3nde encontrar cursos sin costo de capacitaci\u00f3n en esta materia, descarga de se\u00f1al\u00e9ticas para los lugares de trabajo, entre otros.<\/p>\n<p style=\"text-align: justify;\">Por \u00faltimo, se invita a los interesados a un nuevo Facebook live, este jueves 4 de enero a las 16:30 a un nuevo Encuentro Ciudadano con la Direcci\u00f3n del Trabajo en la plataforma Facebook de la Seremi del Trabajo <a href=\"http:\/\/www.facebook.com\/MintrabAysen\">www.facebook.com\/MintrabAysen<\/a>, donde se aclarar\u00e1n consultas en vivo sobre normativa laboral en las diversas etapas del Plan Paso a Paso, Paso a Paso Laboral, Formulario \u00danico de Fiscalizaci\u00f3n, actualizaciones en la Ley de Protecci\u00f3n del Empleo, ley recientemente promulgada para modernizar la Direcci\u00f3n del Trabajo, Ley de Teletrabajo y Trabajo A Distancia, Crianza Protegida, entre otros temas.<\/p>\n<\/div><\/section><\/div><div  style='height:50px' class='hr hr-invisible   avia-builder-el-6  el_after_av_one_full  el_before_av_social_share '><span class='hr-inner ' ><span class='hr-inner-style'><\/span><\/span><\/div><\/p>\n<div  class='av-social-sharing-box  avia-builder-el-7  el_after_av_hr  el_before_av_hr  '><div class='av-share-box'><h5 class='av-share-link-description av-no-toc '>Compartir esta noticia<\/h5><ul class='av-share-box-list noLightbox'><li class='av-share-link av-social-link-facebook' ><a target=\"_blank\" aria-label=\"Compartir en Facebook\" href='https:\/\/www.facebook.com\/sharer.php?u=https:\/\/radiorevelacionfm.cl\/?p=2291&#038;t=Refuerzan%20implementaci%C3%B3n%20de%20medidas%20contra%20el%20coronavirus%20en%20el%20comercio' aria-hidden='false' data-av_icon='\ue8f3' data-av_iconfont='entypo-fontello' title='' data-avia-related-tooltip='Compartir en Facebook' rel=\"noopener\"><span class='avia_hidden_link_text'>Compartir en Facebook<\/span><\/a><\/li><li class='av-share-link av-social-link-twitter' ><a target=\"_blank\" aria-label=\"Compartir en Twitter\" href='https:\/\/twitter.com\/share?text=Refuerzan%20implementaci%C3%B3n%20de%20medidas%20contra%20el%20coronavirus%20en%20el%20comercio&#038;url=https:\/\/radiorevelacionfm.cl\/?p=2291' aria-hidden='false' data-av_icon='\ue8f1' data-av_iconfont='entypo-fontello' title='' data-avia-related-tooltip='Compartir en Twitter' rel=\"noopener\"><span class='avia_hidden_link_text'>Compartir en Twitter<\/span><\/a><\/li><li class='av-share-link av-social-link-whatsapp' ><a target=\"_blank\" aria-label=\"Compartir en Whatsapp\" href='https:\/\/api.whatsapp.com\/send?text=https:\/\/radiorevelacionfm.cl\/?p=2291' aria-hidden='false' data-av_icon='\uf232' data-av_iconfont='entypo-fontello' title='' data-avia-related-tooltip='Compartir en Whatsapp' rel=\"noopener\"><span class='avia_hidden_link_text'>Compartir en Whatsapp<\/span><\/a><\/li><li class='av-share-link av-social-link-linkedin' ><a target=\"_blank\" aria-label=\"Compartir en LinkedIn\" href='https:\/\/linkedin.com\/shareArticle?mini=true&#038;title=Refuerzan%20implementaci%C3%B3n%20de%20medidas%20contra%20el%20coronavirus%20en%20el%20comercio&#038;url=https:\/\/radiorevelacionfm.cl\/?p=2291' aria-hidden='false' data-av_icon='\ue8fc' data-av_iconfont='entypo-fontello' title='' data-avia-related-tooltip='Compartir en LinkedIn' rel=\"noopener\"><span class='avia_hidden_link_text'>Compartir en LinkedIn<\/span><\/a><\/li><li class='av-share-link av-social-link-mail' ><a  aria-label=\"Compartir por correo\" href='mailto:?subject=Refuerzan%20implementaci%C3%B3n%20de%20medidas%20contra%20el%20coronavirus%20en%20el%20comercio&#038;body=https:\/\/radiorevelacionfm.cl\/?p=2291' aria-hidden='false' data-av_icon='\ue805' data-av_iconfont='entypo-fontello' title='' data-avia-related-tooltip='Compartir por correo'><span class='avia_hidden_link_text'>Compartir por correo<\/span><\/a><\/li><\/ul><\/div><\/div>\n<div  style='height:50px' class='hr hr-invisible   avia-builder-el-8  el_after_av_social_share  el_before_av_comments_list '><span class='hr-inner ' ><span class='hr-inner-style'><\/span><\/span><\/div>\n<div  class='av-buildercomment  av-blog-meta-html-info-disabled av-blog-meta-tag-disabled  '><\/div>\n","protected":false},"excerpt":{"rendered":"","protected":false},"author":1,"featured_media":0,"comment_status":"open","ping_status":"open","sticky":false,"template":"","format":"standard","meta":{"footnotes":""},"categories":[45,56],"tags":[],"class_list":["post-2291","post","type-post","status-publish","format-standard","hentry","category-comercio","category-trabajo"],"jetpack_featured_media_url":"","_links":{"self":[{"href":"https:\/\/radiorevelacionfm.cl\/index.php?rest_route=\/wp\/v2\/posts\/2291","targetHints":{"allow":["GET"]}}],"collection":[{"href":"https:\/\/radiorevelacionfm.cl\/index.php?rest_route=\/wp\/v2\/posts"}],"about":[{"href":"https:\/\/radiorevelacionfm.cl\/index.php?rest_route=\/wp\/v2\/types\/post"}],"author":[{"embeddable":true,"href":"https:\/\/radiorevelacionfm.cl\/index.php?rest_route=\/wp\/v2\/users\/1"}],"replies":[{"embeddable":true,"href":"https:\/\/radiorevelacionfm.cl\/index.php?rest_route=%2Fwp%2Fv2%2Fcomments&post=2291"}],"version-history":[{"count":1,"href":"https:\/\/radiorevelacionfm.cl\/index.php?rest_route=\/wp\/v2\/posts\/2291\/revisions"}],"predecessor-version":[{"id":2293,"href":"https:\/\/radiorevelacionfm.cl\/index.php?rest_route=\/wp\/v2\/posts\/2291\/revisions\/2293"}],"wp:attachment":[{"href":"https:\/\/radiorevelacionfm.cl\/index.php?rest_route=%2Fwp%2Fv2%2Fmedia&parent=2291"}],"wp:term":[{"taxonomy":"category","embeddable":true,"href":"https:\/\/radiorevelacionfm.cl\/index.php?rest_route=%2Fwp%2Fv2%2Fcategories&post=2291"},{"taxonomy":"post_tag","embeddable":true,"href":"https:\/\/radiorevelacionfm.cl\/index.php?rest_route=%2Fwp%2Fv2%2Ftags&post=2291"}],"curies":[{"name":"wp","href":"https:\/\/api.w.org\/{rel}","templated":true}]}}