{"id":22903,"date":"2022-10-11T20:22:21","date_gmt":"2022-10-11T23:22:21","guid":{"rendered":"https:\/\/radiorevelacionfm.cl\/?p=22903"},"modified":"2022-10-11T20:22:21","modified_gmt":"2022-10-11T23:22:21","slug":"carabineros-detuvo-a-mas-de-30-personas-durante-el-fin-de-semana-largo-en-la-region-de-aysen","status":"publish","type":"post","link":"https:\/\/radiorevelacionfm.cl\/?p=22903","title":{"rendered":"Carabineros detuvo a m\u00e1s de 30 personas durante el fin de semana largo en la regi\u00f3n de Ays\u00e9n"},"content":{"rendered":"<div class=\"flex_column av_one_full  flex_column_div av-zero-column-padding first  avia-builder-el-0  el_before_av_one_full  avia-builder-el-first  \" style='border-radius:0px; '><div  class='avia-image-container  av-styling-    avia-builder-el-1  avia-builder-el-no-sibling  avia-align-center '  itemprop=\"image\" itemscope=\"itemscope\" itemtype=\"https:\/\/schema.org\/ImageObject\"  ><div class='avia-image-container-inner'><div class='avia-image-overlay-wrap'><img decoding=\"async\" class='wp-image-22904 avia-img-lazy-loading-not-22904 avia_image' src=\"https:\/\/radiorevelacionfm.cl\/wp-content\/uploads\/2022\/10\/feldk6uwiak25ux-1_optimized-1.jpg\" alt='' title='feldk6uwiak25ux-(1)_optimized (1)' height=\"600\" width=\"800\"  itemprop=\"thumbnailUrl\" srcset=\"https:\/\/radiorevelacionfm.cl\/wp-content\/uploads\/2022\/10\/feldk6uwiak25ux-1_optimized-1.jpg 800w, https:\/\/radiorevelacionfm.cl\/wp-content\/uploads\/2022\/10\/feldk6uwiak25ux-1_optimized-1-300x225.jpg 300w, https:\/\/radiorevelacionfm.cl\/wp-content\/uploads\/2022\/10\/feldk6uwiak25ux-1_optimized-1-768x576.jpg 768w, https:\/\/radiorevelacionfm.cl\/wp-content\/uploads\/2022\/10\/feldk6uwiak25ux-1_optimized-1-705x529.jpg 705w, https:\/\/radiorevelacionfm.cl\/wp-content\/uploads\/2022\/10\/feldk6uwiak25ux-1_optimized-1-600x450.jpg 600w\" sizes=\"(max-width: 800px) 100vw, 800px\" \/><\/div><\/div><\/div><\/div><div class=\"flex_column av_one_full  flex_column_div av-zero-column-padding first  avia-builder-el-2  el_after_av_one_full  el_before_av_one_full  column-top-margin\" style='border-radius:0px; '><section class=\"av_textblock_section \"  itemscope=\"itemscope\" itemtype=\"https:\/\/schema.org\/BlogPosting\" itemprop=\"blogPost\" ><div class='avia_textblock  '   itemprop=\"text\" ><p style=\"text-align: center;\"><span style=\"font-size: 18pt;\"><b>Carabineros detuvo a m\u00e1s de 30 personas durante el fin de semana largo en la regi\u00f3n de Ays\u00e9n<\/b><\/span><\/p>\n<div id=\"gtx-trans\" style=\"position: absolute; left: -50px; top: 4.31534px;\">\n<div class=\"gtx-trans-icon\"><\/div>\n<\/div>\n<\/div><\/section><\/div><div class=\"flex_column av_one_full  flex_column_div av-zero-column-padding first  avia-builder-el-4  el_after_av_one_full  el_before_av_hr  column-top-margin\" style='border-radius:0px; '><section class=\"av_textblock_section \"  itemscope=\"itemscope\" itemtype=\"https:\/\/schema.org\/BlogPosting\" itemprop=\"blogPost\" ><div class='avia_textblock  '   itemprop=\"text\" ><p class=\"v1MsoNormal\" style=\"text-align: justify;\">Un amplio despliegue en zonas urbanas y a lo largo de las rutas de la regi\u00f3n de Ays\u00e9n, realiz\u00f3 Carabineros con la finalidad de garantizar la seguridad durante este fin de semana largo, previendo la ocurrencia de hechos lamentables.<\/p>\n<p class=\"v1MsoNormal\" style=\"text-align: justify;\">En tal sentido, Carabineros logr\u00f3 la detenci\u00f3n de 31 personas por diversos delitos, siendo cursadas 64 infracciones al tr\u00e1nsito y otras 10 por contravenir la ley de alcoholes.<\/p>\n<p class=\"v1MsoNormal\" style=\"text-align: justify;\">Asimismo, el despliegue de servicios permiti\u00f3 efectuar 1.335 controles vehiculares, 246 controles de identidad, 65 fiscalizaciones a locales de alcoholes y 48 a establecimientos comerciales.<\/p>\n<p class=\"v1MsoNormal\" style=\"text-align: justify;\">Paralelamente Carabineros desarroll\u00f3 un trabajo en colaboraci\u00f3n con Senda, el cual arroj\u00f3 la realizaci\u00f3n de 87 ex\u00e1menes de alcotest y 3 de narcotest.<\/p>\n<p class=\"v1MsoNormal\" style=\"text-align: justify;\">Durante el fin de semana largo, los controles arrojaron la detenci\u00f3n de 4 personas por conducci\u00f3n en estado de ebriedad y 3 por conducir bajo los efectos de drogas y\/o estupefacientes.<\/p>\n<p class=\"v1MsoNormal\" style=\"text-align: justify;\">A lo anterior se sum\u00f3 la implementaci\u00f3n de un servicio de ronda masiva efectuado el 8 de octubre con la finalidad de aumentar los niveles de vigilancia y brindar m\u00e1s seguridad en esta fecha, el cual arroj\u00f3 la realizaci\u00f3n de 195 controles vehiculares, 78 controles de identidad, 23 fiscalizaciones a locales de alcoholes, 10 fiscalizaciones a locales comerciales, siendo cursadas 16 infracciones al tr\u00e1nsito.<\/p>\n<p class=\"v1MsoNormal\" style=\"text-align: justify;\"><b>Comportamiento de la comunidad<\/b><\/p>\n<p class=\"v1MsoNormal\" style=\"text-align: justify;\">El Prefecto de Carabineros Ays\u00e9n (F), Teniente Coronel Jean Paul Aravena, destac\u00f3 el comportamiento de la comunidad al no registrarse hechos lamentables durante el fin de semana largo.<\/p>\n<p class=\"v1MsoNormal\" style=\"text-align: justify;\">\u00abDebemos destacar que no tuvimos ning\u00fan incidente fatal en accidentes de tr\u00e1nsito, que era una de los principales temores y que fundamentan la propuesta de servicios. Tuvimos servicios de Senda \u2013y que nunca dejan de sorprender- inclusive anoche Senda haciendo servicios a\u00fan mantienen detenci\u00f3n por conducir en estado de ebriedad. Es una situaci\u00f3n que preocupa y pone en riesgo a las personas\u00bb, indic\u00f3.<\/p>\n<p class=\"v1MsoNormal\" style=\"text-align: justify;\">\u00abSe pone en riesgo a personas inocentes que a ra\u00edz de la irresponsabilidad de conductores terminan lesionados o incluso con v\u00edctimas fatales, afortunadamente este fin de semana no tenemos ninguno de estos hechos (&#8230;) hubo una f\u00e9rrea fiscalizaci\u00f3n que dej\u00f3 m\u00e1s de 30 detenidos en distintos procedimientos y bastantes de ellos por conducir en estado de ebriedad\u00bb, complement\u00f3 el Oficial Jefe.<\/p>\n<p class=\"v1MsoNormal\" style=\"text-align: justify;\">Durante el fin de semana hubo dos procedimientos relacionados con armas blancas en agresi\u00f3n con resultado de lesiones graves, cuyos antecedentes est\u00e1n siendo investigados por el Ministerio P\u00fablico.<\/p>\n<p class=\"v1MsoNormal\" style=\"text-align: justify;\">\u00abLo importante es resaltar la participaci\u00f3n oportuna de Carabineros en el procedimiento, el apoyo a la comunidad (&#8230;) y participaci\u00f3n oportuna de las personas que se deciden a denunciar y que hacen uso del nivel 133 para poder llamar, denunciar, cooperar y en definitiva proporcionarnos la informaci\u00f3n respectiva que nos permite tener \u00e9xito, identificar y detener a estas personas\u00bb, puntualiz\u00f3.<\/p>\n<\/div><\/section><\/div><div  style='height:50px' class='hr hr-invisible   avia-builder-el-6  el_after_av_one_full  el_before_av_social_share '><span class='hr-inner ' ><span class='hr-inner-style'><\/span><\/span><\/div><\/p>\n<div  class='av-social-sharing-box  avia-builder-el-7  el_after_av_hr  el_before_av_hr  '><div class='av-share-box'><h5 class='av-share-link-description av-no-toc '>Compartir esta noticia<\/h5><ul class='av-share-box-list noLightbox'><li class='av-share-link av-social-link-facebook' ><a target=\"_blank\" aria-label=\"Compartir en Facebook\" href='https:\/\/www.facebook.com\/sharer.php?u=https:\/\/radiorevelacionfm.cl\/?p=22903&#038;t=Carabineros%20detuvo%20a%20m%C3%A1s%20de%2030%20personas%20durante%20el%20fin%20de%20semana%20largo%20en%20la%20regi%C3%B3n%20de%20Ays%C3%A9n' aria-hidden='false' data-av_icon='\ue8f3' data-av_iconfont='entypo-fontello' title='' data-avia-related-tooltip='Compartir en Facebook' rel=\"noopener\"><span class='avia_hidden_link_text'>Compartir en Facebook<\/span><\/a><\/li><li class='av-share-link av-social-link-twitter' ><a target=\"_blank\" aria-label=\"Compartir en Twitter\" href='https:\/\/twitter.com\/share?text=Carabineros%20detuvo%20a%20m%C3%A1s%20de%2030%20personas%20durante%20el%20fin%20de%20semana%20largo%20en%20la%20regi%C3%B3n%20de%20Ays%C3%A9n&#038;url=https:\/\/radiorevelacionfm.cl\/?p=22903' aria-hidden='false' data-av_icon='\ue8f1' data-av_iconfont='entypo-fontello' title='' data-avia-related-tooltip='Compartir en Twitter' rel=\"noopener\"><span class='avia_hidden_link_text'>Compartir en Twitter<\/span><\/a><\/li><li class='av-share-link av-social-link-whatsapp' ><a target=\"_blank\" aria-label=\"Compartir en Whatsapp\" href='https:\/\/api.whatsapp.com\/send?text=https:\/\/radiorevelacionfm.cl\/?p=22903' aria-hidden='false' data-av_icon='\uf232' data-av_iconfont='entypo-fontello' title='' data-avia-related-tooltip='Compartir en Whatsapp' rel=\"noopener\"><span class='avia_hidden_link_text'>Compartir en Whatsapp<\/span><\/a><\/li><li class='av-share-link av-social-link-linkedin' ><a target=\"_blank\" aria-label=\"Compartir en LinkedIn\" href='https:\/\/linkedin.com\/shareArticle?mini=true&#038;title=Carabineros%20detuvo%20a%20m%C3%A1s%20de%2030%20personas%20durante%20el%20fin%20de%20semana%20largo%20en%20la%20regi%C3%B3n%20de%20Ays%C3%A9n&#038;url=https:\/\/radiorevelacionfm.cl\/?p=22903' aria-hidden='false' data-av_icon='\ue8fc' data-av_iconfont='entypo-fontello' title='' data-avia-related-tooltip='Compartir en LinkedIn' rel=\"noopener\"><span class='avia_hidden_link_text'>Compartir en LinkedIn<\/span><\/a><\/li><li class='av-share-link av-social-link-mail' ><a  aria-label=\"Compartir por correo\" href='mailto:?subject=Carabineros%20detuvo%20a%20m%C3%A1s%20de%2030%20personas%20durante%20el%20fin%20de%20semana%20largo%20en%20la%20regi%C3%B3n%20de%20Ays%C3%A9n&#038;body=https:\/\/radiorevelacionfm.cl\/?p=22903' aria-hidden='false' data-av_icon='\ue805' data-av_iconfont='entypo-fontello' title='' data-avia-related-tooltip='Compartir por correo'><span class='avia_hidden_link_text'>Compartir por correo<\/span><\/a><\/li><\/ul><\/div><\/div>\n<div  style='height:50px' class='hr hr-invisible   avia-builder-el-8  el_after_av_social_share  el_before_av_comments_list '><span class='hr-inner ' ><span class='hr-inner-style'><\/span><\/span><\/div>\n<div  class='av-buildercomment  av-blog-meta-html-info-disabled av-blog-meta-tag-disabled  '><\/div>\n","protected":false},"excerpt":{"rendered":"","protected":false},"author":1,"featured_media":22904,"comment_status":"open","ping_status":"open","sticky":false,"template":"","format":"standard","meta":{"footnotes":""},"categories":[36],"tags":[],"class_list":["post-22903","post","type-post","status-publish","format-standard","has-post-thumbnail","hentry","category-policial"],"jetpack_featured_media_url":"https:\/\/radiorevelacionfm.cl\/wp-content\/uploads\/2022\/10\/feldk6uwiak25ux-1_optimized-1.jpg","_links":{"self":[{"href":"https:\/\/radiorevelacionfm.cl\/index.php?rest_route=\/wp\/v2\/posts\/22903","targetHints":{"allow":["GET"]}}],"collection":[{"href":"https:\/\/radiorevelacionfm.cl\/index.php?rest_route=\/wp\/v2\/posts"}],"about":[{"href":"https:\/\/radiorevelacionfm.cl\/index.php?rest_route=\/wp\/v2\/types\/post"}],"author":[{"embeddable":true,"href":"https:\/\/radiorevelacionfm.cl\/index.php?rest_route=\/wp\/v2\/users\/1"}],"replies":[{"embeddable":true,"href":"https:\/\/radiorevelacionfm.cl\/index.php?rest_route=%2Fwp%2Fv2%2Fcomments&post=22903"}],"version-history":[{"count":2,"href":"https:\/\/radiorevelacionfm.cl\/index.php?rest_route=\/wp\/v2\/posts\/22903\/revisions"}],"predecessor-version":[{"id":22906,"href":"https:\/\/radiorevelacionfm.cl\/index.php?rest_route=\/wp\/v2\/posts\/22903\/revisions\/22906"}],"wp:featuredmedia":[{"embeddable":true,"href":"https:\/\/radiorevelacionfm.cl\/index.php?rest_route=\/wp\/v2\/media\/22904"}],"wp:attachment":[{"href":"https:\/\/radiorevelacionfm.cl\/index.php?rest_route=%2Fwp%2Fv2%2Fmedia&parent=22903"}],"wp:term":[{"taxonomy":"category","embeddable":true,"href":"https:\/\/radiorevelacionfm.cl\/index.php?rest_route=%2Fwp%2Fv2%2Fcategories&post=22903"},{"taxonomy":"post_tag","embeddable":true,"href":"https:\/\/radiorevelacionfm.cl\/index.php?rest_route=%2Fwp%2Fv2%2Ftags&post=22903"}],"curies":[{"name":"wp","href":"https:\/\/api.w.org\/{rel}","templated":true}]}}