{"id":22899,"date":"2022-10-12T15:58:12","date_gmt":"2022-10-12T18:58:12","guid":{"rendered":"https:\/\/radiorevelacionfm.cl\/?p=22899"},"modified":"2022-10-12T15:58:12","modified_gmt":"2022-10-12T18:58:12","slug":"por-primera-vez-se-creara-un-consejo-de-la-sociedad-civil-cosoc-compuesto-unicamente-por-estudiantes","status":"publish","type":"post","link":"https:\/\/radiorevelacionfm.cl\/?p=22899","title":{"rendered":"Por primera vez se crear\u00e1 un Consejo de la Sociedad Civil (COSOC) compuesto \u00fanicamente por estudiantes"},"content":{"rendered":"<div class=\"flex_column av_one_full  flex_column_div av-zero-column-padding first  avia-builder-el-0  el_before_av_one_full  avia-builder-el-first  \" style='border-radius:0px; '><div  class='avia-image-container  av-styling-    avia-builder-el-1  avia-builder-el-no-sibling  avia-align-center '  itemprop=\"image\" itemscope=\"itemscope\" itemtype=\"https:\/\/schema.org\/ImageObject\"  ><div class='avia-image-container-inner'><div class='avia-image-overlay-wrap'><img decoding=\"async\" class='wp-image-22901 avia-img-lazy-loading-not-22901 avia_image' src=\"https:\/\/radiorevelacionfm.cl\/wp-content\/uploads\/2022\/10\/COSOC-Estudiantes-1-1.jpg\" alt='' title='COSOC Estudiantes (1) (1)' height=\"600\" width=\"540\"  itemprop=\"thumbnailUrl\" srcset=\"https:\/\/radiorevelacionfm.cl\/wp-content\/uploads\/2022\/10\/COSOC-Estudiantes-1-1.jpg 540w, https:\/\/radiorevelacionfm.cl\/wp-content\/uploads\/2022\/10\/COSOC-Estudiantes-1-1-270x300.jpg 270w\" sizes=\"(max-width: 540px) 100vw, 540px\" \/><\/div><\/div><\/div><\/div><div class=\"flex_column av_one_full  flex_column_div av-zero-column-padding first  avia-builder-el-2  el_after_av_one_full  el_before_av_one_full  column-top-margin\" style='border-radius:0px; '><section class=\"av_textblock_section \"  itemscope=\"itemscope\" itemtype=\"https:\/\/schema.org\/BlogPosting\" itemprop=\"blogPost\" ><div class='avia_textblock  '   itemprop=\"text\" ><p style=\"text-align: center;\"><strong><span style=\"font-size: 18pt;\">Por primera vez se crear\u00e1 un Consejo de la Sociedad Civil (COSOC) compuesto \u00fanicamente por estudiantes<\/span><\/strong><\/p>\n<div id=\"gtx-trans\" style=\"position: absolute; left: -50px; top: 4.31534px;\">\n<div class=\"gtx-trans-icon\"><\/div>\n<\/div>\n<\/div><\/section><\/div><div class=\"flex_column av_one_full  flex_column_div av-zero-column-padding first  avia-builder-el-4  el_after_av_one_full  el_before_av_hr  column-top-margin\" style='border-radius:0px; '><section class=\"av_textblock_section \"  itemscope=\"itemscope\" itemtype=\"https:\/\/schema.org\/BlogPosting\" itemprop=\"blogPost\" ><div class='avia_textblock  '   itemprop=\"text\" ><p dir=\"ltr\" style=\"text-align: justify;\">El Ministerio de Educaci\u00f3n, a trav\u00e9s de la Unidad de Inclusi\u00f3n y Participaci\u00f3n, abri\u00f3 la convocatoria para postular al Consejo de la Sociedad Civil (COSOC), que ser\u00e1 el primero en la historia compuesto exclusivamente por estudiantes. Las y los alumnos podr\u00e1n postular de forma online a trav\u00e9s del sitio<a href=\"https:\/\/nam02.safelinks.protection.outlook.com\/?url=https%3A%2F%2Fcosoc.mineduc.cl%2F&amp;data=05%7C01%7Ccamilo.gomez%40mineduc.cl%7C0237eeab0212400b929a08daabc69e7c%7C2e4cfe500580414093874ecde39def60%7C0%7C0%7C638011166806929422%7CUnknown%7CTWFpbGZsb3d8eyJWIjoiMC4wLjAwMDAiLCJQIjoiV2luMzIiLCJBTiI6Ik1haWwiLCJXVCI6Mn0%3D%7C3000%7C%7C%7C&amp;sdata=Z3TmdSFaPbQCwk3puV4fL1nIVV8Je1IUUduMuKOfQkE%3D&amp;reserved=0\" target=\"_blank\" rel=\"noopener noreferrer\">\u00a0https:\/\/cosoc.mineduc.cl\/<\/a>\u00a0hasta viernes 4 de noviembre.<\/p>\n<p dir=\"ltr\" style=\"text-align: justify;\">Los Consejos de la Sociedad Civil (COSOC) son mecanismos de participaci\u00f3n ciudadana de car\u00e1cter consultivo y democr\u00e1tico, creados por la ley 20.500 que buscan profundizar y fortalecer la relaci\u00f3n entre las organizaciones sociales y los \u00f3rganos del Estado, reconociendo el derecho a la participaci\u00f3n de las personas en la gesti\u00f3n, pol\u00edticas, programas y planes del gobierno.<\/p>\n<p dir=\"ltr\" style=\"text-align: justify;\">El ministro de Educaci\u00f3n, Marco Antonio \u00c1vila, junto con destacar esta instancia hist\u00f3rica, valor\u00f3 la importancia del pr\u00f3ximo consejo, se\u00f1alando que\u00a0\u00abprofundizar\u00e1 la participaci\u00f3n de ni\u00f1os, ni\u00f1as y adolescentes en las pol\u00edticas educativas. Su voz ser\u00e1 un gran aporte para nuestra gesti\u00f3n y sus experiencias enriquecer\u00e1n nuestro programa de gobierno, que tiene en su centro el bienestar integral de todas y todos los estudiantes\u00bb.<\/p>\n<p dir=\"ltr\" style=\"text-align: justify;\"><strong>Consejo de la Sociedad Civil (COSOC) estudiantil<\/strong><\/p>\n<p dir=\"ltr\" style=\"text-align: justify;\">Es un \u00f3rgano in\u00e9dito que representar\u00e1 la diversidad territorial, social y cultural del pa\u00eds desde las experiencias de las y los estudiantes. A su vez, esta instancia busca, desde un enfoque de derecho, reconocer la autonom\u00eda progresiva de ni\u00f1as, ni\u00f1os y adolescentes, abriendo un espacio donde ellos ser\u00e1n los protagonistas y ser\u00e1n llamados a reconocerse como sujetos de derecho y as\u00ed ejercer, en la pr\u00e1ctica, la participaci\u00f3n como un derecho inalienable.<\/p>\n<p dir=\"ltr\" style=\"text-align: justify;\">Su objetivo ser\u00e1 enriquecer distintas dimensiones de la pol\u00edtica educativa, relevando el principio de inclusi\u00f3n y no discriminaci\u00f3n en las trayectorias.<\/p>\n<p dir=\"ltr\" style=\"text-align: justify;\">\u00bfQu\u00e9 estudiantes pueden postular?<\/p>\n<p dir=\"ltr\" style=\"text-align: justify;\">Todas y todos los estudiantes que cumplan con los perfiles estipulados en las bases de postulaci\u00f3n disponibles en<a href=\"https:\/\/nam02.safelinks.protection.outlook.com\/?url=https%3A%2F%2Fcosoc.mineduc.cl%2F&amp;data=05%7C01%7Ccamilo.gomez%40mineduc.cl%7C0237eeab0212400b929a08daabc69e7c%7C2e4cfe500580414093874ecde39def60%7C0%7C0%7C638011166806929422%7CUnknown%7CTWFpbGZsb3d8eyJWIjoiMC4wLjAwMDAiLCJQIjoiV2luMzIiLCJBTiI6Ik1haWwiLCJXVCI6Mn0%3D%7C3000%7C%7C%7C&amp;sdata=Z3TmdSFaPbQCwk3puV4fL1nIVV8Je1IUUduMuKOfQkE%3D&amp;reserved=0\" target=\"_blank\" rel=\"noopener noreferrer\">\u00a0<\/a>el sitio web, que sean parte de una asociaci\u00f3n sin fines de lucro ligada al \u00e1mbito educativo y que tengan el inter\u00e9s de aportar desde su experiencia a la gesti\u00f3n del Mineduc.<\/p>\n<p dir=\"ltr\" style=\"text-align: justify;\">De acuerdo con las bases de selecci\u00f3n, en la elecci\u00f3n de consejeros podr\u00e1n participar estudiantes de entre 12 a 20 a\u00f1os, de cualquier regi\u00f3n del pa\u00eds, de todo tipo de establecimiento (administraci\u00f3n p\u00fablica, particular subvencionada o particular), y de diversos niveles educativos, que cumplan con alguno de los 11 perfiles estipulados.<\/p>\n<p dir=\"ltr\" style=\"text-align: justify;\">Para conocer los requisitos y postular, ingresar a<a href=\"https:\/\/nam02.safelinks.protection.outlook.com\/?url=https%3A%2F%2Fcosoc.mineduc.cl%2F&amp;data=05%7C01%7Ccamilo.gomez%40mineduc.cl%7C0237eeab0212400b929a08daabc69e7c%7C2e4cfe500580414093874ecde39def60%7C0%7C0%7C638011166806929422%7CUnknown%7CTWFpbGZsb3d8eyJWIjoiMC4wLjAwMDAiLCJQIjoiV2luMzIiLCJBTiI6Ik1haWwiLCJXVCI6Mn0%3D%7C3000%7C%7C%7C&amp;sdata=Z3TmdSFaPbQCwk3puV4fL1nIVV8Je1IUUduMuKOfQkE%3D&amp;reserved=0\" target=\"_blank\" rel=\"noopener noreferrer\">\u00a0cosoc.mineduc.cl<\/a>.<\/p>\n<p dir=\"ltr\" style=\"text-align: justify;\">Fechas del proceso<\/p>\n<p dir=\"ltr\" style=\"text-align: justify;\">&#8211;\u00a0 Postulaciones: del 3 de octubre al 4 de noviembre.<\/p>\n<p dir=\"ltr\" style=\"text-align: justify;\">&#8211;\u00a0 Revisi\u00f3n de las postulaciones: del 3 al 11 de noviembre.<\/p>\n<p dir=\"ltr\" style=\"text-align: justify;\">&#8211;\u00a0 Publicaci\u00f3n de resultados: 14 de noviembre.<\/p>\n<p dir=\"ltr\" style=\"text-align: justify;\">&#8211;\u00a0 Primera sesi\u00f3n COSOC Estudiantil: 24 de noviembre.<\/p>\n<p dir=\"ltr\" style=\"text-align: justify;\">*Los tiempos podr\u00edan estar sujetos a modificaci\u00f3n<\/p>\n<\/div><\/section><\/div><div  style='height:50px' class='hr hr-invisible   avia-builder-el-6  el_after_av_one_full  el_before_av_social_share '><span class='hr-inner ' ><span class='hr-inner-style'><\/span><\/span><\/div><\/p>\n<div  class='av-social-sharing-box  avia-builder-el-7  el_after_av_hr  el_before_av_hr  '><div class='av-share-box'><h5 class='av-share-link-description av-no-toc '>Compartir esta noticia<\/h5><ul class='av-share-box-list noLightbox'><li class='av-share-link av-social-link-facebook' ><a target=\"_blank\" aria-label=\"Compartir en Facebook\" href='https:\/\/www.facebook.com\/sharer.php?u=https:\/\/radiorevelacionfm.cl\/?p=22899&#038;t=Por%20primera%20vez%20se%20crear%C3%A1%20un%20Consejo%20de%20la%20Sociedad%20Civil%20%28COSOC%29%20compuesto%20%C3%BAnicamente%20por%20estudiantes' aria-hidden='false' data-av_icon='\ue8f3' data-av_iconfont='entypo-fontello' title='' data-avia-related-tooltip='Compartir en Facebook' rel=\"noopener\"><span class='avia_hidden_link_text'>Compartir en Facebook<\/span><\/a><\/li><li class='av-share-link av-social-link-twitter' ><a target=\"_blank\" aria-label=\"Compartir en Twitter\" href='https:\/\/twitter.com\/share?text=Por%20primera%20vez%20se%20crear%C3%A1%20un%20Consejo%20de%20la%20Sociedad%20Civil%20%28COSOC%29%20compuesto%20%C3%BAnicamente%20por%20estudiantes&#038;url=https:\/\/radiorevelacionfm.cl\/?p=22899' aria-hidden='false' data-av_icon='\ue8f1' data-av_iconfont='entypo-fontello' title='' data-avia-related-tooltip='Compartir en Twitter' rel=\"noopener\"><span class='avia_hidden_link_text'>Compartir en Twitter<\/span><\/a><\/li><li class='av-share-link av-social-link-whatsapp' ><a target=\"_blank\" aria-label=\"Compartir en Whatsapp\" href='https:\/\/api.whatsapp.com\/send?text=https:\/\/radiorevelacionfm.cl\/?p=22899' aria-hidden='false' data-av_icon='\uf232' data-av_iconfont='entypo-fontello' title='' data-avia-related-tooltip='Compartir en Whatsapp' rel=\"noopener\"><span class='avia_hidden_link_text'>Compartir en Whatsapp<\/span><\/a><\/li><li class='av-share-link av-social-link-linkedin' ><a target=\"_blank\" aria-label=\"Compartir en LinkedIn\" href='https:\/\/linkedin.com\/shareArticle?mini=true&#038;title=Por%20primera%20vez%20se%20crear%C3%A1%20un%20Consejo%20de%20la%20Sociedad%20Civil%20%28COSOC%29%20compuesto%20%C3%BAnicamente%20por%20estudiantes&#038;url=https:\/\/radiorevelacionfm.cl\/?p=22899' aria-hidden='false' data-av_icon='\ue8fc' data-av_iconfont='entypo-fontello' title='' data-avia-related-tooltip='Compartir en LinkedIn' rel=\"noopener\"><span class='avia_hidden_link_text'>Compartir en LinkedIn<\/span><\/a><\/li><li class='av-share-link av-social-link-mail' ><a  aria-label=\"Compartir por correo\" href='mailto:?subject=Por%20primera%20vez%20se%20crear%C3%A1%20un%20Consejo%20de%20la%20Sociedad%20Civil%20%28COSOC%29%20compuesto%20%C3%BAnicamente%20por%20estudiantes&#038;body=https:\/\/radiorevelacionfm.cl\/?p=22899' aria-hidden='false' data-av_icon='\ue805' data-av_iconfont='entypo-fontello' title='' data-avia-related-tooltip='Compartir por correo'><span class='avia_hidden_link_text'>Compartir por correo<\/span><\/a><\/li><\/ul><\/div><\/div>\n<div  style='height:50px' class='hr hr-invisible   avia-builder-el-8  el_after_av_social_share  el_before_av_comments_list '><span class='hr-inner ' ><span class='hr-inner-style'><\/span><\/span><\/div>\n<div  class='av-buildercomment  av-blog-meta-html-info-disabled av-blog-meta-tag-disabled  '><\/div>\n","protected":false},"excerpt":{"rendered":"","protected":false},"author":1,"featured_media":22900,"comment_status":"open","ping_status":"open","sticky":false,"template":"","format":"standard","meta":{"footnotes":""},"categories":[49],"tags":[],"class_list":["post-22899","post","type-post","status-publish","format-standard","has-post-thumbnail","hentry","category-educacion"],"jetpack_featured_media_url":"https:\/\/radiorevelacionfm.cl\/wp-content\/uploads\/2022\/10\/COSOC-Estudiantes0-1-1.jpg","_links":{"self":[{"href":"https:\/\/radiorevelacionfm.cl\/index.php?rest_route=\/wp\/v2\/posts\/22899","targetHints":{"allow":["GET"]}}],"collection":[{"href":"https:\/\/radiorevelacionfm.cl\/index.php?rest_route=\/wp\/v2\/posts"}],"about":[{"href":"https:\/\/radiorevelacionfm.cl\/index.php?rest_route=\/wp\/v2\/types\/post"}],"author":[{"embeddable":true,"href":"https:\/\/radiorevelacionfm.cl\/index.php?rest_route=\/wp\/v2\/users\/1"}],"replies":[{"embeddable":true,"href":"https:\/\/radiorevelacionfm.cl\/index.php?rest_route=%2Fwp%2Fv2%2Fcomments&post=22899"}],"version-history":[{"count":2,"href":"https:\/\/radiorevelacionfm.cl\/index.php?rest_route=\/wp\/v2\/posts\/22899\/revisions"}],"predecessor-version":[{"id":22930,"href":"https:\/\/radiorevelacionfm.cl\/index.php?rest_route=\/wp\/v2\/posts\/22899\/revisions\/22930"}],"wp:featuredmedia":[{"embeddable":true,"href":"https:\/\/radiorevelacionfm.cl\/index.php?rest_route=\/wp\/v2\/media\/22900"}],"wp:attachment":[{"href":"https:\/\/radiorevelacionfm.cl\/index.php?rest_route=%2Fwp%2Fv2%2Fmedia&parent=22899"}],"wp:term":[{"taxonomy":"category","embeddable":true,"href":"https:\/\/radiorevelacionfm.cl\/index.php?rest_route=%2Fwp%2Fv2%2Fcategories&post=22899"},{"taxonomy":"post_tag","embeddable":true,"href":"https:\/\/radiorevelacionfm.cl\/index.php?rest_route=%2Fwp%2Fv2%2Ftags&post=22899"}],"curies":[{"name":"wp","href":"https:\/\/api.w.org\/{rel}","templated":true}]}}