{"id":22894,"date":"2022-10-12T09:58:57","date_gmt":"2022-10-12T12:58:57","guid":{"rendered":"https:\/\/radiorevelacionfm.cl\/?p=22894"},"modified":"2022-10-12T09:58:57","modified_gmt":"2022-10-12T12:58:57","slug":"senador-sandoval-y-parcelaciones-lo-que-buscamos-es-abrir-el-debate","status":"publish","type":"post","link":"https:\/\/radiorevelacionfm.cl\/?p=22894","title":{"rendered":"Senador Sandoval y parcelaciones: \u201cLo que buscamos es abrir el debate\u201d"},"content":{"rendered":"<div class=\"flex_column av_one_full  flex_column_div av-zero-column-padding first  avia-builder-el-0  el_before_av_one_full  avia-builder-el-first  \" style='border-radius:0px; '><div  class='avia-image-container  av-styling-    avia-builder-el-1  avia-builder-el-no-sibling  avia-align-center '  itemprop=\"image\" itemscope=\"itemscope\" itemtype=\"https:\/\/schema.org\/ImageObject\"  ><div class='avia-image-container-inner'><div class='avia-image-overlay-wrap'><img decoding=\"async\" class='wp-image-22895 avia-img-lazy-loading-not-22895 avia_image' src=\"https:\/\/radiorevelacionfm.cl\/wp-content\/uploads\/2022\/10\/SENADOR-SANDOVAL-14-1-1.jpg\" alt='' title='SENADOR SANDOVAL (14) (1) (1)' height=\"600\" width=\"750\"  itemprop=\"thumbnailUrl\" srcset=\"https:\/\/radiorevelacionfm.cl\/wp-content\/uploads\/2022\/10\/SENADOR-SANDOVAL-14-1-1.jpg 750w, https:\/\/radiorevelacionfm.cl\/wp-content\/uploads\/2022\/10\/SENADOR-SANDOVAL-14-1-1-300x240.jpg 300w, https:\/\/radiorevelacionfm.cl\/wp-content\/uploads\/2022\/10\/SENADOR-SANDOVAL-14-1-1-705x564.jpg 705w, https:\/\/radiorevelacionfm.cl\/wp-content\/uploads\/2022\/10\/SENADOR-SANDOVAL-14-1-1-600x480.jpg 600w\" sizes=\"(max-width: 750px) 100vw, 750px\" \/><\/div><\/div><\/div><\/div><div class=\"flex_column av_one_full  flex_column_div av-zero-column-padding first  avia-builder-el-2  el_after_av_one_full  el_before_av_one_full  column-top-margin\" style='border-radius:0px; '><section class=\"av_textblock_section \"  itemscope=\"itemscope\" itemtype=\"https:\/\/schema.org\/BlogPosting\" itemprop=\"blogPost\" ><div class='avia_textblock  '   itemprop=\"text\" ><p style=\"text-align: center;\"><strong><span style=\"font-size: 18pt;\">Senador Sandoval y parcelaciones: \u201cLo que buscamos es abrir el debate\u201d<\/span><\/strong><\/p>\n<div id=\"gtx-trans\" style=\"position: absolute; left: -50px; top: 4.31534px;\">\n<div class=\"gtx-trans-icon\"><\/div>\n<\/div>\n<\/div><\/section><\/div><div class=\"flex_column av_one_full  flex_column_div av-zero-column-padding first  avia-builder-el-4  el_after_av_one_full  el_before_av_hr  column-top-margin\" style='border-radius:0px; '><section class=\"av_textblock_section \"  itemscope=\"itemscope\" itemtype=\"https:\/\/schema.org\/BlogPosting\" itemprop=\"blogPost\" ><div class='avia_textblock  '   itemprop=\"text\" ><p style=\"text-align: justify;\">El Parlamentario encabez\u00f3 sesi\u00f3n de comisi\u00f3n de Vivienda, a la que asisti\u00f3 el ministro del MINVU, Carlos Montes, para continuar discusi\u00f3n sobre parcelaciones y c\u00f3mo se abordar\u00e1 una soluci\u00f3n de fondo<\/p>\n<p style=\"text-align: justify;\">\u201cLo que hacen estas tres mociones es abrir el debate\u201d. As\u00ed lo se\u00f1al\u00f3 el senador David Sandoval, al continuar la discusi\u00f3n sobre qu\u00e9 soluciones buscar para resolver el fondo del problema de las parcelaciones. Esto, en el marco de una nueva sesi\u00f3n de la comisi\u00f3n Vivienda de la C\u00e1mara Alta, instancia en la que particip\u00f3 el ministro del MINVU, Carlos Montes.<\/p>\n<p style=\"text-align: justify;\">Al respecto, el parlamentario insisti\u00f3 que desde el Senado, las tres iniciativas presentadas en el mes de agosto pasado, no pueden resolver por s\u00ed solas el tema, dada la limitaci\u00f3n legislativa que existe, lo cual hace necesario buscar caminos de soluci\u00f3n de manera conjunta. \u201cHaber hecho una propuesta legislativa distinta, habr\u00eda chocado con la admisibilidad, porque gran parte de lo que se puede hacer va a pasar necesariamente por la acci\u00f3n del Estado. Por lo tanto, lo que hacen estas tres mociones es abrir el debate. Y en ese sentido, tenemos un punto en com\u00fan (con el Ejecutivo), que es la voluntad de avanzar en una soluci\u00f3n integral\u201d, se\u00f1al\u00f3.<\/p>\n<p style=\"text-align: justify;\">En cuanto a una de las causas del problema, Sandoval reiter\u00f3 que el repoblamiento del mundo rural, a trav\u00e9s de este proceso de loteos, es reflejo de la necesidad de las personas de salir de la ciudad, buscando mejores condiciones para vivir. \u201cAl final de cuentas, todos los factores que se se\u00f1alan respecto de las inconveniencias que esto genera (las parcelaciones) en materia de residuos, electrificaci\u00f3n rural, de caminos, acceso, etc., es tambi\u00e9n reflejo de lo que pasa dentro de las propias ciudades, pues por algo las personas salen de la ciudad, buscando un camino alternativo\u201d, se\u00f1al\u00f3.<\/p>\n<p style=\"text-align: justify;\">Adem\u00e1s, respecto de la circular del SAG, record\u00f3 que la interpretaci\u00f3n que se hizo de ella fue que se buscaba la protecci\u00f3n del mundo rural, pero no est\u00e1 claro de qu\u00e9 manera se aborda aquello. \u201c\u00bfC\u00f3mo lo protegemos?, cuando hoy tenemos miles de hect\u00e1reas bajo propiedad rural que no est\u00e1n siendo explotadas econ\u00f3micamente. Hay un mundo en el \u00e1mbito rural, que, a pesar de estar ah\u00ed, la gente siente que no alcanza niveles de desarrollo adecuado\u201d, subray\u00f3.<\/p>\n<p style=\"text-align: justify;\">Por ello, enfatiz\u00f3 que es necesario pensar cu\u00e1l es el mejor enfoque para enfrentar esto, insistiendo en que se debe buscar un mecanismo que aborde el fondo del asunto, recalcando que todo esto que se ha generado \u201ces producto del fracaso de las pol\u00edticas p\u00fablicas tanto en el agro como en el \u00e1mbito de Vivienda\u201d.<\/p>\n<p style=\"text-align: justify;\">Finalmente y tras la sesi\u00f3n, el ministro Carlos Montes, se\u00f1al\u00f3 que \u201cha sido muy importante ubicar el debate en un marco m\u00e1s general\u201d, indicando que se est\u00e1 preparando un proyecto de ley, desde el Gobierno, que apunta al fondo de esta tem\u00e1tica, destacando que \u201caqu\u00ed hay una muy buena disposici\u00f3n de conversar estas cosas y tambi\u00e9n en el Ejecutivo\u201d.<\/p>\n<\/div><\/section><\/div><div  style='height:50px' class='hr hr-invisible   avia-builder-el-6  el_after_av_one_full  el_before_av_social_share '><span class='hr-inner ' ><span class='hr-inner-style'><\/span><\/span><\/div><\/p>\n<div  class='av-social-sharing-box  avia-builder-el-7  el_after_av_hr  el_before_av_hr  '><div class='av-share-box'><h5 class='av-share-link-description av-no-toc '>Compartir esta noticia<\/h5><ul class='av-share-box-list noLightbox'><li class='av-share-link av-social-link-facebook' ><a target=\"_blank\" aria-label=\"Compartir en Facebook\" href='https:\/\/www.facebook.com\/sharer.php?u=https:\/\/radiorevelacionfm.cl\/?p=22894&#038;t=Senador%20Sandoval%20y%20parcelaciones%3A%20%E2%80%9CLo%20que%20buscamos%20es%20abrir%20el%20debate%E2%80%9D' aria-hidden='false' data-av_icon='\ue8f3' data-av_iconfont='entypo-fontello' title='' data-avia-related-tooltip='Compartir en Facebook' rel=\"noopener\"><span class='avia_hidden_link_text'>Compartir en Facebook<\/span><\/a><\/li><li class='av-share-link av-social-link-twitter' ><a target=\"_blank\" aria-label=\"Compartir en Twitter\" href='https:\/\/twitter.com\/share?text=Senador%20Sandoval%20y%20parcelaciones%3A%20%E2%80%9CLo%20que%20buscamos%20es%20abrir%20el%20debate%E2%80%9D&#038;url=https:\/\/radiorevelacionfm.cl\/?p=22894' aria-hidden='false' data-av_icon='\ue8f1' data-av_iconfont='entypo-fontello' title='' data-avia-related-tooltip='Compartir en Twitter' rel=\"noopener\"><span class='avia_hidden_link_text'>Compartir en Twitter<\/span><\/a><\/li><li class='av-share-link av-social-link-whatsapp' ><a target=\"_blank\" aria-label=\"Compartir en Whatsapp\" href='https:\/\/api.whatsapp.com\/send?text=https:\/\/radiorevelacionfm.cl\/?p=22894' aria-hidden='false' data-av_icon='\uf232' data-av_iconfont='entypo-fontello' title='' data-avia-related-tooltip='Compartir en Whatsapp' rel=\"noopener\"><span class='avia_hidden_link_text'>Compartir en Whatsapp<\/span><\/a><\/li><li class='av-share-link av-social-link-linkedin' ><a target=\"_blank\" aria-label=\"Compartir en LinkedIn\" href='https:\/\/linkedin.com\/shareArticle?mini=true&#038;title=Senador%20Sandoval%20y%20parcelaciones%3A%20%E2%80%9CLo%20que%20buscamos%20es%20abrir%20el%20debate%E2%80%9D&#038;url=https:\/\/radiorevelacionfm.cl\/?p=22894' aria-hidden='false' data-av_icon='\ue8fc' data-av_iconfont='entypo-fontello' title='' data-avia-related-tooltip='Compartir en LinkedIn' rel=\"noopener\"><span class='avia_hidden_link_text'>Compartir en LinkedIn<\/span><\/a><\/li><li class='av-share-link av-social-link-mail' ><a  aria-label=\"Compartir por correo\" href='mailto:?subject=Senador%20Sandoval%20y%20parcelaciones%3A%20%E2%80%9CLo%20que%20buscamos%20es%20abrir%20el%20debate%E2%80%9D&#038;body=https:\/\/radiorevelacionfm.cl\/?p=22894' aria-hidden='false' data-av_icon='\ue805' data-av_iconfont='entypo-fontello' title='' data-avia-related-tooltip='Compartir por correo'><span class='avia_hidden_link_text'>Compartir por correo<\/span><\/a><\/li><\/ul><\/div><\/div>\n<div  style='height:50px' class='hr hr-invisible   avia-builder-el-8  el_after_av_social_share  el_before_av_comments_list '><span class='hr-inner ' ><span class='hr-inner-style'><\/span><\/span><\/div>\n<div  class='av-buildercomment  av-blog-meta-html-info-disabled av-blog-meta-tag-disabled  '><\/div>\n","protected":false},"excerpt":{"rendered":"","protected":false},"author":1,"featured_media":22895,"comment_status":"open","ping_status":"open","sticky":false,"template":"","format":"standard","meta":{"footnotes":""},"categories":[35],"tags":[],"class_list":["post-22894","post","type-post","status-publish","format-standard","has-post-thumbnail","hentry","category-politica"],"jetpack_featured_media_url":"https:\/\/radiorevelacionfm.cl\/wp-content\/uploads\/2022\/10\/SENADOR-SANDOVAL-14-1-1.jpg","_links":{"self":[{"href":"https:\/\/radiorevelacionfm.cl\/index.php?rest_route=\/wp\/v2\/posts\/22894","targetHints":{"allow":["GET"]}}],"collection":[{"href":"https:\/\/radiorevelacionfm.cl\/index.php?rest_route=\/wp\/v2\/posts"}],"about":[{"href":"https:\/\/radiorevelacionfm.cl\/index.php?rest_route=\/wp\/v2\/types\/post"}],"author":[{"embeddable":true,"href":"https:\/\/radiorevelacionfm.cl\/index.php?rest_route=\/wp\/v2\/users\/1"}],"replies":[{"embeddable":true,"href":"https:\/\/radiorevelacionfm.cl\/index.php?rest_route=%2Fwp%2Fv2%2Fcomments&post=22894"}],"version-history":[{"count":2,"href":"https:\/\/radiorevelacionfm.cl\/index.php?rest_route=\/wp\/v2\/posts\/22894\/revisions"}],"predecessor-version":[{"id":22922,"href":"https:\/\/radiorevelacionfm.cl\/index.php?rest_route=\/wp\/v2\/posts\/22894\/revisions\/22922"}],"wp:featuredmedia":[{"embeddable":true,"href":"https:\/\/radiorevelacionfm.cl\/index.php?rest_route=\/wp\/v2\/media\/22895"}],"wp:attachment":[{"href":"https:\/\/radiorevelacionfm.cl\/index.php?rest_route=%2Fwp%2Fv2%2Fmedia&parent=22894"}],"wp:term":[{"taxonomy":"category","embeddable":true,"href":"https:\/\/radiorevelacionfm.cl\/index.php?rest_route=%2Fwp%2Fv2%2Fcategories&post=22894"},{"taxonomy":"post_tag","embeddable":true,"href":"https:\/\/radiorevelacionfm.cl\/index.php?rest_route=%2Fwp%2Fv2%2Ftags&post=22894"}],"curies":[{"name":"wp","href":"https:\/\/api.w.org\/{rel}","templated":true}]}}